{"id":2623,"date":"2012-03-16T15:34:19","date_gmt":"2012-03-16T15:34:19","guid":{"rendered":"http:\/\/new.atmf.org\/?p=2623"},"modified":"2015-02-19T15:36:03","modified_gmt":"2015-02-19T14:36:03","slug":"atmf-bhl-fete-la-journee-des-2","status":"publish","type":"post","link":"http:\/\/www.atmf.org\/?p=2623","title":{"rendered":"ATMF BHL f\u00eate la Journ\u00e9e des Droits de la Femme"},"content":{"rendered":"<p>Dans le cadre de la Journ\u00e9e des Droits de la Femme, cette manifestation est organis\u00e9e par les structures suivantes\u00a0:<\/p>\n<p>ATMF-BHL<br \/>\nAssociation PAIS de Saint-Avold<\/p>\n<p>Avec le soutien de la<br \/>\nD\u00e9l\u00e9gation R\u00e9gionale aux Droits des Femmes<br \/>\nMairie de Saint-Avold<\/p>\n<p>Voir le programme :<\/p>\n<p>Historique du 8 mars<\/p>\n<p>C\u2019est le 8 mars 1910 que Clara ZETKIN, femme politique allemande, fit adopter au congr\u00e8s de Copenhague une r\u00e9solution proposant \u00ab\u00a0que les femmes de tous les pays organisent une journ\u00e9e des femmes\u00a0\u00bb.<\/p>\n<p>En France, depuis le 8 mars 1982, cette journ\u00e9e est c\u00e9l\u00e9br\u00e9e officiellement gr\u00e2ce \u00e0 Yvette ROUDY, Ministre des Droits des Femmes.<br \/>\nC\u2019est une journ\u00e9e de bilan, de sensibilisation, d\u2019initiatives de toutes sortes et d\u2019affirmation des revendications pour plus d\u2019\u00e9galit\u00e9 entre les hommes et les femmes.<br \/>\n===================================================<\/p>\n<p>Programme de l&rsquo;apr\u00e8s-midi du mardi 27 mars 2012<br \/>\nau Centre Socioculturel de Saint-Avold<\/p>\n<p>14h00\u00a0: Accueil du public<\/p>\n<p>14h15 : Mot d&rsquo;introduction de la coordinatrice sociale de l&rsquo;ATMF-BHL<\/p>\n<p>14h20 : T\u00e9moignages d&rsquo;apprenants sur leur vision de la place de la femme dans leur pays d&rsquo;origine<\/p>\n<p>14h35\u00a0: Quiz sur l&rsquo;\u00e9volution des droits de la femme<\/p>\n<p>15h05 : Intervention de Mme Hamhami, r\u00e9f\u00e9rente de l&rsquo;espace femmes citoyennes de l&rsquo;ATMF d&rsquo;Argenteuil, sur l&rsquo;\u00e9volution des droits des femmes et plus particuli\u00e8rement des femmes immigr\u00e9es turques et maghr\u00e9bines<\/p>\n<p>15h35 : Pot de l&rsquo;amiti\u00e9 et g\u00e2teaux accompagn\u00e9s de musiques du monde<\/p>\n<p>&lt;img750|center&gt;<\/p>\n","protected":false},"excerpt":{"rendered":"<p>Dans le cadre de la Journ\u00e9e des Droits de la Femme, cette manifestation est organis\u00e9e par les structures suivantes\u00a0: ATMF-BHL Association PAIS de Saint-Avold Avec le soutien de la D\u00e9l\u00e9gation R\u00e9gionale aux Droits des Femmes Mairie de Saint-Avold Voir le &hellip; <a href=\"http:\/\/www.atmf.org\/?p=2623\">Continue reading <span class=\"meta-nav\">&rarr;<\/span><\/a><\/p>\n","protected":false},"author":1,"featured_media":0,"comment_status":"closed","ping_status":"closed","sticky":false,"template":"","format":"standard","meta":{"ngg_post_thumbnail":0,"_monsterinsights_skip_tracking":false,"_monsterinsights_sitenote_active":false,"_monsterinsights_sitenote_note":"","_monsterinsights_sitenote_category":0,"footnotes":""},"categories":[92,107],"tags":[],"class_list":["post-2623","post","type-post","status-publish","format-standard","hentry","category-bhl","category-droit-des-femmes"],"_links":{"self":[{"href":"http:\/\/www.atmf.org\/index.php?rest_route=\/wp\/v2\/posts\/2623","targetHints":{"allow":["GET"]}}],"collection":[{"href":"http:\/\/www.atmf.org\/index.php?rest_route=\/wp\/v2\/posts"}],"about":[{"href":"http:\/\/www.atmf.org\/index.php?rest_route=\/wp\/v2\/types\/post"}],"author":[{"embeddable":true,"href":"http:\/\/www.atmf.org\/index.php?rest_route=\/wp\/v2\/users\/1"}],"replies":[{"embeddable":true,"href":"http:\/\/www.atmf.org\/index.php?rest_route=%2Fwp%2Fv2%2Fcomments&post=2623"}],"version-history":[{"count":1,"href":"http:\/\/www.atmf.org\/index.php?rest_route=\/wp\/v2\/posts\/2623\/revisions"}],"predecessor-version":[{"id":3304,"href":"http:\/\/www.atmf.org\/index.php?rest_route=\/wp\/v2\/posts\/2623\/revisions\/3304"}],"wp:attachment":[{"href":"http:\/\/www.atmf.org\/index.php?rest_route=%2Fwp%2Fv2%2Fmedia&parent=2623"}],"wp:term":[{"taxonomy":"category","embeddable":true,"href":"http:\/\/www.atmf.org\/index.php?rest_route=%2Fwp%2Fv2%2Fcategories&post=2623"},{"taxonomy":"post_tag","embeddable":true,"href":"http:\/\/www.atmf.org\/index.php?rest_route=%2Fwp%2Fv2%2Ftags&post=2623"}],"curies":[{"name":"wp","href":"https:\/\/api.w.org\/{rel}","templated":true}]}}