{"id":4402,"date":"2015-10-29T10:21:33","date_gmt":"2015-10-29T09:21:33","guid":{"rendered":"http:\/\/www.atmf.org\/?p=4402"},"modified":"2015-11-02T10:26:31","modified_gmt":"2015-11-02T09:26:31","slug":"50e-anniversaire-de-lenlevement-de-mehdi-ben-barka","status":"publish","type":"post","link":"http:\/\/www.atmf.org\/?p=4402","title":{"rendered":"50e anniversaire de l&rsquo;enl\u00e8vement de Mehdi Ben Barka \u00e0 Strasbourg"},"content":{"rendered":"<p><b><span style=\"color: #274e13; font-size: large;\"><img loading=\"lazy\" decoding=\"async\" class=\"aligncenter size-medium wp-image-4403\" src=\"http:\/\/www.atmf.org\/wp-content\/uploads\/2015\/10\/Ben_Barka_equation_marocaine-1-300x226.jpg\" alt=\"Ben_Barka_equation_marocaine-1\" width=\"300\" height=\"226\" data-wp-pid=\"4403\" srcset=\"http:\/\/www.atmf.org\/wp-content\/uploads\/2015\/10\/Ben_Barka_equation_marocaine-1-300x226.jpg 300w, http:\/\/www.atmf.org\/wp-content\/uploads\/2015\/10\/Ben_Barka_equation_marocaine-1-1024x773.jpg 1024w, http:\/\/www.atmf.org\/wp-content\/uploads\/2015\/10\/Ben_Barka_equation_marocaine-1-800x604.jpg 800w, http:\/\/www.atmf.org\/wp-content\/uploads\/2015\/10\/Ben_Barka_equation_marocaine-1.jpg 1413w\" sizes=\"auto, (max-width: 300px) 100vw, 300px\" \/><\/span><\/b><\/p>\n<p>&nbsp;<\/p>\n<p><b><span style=\"color: #274e13; font-size: large;\">Le 29 octobre 2015, nous comm\u00e9morons les 50 ans de l&rsquo;enl\u00e8vement et de l&rsquo;assassinat de Mehdi Ben Barka,\u00a0<\/span><\/b><\/p>\n<p><b><span style=\"color: #274e13; font-size: large;\">figure de proue politique du Maroc et du Tiers-Monde.<\/span><\/b><\/p>\n<p>Son parcours a \u00e9t\u00e9 marqu\u00e9 par des \u00e9volutions rapides : de 1945 \u00e0 son enl\u00e8vement puis son assassinat \u00e0 Paris en 1965, Ben Barka n&rsquo;a cess\u00e9 de lutter pour la dignit\u00e9 et le droit \u00e0 l&rsquo;autod\u00e9termination des peuples. Il a connu un c<span class=\"\">heminement militant qui a fait de lui, \u00e0 l&rsquo;instar de Malcolm X, Patrice Lumumba, Che Guevara, Amilcar Cabral, Thomas Sankara et de tant d&rsquo;autres assassin\u00e9s, un homme dangereux pour les puissants de ce monde. Cet automne-l\u00e0, il \u00e9tait en train de coordonner, sur le plan international, l\u2019organisation \u00e0 Cuba de la premi\u00e8re conf\u00e9rence de solidarit\u00e9 des peuples d\u2019Afrique, Asie et Am\u00e9rique latine.<\/span><\/p>\n<div class=\"\">\n<p>Les services secrets marocains, fran\u00e7ais, isra\u00e9liens et am\u00e9ricains ont collabor\u00e9 pour l\u2019\u00e9limination de ce militant infatigable qui devenait plus que g\u00eanant pour les uns et les autres.<\/p>\n<p>Aujourd\u2019hui la v\u00e9rit\u00e9 n\u2019a toujours pas \u00e9t\u00e9 faite sur les conditions exactes de sa disparition.<br \/>\nTout comme les signataires du \u00ab Manifeste pour la V\u00e9rit\u00e9 dans l\u2019affaire Ben Barka\u00bb, \u00ab nous refusons que, au bout de 50 ans, le manque de volont\u00e9 politique aboutisse \u00e0 l\u2019enfouissement du<br \/>\ndossier judiciaire, \u00e0 une seconde mort de Ben Barka et \u00e0 l\u2019impunit\u00e9 des criminels. \u00bb<\/p>\n<p><b><span style=\"color: #0000ff; font-size: large;\">Lundi 9 novembre 2015, \u00e0 la Maison des Syndicats de Strasbourg, une exposition sera visible \u00e0 partir de 14h, le film \u00ab Ben Barka :\u00a0<\/span><\/b><\/p>\n<p><b><span style=\"color: #0000ff; font-size: large;\">une \u00e9quation marocaine \u00bb sera projet\u00e9 \u00e0 20h, suivi d\u2019un d\u00e9bat en pr\u00e9sence de son fils Bachir Ben Barka.<\/span><\/b><\/p>\n<p>Pour toute information suppl\u00e9mentaire :<br \/>\n&#8211; Alexandre Papadopoulos : 07 53 70 31 60<br \/>\n&#8211; Antonio Gomez : 06 27 16 16 57<\/p>\n<p><b>Le collectif \u00ab D\u2019ailleurs nous sommes d\u2019ici \u00bb dont fait partie l&rsquo;ATMF<\/b><\/p>\n<p>&nbsp;<\/p>\n<p>Le communiqu\u00e9 de presse en version PDF :\u00a0<a href=\"http:\/\/www.atmf.org\/wp-content\/uploads\/2015\/10\/Communiqu\u00e9-de-presse-du-28-octobre-2015-1.pdf\">Communiqu\u00e9 de presse du 28 octobre 2015 (1)<\/a><\/p>\n<\/div>\n","protected":false},"excerpt":{"rendered":"<p>&nbsp; Le 29 octobre 2015, nous comm\u00e9morons les 50 ans de l&rsquo;enl\u00e8vement et de l&rsquo;assassinat de Mehdi Ben Barka,\u00a0 figure de proue politique du Maroc et du Tiers-Monde. Son parcours a \u00e9t\u00e9 marqu\u00e9 par des \u00e9volutions rapides : de 1945 &hellip; <a href=\"http:\/\/www.atmf.org\/?p=4402\">Continue reading <span class=\"meta-nav\">&rarr;<\/span><\/a><\/p>\n","protected":false},"author":1,"featured_media":0,"comment_status":"closed","ping_status":"closed","sticky":false,"template":"","format":"standard","meta":{"ngg_post_thumbnail":0,"_monsterinsights_skip_tracking":false,"_monsterinsights_sitenote_active":false,"_monsterinsights_sitenote_note":"","_monsterinsights_sitenote_category":0,"footnotes":""},"categories":[105,82,83],"tags":[],"class_list":["post-4402","post","type-post","status-publish","format-standard","hentry","category-strasbourg","category-communiques","category-mehdi-ben-barka"],"_links":{"self":[{"href":"http:\/\/www.atmf.org\/index.php?rest_route=\/wp\/v2\/posts\/4402","targetHints":{"allow":["GET"]}}],"collection":[{"href":"http:\/\/www.atmf.org\/index.php?rest_route=\/wp\/v2\/posts"}],"about":[{"href":"http:\/\/www.atmf.org\/index.php?rest_route=\/wp\/v2\/types\/post"}],"author":[{"embeddable":true,"href":"http:\/\/www.atmf.org\/index.php?rest_route=\/wp\/v2\/users\/1"}],"replies":[{"embeddable":true,"href":"http:\/\/www.atmf.org\/index.php?rest_route=%2Fwp%2Fv2%2Fcomments&post=4402"}],"version-history":[{"count":2,"href":"http:\/\/www.atmf.org\/index.php?rest_route=\/wp\/v2\/posts\/4402\/revisions"}],"predecessor-version":[{"id":4409,"href":"http:\/\/www.atmf.org\/index.php?rest_route=\/wp\/v2\/posts\/4402\/revisions\/4409"}],"wp:attachment":[{"href":"http:\/\/www.atmf.org\/index.php?rest_route=%2Fwp%2Fv2%2Fmedia&parent=4402"}],"wp:term":[{"taxonomy":"category","embeddable":true,"href":"http:\/\/www.atmf.org\/index.php?rest_route=%2Fwp%2Fv2%2Fcategories&post=4402"},{"taxonomy":"post_tag","embeddable":true,"href":"http:\/\/www.atmf.org\/index.php?rest_route=%2Fwp%2Fv2%2Ftags&post=4402"}],"curies":[{"name":"wp","href":"https:\/\/api.w.org\/{rel}","templated":true}]}}