{"id":5102,"date":"2016-07-21T16:45:17","date_gmt":"2016-07-21T14:45:17","guid":{"rendered":"http:\/\/www.atmf.org\/?p=5102"},"modified":"2016-07-27T16:48:38","modified_gmt":"2016-07-27T14:48:38","slug":"contre-le-terrorisme-resister-et-contribuer-a-chercher-des-alternatives","status":"publish","type":"post","link":"http:\/\/www.atmf.org\/?p=5102","title":{"rendered":"Contre le Terrorisme : r\u00e9sister et contribuer \u00e0 chercher des alternatives"},"content":{"rendered":"<p>L\u2019Association des Travailleurs Maghr\u00e9bins de France salue, avec respect, la m\u00e9moire des victimes du massacre qui a fait 84 morts et des dizaines de bless\u00e9s \u00e0 Nice le soir du 14 juillet 2016 dont plusieurs enfants.<\/p>\n<p>Nous partageons la douleur des familles, des proches des morts et des bless\u00e9s endeuill\u00e9s pour longtemps.<\/p>\n<p>Nous nous associons \u00e0 l\u2019expression des condamnations unanimes venues du monde entier et \u00e0 la solidarit\u00e9 internationale devant l\u2019innommable qui a frapp\u00e9 encore une fois des innocents, perp\u00e9tr\u00e9, encore une fois dans des lieux de vie en commun, des lieux de partage, de liens humains et de libert\u00e9. La r\u00e9action \u00e9mue, solidaire, de r\u00e9sistance du peuple est unanime.<\/p>\n<p>La journ\u00e9e embl\u00e9matique de la r\u00e9volution, le 14 juillet, est d\u00e9sormais marqu\u00e9e par l\u2019horreur indicible.<\/p>\n<p>Il est av\u00e9r\u00e9 que l\u2019acte infernal est pr\u00e9m\u00e9dit\u00e9. Il s\u2019inspire et s\u2019inscrit dans la propagande de l\u2019\u00e9tat-de fait, Daech, qui le revendique apr\u00e8s coup mais qui le revendique en tant que tel.<\/p>\n<p>Les enqu\u00eates et les sp\u00e9cialistes montreront le profil, de type singulier de l\u2019auteur de ce massacre, au moins pour l\u2019essentiel. Crapuleux, malade mental, terroriste, ou tout \u00e0 la fois, \u00e0 l\u2019acte criminel peuvent s\u2019ajouter d\u2019autres dimensions, cernables ou non. Une constante est l\u00e0 : le formatage des esprits pr\u00e9dispos\u00e9s \u00e0 semer la mort collective. A un autre degr\u00e9 de la chaine mortif\u00e8re, la manipulation des pulsions complexes, profondes et redoutables de l\u2019\u00eatre humain, se r\u00e9v\u00e8le aujourd\u2019hui avec le tueur de Nice. Sa \u00ab radicalisation toute r\u00e9cente \u00bb n\u2019est peut \u00eatre que la surface visible de la v\u00e9rit\u00e9 de cette complexit\u00e9. Complexit\u00e9 de nature impr\u00e9visible, f\u00e9roce, individuelle, avec ou sans r\u00e9seau.<\/p>\n<p>Donner la mort est l\u2019ADN de Daech. Viser des collectifs, des masses, des populations pour des choix qui op\u00e8rent sur le mode g\u00e9nocidaire, en tant que vision politique globale des cerveaux qui l\u2019installent dans la dur\u00e9e pour hyst\u00e9riser leurs troupes. Les extr\u00eames droites et les droites extr\u00eames en Europe, en particulier en France, sont \u00e0 la fois capt\u00e9es et instrumentalisent \u00e0 leur tour les massacres d\u2019innocents pour alimenter leurs programmes de haines, de rejets, d\u2019amalgames, du tout-s\u00e9curitaire, de mesures liberticides sans pr\u00e9c\u00e9dent. L\u2019esprit des mots \u00ab c\u2019est eux ou nous \u00bb dans la boucle de l\u2019extr\u00eame droite et la droite d\u00e9borde sa lettre, au point de rendre public une proposition de loi de l\u00e9gitimation du port d\u2019armes. C\u2019est du pain b\u00e9ni pour Daech et des milices hors du droit en France et dans toute l\u2019Europe qui, en visant la d\u00e9stabilisation des soci\u00e9t\u00e9s et des institutions en Europe, veut dresser les communaut\u00e9s les unes contre les autres.<\/p>\n<p>Au lendemain de l\u2019attentat de Nice, l\u2019Elys\u00e9e avait promis \u00ab d\u2019intensifier ses frappes en Syrie et en Iraq pour frapper ceux qui nous menacent \u00bb. Le 18 juillet 2016, plus de 120 civils innocents seront tu\u00e9s par un raid de la coalition internationale.<\/p>\n<p>Par ailleurs, un ailleurs si pr\u00e8s et si visible d\u2019ici, cach\u00e9 ou rendu inaudible par les pouvoirs et les m\u00e9dias majoritaires qui leurs sont soumis, c\u2019est une v\u00e9ritable guerre, con\u00e7ue\u00a0 totale, innommable que ce nouvel ennemi de l\u2019humanit\u00e9 m\u00e8ne d\u2019abord \u00e0 partir de son berceau et dans son berceau, le Cham (Palestine, Irak, Syrie, Jordanie, Liban ), c\u2019est une v\u00e9ritable guerre de colonisation, d\u2019occupation, d\u2019oppression, de pillage du sol et du sous-sol, dans un seul but, soumettre sous son joug les peuples ou exterminer les populations qui y r\u00e9sistent ou les d\u00e9porter. Sous d\u2019autres formes, l\u2019horreur est propag\u00e9e au Maghreb, en Afrique, en particulier en Lybie dont il veut faire son prochain territoire, une nouvelle base arm\u00e9e de sa politique de domination et de destruction.<\/p>\n<p>Jamais les peuples arabes ou africains des r\u00e9gions o\u00f9 il frappe n\u2019ont subi, il faut le dire et rappeler, de telles formes g\u00e9nocidaires dans leur histoire.<\/p>\n<p>L\u2019origine principale est loin et directement li\u00e9e \u00e0 l\u2019invasion de l\u2019Iraq par l\u2019armada am\u00e9ricaine et ses alli\u00e9s (par choix et \/ou oblig\u00e9s, dont le gouvernement socialiste en France) qui prive le peuple Irakien des denr\u00e9es de base et des infrastructures de base. La destruction de l\u2019Etat en Irak a commenc\u00e9 l\u00e0, en 1991. Une autre agression la suit en 2003, toujours sous le commandement des U.S.A \u00ab Axe du mal \u00bb et \u00ab les Etats Voyous \u00bb de Bush p\u00e8re et fils trouvent dans les livres \u00ab la fin de l\u2019histoire \u00bb et \u00ab le choc des civilisations \u00bb, dans le sillage de la chute de l\u2019URSS, la feuille de route du d\u00e9membrement de l\u2019Irak qui ne finit pas de sombrer avec son peuple. Les peuples de la r\u00e9gion vivent sous la m\u00eame menace &#8211; sauf bien entendu l\u2019Etat d\u2019Isra\u00ebl qui, au contraire est confort\u00e9 et encourag\u00e9 dans sa politique d\u2019apartheid et d\u2019occupation coloniale des territoires palestiniens.<\/p>\n<p>Sans oublier le r\u00f4le que jouent les p\u00e9trodollars du Golfe et leurs Etats en particulier l\u2019Etat Wahhabite de l\u2019Arabie Saoudite .Tous sous la botte am\u00e9ricaine et ses bases am\u00e9ricaines co-dirig\u00e9es par la C.I.A, ces Etats f\u00e9odaux font tout pour emp\u00eacher les Etats voisins \u00e0 se stabiliser ou \u00e0 se reconstruire.<\/p>\n<p>Livr\u00e9s \u00e0 eux-m\u00eames, abandonn\u00e9s par leurs Etats corrompus, d\u00e9chir\u00e9s par les guerres fratricides paup\u00e9ris\u00e9s \u00e0 l\u2019extr\u00eame, continuellement d\u00e9plac\u00e9s, les peuples Arabes subissent cet enfer nuit et jour.<\/p>\n<p>Cette vie qui est \u00e0 peine une survie est marqu\u00e9e \u00e0 l\u2019encre rouge par une mondialisation des humiliations, des frustrations, des avenirs bouch\u00e9s. Un lot quotidien qui ne peut que nourrir un ressentiment litt\u00e9ralement abyssal. La mort en masse en M\u00e9diterran\u00e9e n\u2019en est que la partie visible de l\u2019iceberg.<\/p>\n<p>Il est dangereux, de croire et de faire croire, en particulier \u00e0 la jeunesse, que \u00ab cela \u00bb est loin de \u00ab chez nous \u00bb.<\/p>\n<p>Tous les \u00eatres vivants savent ou ressentent ce que souffrir est. Les populations de l\u2019immigration poste-coloniale et ceux qui en sont issues des banlieues ghetto\u00efs\u00e9es et d\u00e9structur\u00e9es par les discriminations et le ch\u00f4mage de masse, notamment, vivent dans leur chaire, directement, l\u2019horreur des vies agonisantes ou en sursis de morts insoutenable. C\u2019est le terreau du ressentiment qui m\u00e8ne \u00e0 l\u2019irr\u00e9parable. La France a fait le choix d\u00e9sastreux de ne pas r\u00e9gler le contentieux de son pass\u00e9 colonial avec les peuples qu\u2019elle a colonis\u00e9s.<\/p>\n<p>Jusqu\u2019 o\u00f9 vont aller Les Etats-va- en- guerre, encore actuellement men\u00e9s par les USA, fondamentalement bellicistes, qui financent leurs guerres par la course \u00e0 la vente des armes, des chantiers gigantesques des reconstructions, des industries mondiales du p\u00e9trole et du sol, des partages de dominations r\u00e9gionales et g\u00e9o-strat\u00e9giques<\/p>\n<p>Nourris par ces int\u00e9r\u00eats vertigineux, les Etats qui interviennent contre Daech sur des territoires spoli\u00e9s, le font aussi pour des raisons g\u00e9o-\u00e9conomico-politiques \u00a0\u2013 c\u2019est \u00e9vident. Et, les bombes ciblant un terroriste ou un groupe d\u2019entre eux, ne peut \u00e9viter les civiles \u2013 c\u2019est \u00e9vident aussi. S\u2019il n\u2019y a pas de guerre propre, une guerre l\u00e9gitim\u00e9e par la s\u00e9curit\u00e9 \u00e0 laquelle sont attach\u00e9s tous les habitants de la terre, ne peut se livrer que strictement dans le respect inconditionnel du droit international, m\u00eame s\u2019il est loin d\u2019\u00eatre parfait en raison des rapports de force qui le constituent (voir les r\u00e9solutions de l\u2019ONU jamais appliqu\u00e9es par Isra\u00ebl).<\/p>\n<p>C\u2019est ces raisons que nous r\u00e9affirmons, avec d\u2019autres, ici et ailleurs, qu\u2019une vie humaine est une vie humaine. Du Soudan ou du Nigeria, de Syrie ou d\u2019Irak, de France ou de Belgique, chaque vie est \u00e0 la fois la m\u00eame et unique.<\/p>\n<p>Nous ne pouvons, donc, que r\u00e9affirmer nos convictions, avec de v\u00e9ritable soci\u00e9t\u00e9s civiles, sur la n\u00e9cessit\u00e9 absolue de construire des alternatives par la paix en tant que projet politique global de l\u2019humanit\u00e9 dans la s\u00e9curit\u00e9 de tous et prot\u00e9g\u00e9 par des Etats de droit dignes de ce nom dans le cadre de d\u00e9mocraties ouvertes \u00e0 toutes et \u00e0 tous. Cela suppose la rupture nette avec les r\u00e9gimes corrompus et tyranniques du Proche Orient, comme une condition politique majeure. Cela suppose en m\u00eame temps de donner les moyens de mobilisation aux peuples pour reconstruire des projets d\u00e9mocratiques. Les peuples concern\u00e9s directement sont les plus \u00e0 m\u00eame de combattre l\u2019organisation mafieuse de Daech. Cela suppose aussi, en termes de moyens, que l\u2019occident paye son confort, un confort insultant et humiliant des peuples qu\u2019il a paup\u00e9ris\u00e9 sur leur propre sol. L\u2019argent en tant que nerf de la guerre, oui \u00e0 la guerre contre les in\u00e9galit\u00e9s, oui pour un nouveau type de plan Marshall du partage des richesses.<\/p>\n<p>Nous consid\u00e9rons plus que jamais que face \u00e0 la terreur, la contre terreur est contre-productive. La guerre provoque et\/ou amplifie d\u2019autres guerres.<\/p>\n<p>Seule une politique de paix digne de ce nom est et restera le projet de l\u2019Humanit\u00e9 tel que le r\u00eavent au quotidien et en pratique tous les peuples de la Terre.<\/p>\n<p>Paris le 21 juillet 2016<\/p>\n<p>Le C.A National de l\u2019ATMF<\/p>\n<p><a href=\"http:\/\/www.atmf.org\/wp-content\/uploads\/2016\/07\/Atmf-Contre-le-terrorisme-communiqu\u00e9-du-21-juillet-2016.pdf\" rel=\"\">Atmf &#8211; Contre le terrorisme communiqu\u00e9 du 21 juillet 2016<\/a><\/p>\n","protected":false},"excerpt":{"rendered":"<p>L\u2019Association des Travailleurs Maghr\u00e9bins de France salue, avec respect, la m\u00e9moire des victimes du massacre qui a fait 84 morts et des dizaines de bless\u00e9s \u00e0 Nice le soir du 14 juillet 2016 dont plusieurs enfants. Nous partageons la douleur &hellip; <a href=\"http:\/\/www.atmf.org\/?p=5102\">Continue reading <span class=\"meta-nav\">&rarr;<\/span><\/a><\/p>\n","protected":false},"author":1,"featured_media":0,"comment_status":"closed","ping_status":"closed","sticky":false,"template":"","format":"standard","meta":{"ngg_post_thumbnail":0,"_monsterinsights_skip_tracking":false,"_monsterinsights_sitenote_active":false,"_monsterinsights_sitenote_note":"","_monsterinsights_sitenote_category":0,"footnotes":""},"categories":[82],"tags":[219,220,218,186,216,217],"class_list":["post-5102","post","type-post","status-publish","format-standard","hentry","category-communiques","tag-14-juillet","tag-humanite","tag-nice","tag-syrie","tag-terrorisme","tag-victimes"],"_links":{"self":[{"href":"http:\/\/www.atmf.org\/index.php?rest_route=\/wp\/v2\/posts\/5102","targetHints":{"allow":["GET"]}}],"collection":[{"href":"http:\/\/www.atmf.org\/index.php?rest_route=\/wp\/v2\/posts"}],"about":[{"href":"http:\/\/www.atmf.org\/index.php?rest_route=\/wp\/v2\/types\/post"}],"author":[{"embeddable":true,"href":"http:\/\/www.atmf.org\/index.php?rest_route=\/wp\/v2\/users\/1"}],"replies":[{"embeddable":true,"href":"http:\/\/www.atmf.org\/index.php?rest_route=%2Fwp%2Fv2%2Fcomments&post=5102"}],"version-history":[{"count":1,"href":"http:\/\/www.atmf.org\/index.php?rest_route=\/wp\/v2\/posts\/5102\/revisions"}],"predecessor-version":[{"id":5104,"href":"http:\/\/www.atmf.org\/index.php?rest_route=\/wp\/v2\/posts\/5102\/revisions\/5104"}],"wp:attachment":[{"href":"http:\/\/www.atmf.org\/index.php?rest_route=%2Fwp%2Fv2%2Fmedia&parent=5102"}],"wp:term":[{"taxonomy":"category","embeddable":true,"href":"http:\/\/www.atmf.org\/index.php?rest_route=%2Fwp%2Fv2%2Fcategories&post=5102"},{"taxonomy":"post_tag","embeddable":true,"href":"http:\/\/www.atmf.org\/index.php?rest_route=%2Fwp%2Fv2%2Ftags&post=5102"}],"curies":[{"name":"wp","href":"https:\/\/api.w.org\/{rel}","templated":true}]}}