{"id":5197,"date":"2016-10-11T12:58:25","date_gmt":"2016-10-11T10:58:25","guid":{"rendered":"http:\/\/www.atmf.org\/?p=5197"},"modified":"2016-10-11T12:58:25","modified_gmt":"2016-10-11T10:58:25","slug":"lexposition-sur-mehdi-ben-barka","status":"publish","type":"post","link":"http:\/\/www.atmf.org\/?p=5197","title":{"rendered":"L\u2019exposition sur Mehdi Ben Barka"},"content":{"rendered":"<p>\u2018\u2019Mehdi Ben Barka un r\u00e9sistant ,ouvert sur l\u2019avenir du Monde que Saint Denis se doit d\u2019honorer\u2019\u2019 telles sont les conclusions des participants \u00e0 la rencontre qui s\u2019est tenue \u00e0 la maison des associations dans le but de faire connaitre cet homme exceptionnel ouvert sur le monde. Entre autres responsabilit\u00e9s, Mehdi Ben Barka fut membre du \u2019\u2019Comit\u00e9 ex\u00e9cutif de la conf\u00e9rence des peuples Africains et de l\u2019organisation de Solidarit\u00e9 des Peuples Afro-asiatiques \u2018\u2019(appel\u00e9 \u2018\u2019 la Tricontinentale\u2019\u2019)<\/p>\n<p>La pr\u00e9sence de militants des associations de saint Denis et des associations marocaines ainsi que la pr\u00e9sentation de l\u2019exposition1 par Bachir le fils de Mehdi Ben Barka ont soulign\u00e9 l\u2019importance de rappeler la m\u00e9moire d\u2019un tel homme dont l\u2019action 50 ans apr\u00e8s son enl\u00e8vement \u00e0 Paris reste tout \u00e0 fait d\u2019actualit\u00e9\u2026.<\/p>\n<p>Le 22 juin 2015 le conseil municipal de saint Denis avait adopt\u00e9 \u2018\u2019 le principe de donner le nom de Mehdi Ben Barka \u00e0 un espace public de la ville\u2019\u2019 en hommage \u00e0 cet homme politique \u00e0 la renomm\u00e9e internationale \u2026<\/p>\n<p>les personnalit\u00e9s et les associations pr\u00e9sentes \u00e0 cette exposition ont d\u00e9cid\u00e9 de s\u2019adresser \u00e0 la municipalit\u00e9 ainsi qu\u2019aux associations regroup\u00e9es au sein du collectif \u2019\u2019Saint Denis solidaire et antiraciste\u2019\u2019 pour que la ville de saint Denis, fid\u00e8le \u00e0 sa tradition de solidarit\u00e9 internationale, fasse connaitre clairement sa fiert\u00e9 de valoriser un homme qui a tant contribu\u00e9 \u00e0 la paix et \u00e0 la justice dans le monde m\u00eame au p\u00e9ril de sa vie.<\/p>\n<p>Dans ces temps o\u00f9 l\u2019immigr\u00e9, le r\u00e9fugi\u00e9 n\u2019est pas le bienvenu en Europe \u2026 M\u00eame en France, Patrie des droits de l\u2019homme o\u00f9 la droite et le front national engagent des pol\u00e9miques abjectes\u2026 dans ces temps l\u00e0, la ville de saint Denis s\u2019honorerait de valoriser cet homme politique au grand c\u0153ur, artisan de la paix et de la justice dans le monde.<\/p>\n<p>Plus d&rsquo;information cilquez sur ce lien \u00a0:\u00a0<a href=\"http:\/\/www.atmf.org\/wp-content\/uploads\/2016\/10\/7-10-2016-cr-rencontre-expo-maison-des-association.pdf\" rel=\"\">7-10-2016-cr-rencontre-expo-maison-des-association<\/a><\/p>\n<p style=\"text-align: center;\">\n","protected":false},"excerpt":{"rendered":"<p>\u2018\u2019Mehdi Ben Barka un r\u00e9sistant ,ouvert sur l\u2019avenir du Monde que Saint Denis se doit d\u2019honorer\u2019\u2019 telles sont les conclusions des participants \u00e0 la rencontre qui s\u2019est tenue \u00e0 la maison des associations dans le but de faire connaitre cet &hellip; <a href=\"http:\/\/www.atmf.org\/?p=5197\">Continue reading <span class=\"meta-nav\">&rarr;<\/span><\/a><\/p>\n","protected":false},"author":1,"featured_media":0,"comment_status":"closed","ping_status":"closed","sticky":false,"template":"","format":"standard","meta":{"ngg_post_thumbnail":0,"_monsterinsights_skip_tracking":false,"_monsterinsights_sitenote_active":false,"_monsterinsights_sitenote_note":"","_monsterinsights_sitenote_category":0,"footnotes":""},"categories":[83],"tags":[],"class_list":["post-5197","post","type-post","status-publish","format-standard","hentry","category-mehdi-ben-barka"],"_links":{"self":[{"href":"http:\/\/www.atmf.org\/index.php?rest_route=\/wp\/v2\/posts\/5197","targetHints":{"allow":["GET"]}}],"collection":[{"href":"http:\/\/www.atmf.org\/index.php?rest_route=\/wp\/v2\/posts"}],"about":[{"href":"http:\/\/www.atmf.org\/index.php?rest_route=\/wp\/v2\/types\/post"}],"author":[{"embeddable":true,"href":"http:\/\/www.atmf.org\/index.php?rest_route=\/wp\/v2\/users\/1"}],"replies":[{"embeddable":true,"href":"http:\/\/www.atmf.org\/index.php?rest_route=%2Fwp%2Fv2%2Fcomments&post=5197"}],"version-history":[{"count":1,"href":"http:\/\/www.atmf.org\/index.php?rest_route=\/wp\/v2\/posts\/5197\/revisions"}],"predecessor-version":[{"id":5200,"href":"http:\/\/www.atmf.org\/index.php?rest_route=\/wp\/v2\/posts\/5197\/revisions\/5200"}],"wp:attachment":[{"href":"http:\/\/www.atmf.org\/index.php?rest_route=%2Fwp%2Fv2%2Fmedia&parent=5197"}],"wp:term":[{"taxonomy":"category","embeddable":true,"href":"http:\/\/www.atmf.org\/index.php?rest_route=%2Fwp%2Fv2%2Fcategories&post=5197"},{"taxonomy":"post_tag","embeddable":true,"href":"http:\/\/www.atmf.org\/index.php?rest_route=%2Fwp%2Fv2%2Ftags&post=5197"}],"curies":[{"name":"wp","href":"https:\/\/api.w.org\/{rel}","templated":true}]}}