{"id":5645,"date":"2017-03-30T12:08:02","date_gmt":"2017-03-30T10:08:02","guid":{"rendered":"http:\/\/www.atmf.org\/?p=5645"},"modified":"2017-03-30T17:27:16","modified_gmt":"2017-03-30T15:27:16","slug":"toujours-solidaires-avec-les-lyceennes-et-les-lyceens-menaces-dexpulsion","status":"publish","type":"post","link":"http:\/\/www.atmf.org\/?p=5645","title":{"rendered":"Toujours solidaires avec les lyc\u00e9ennes et les lyc\u00e9ens menac\u00e9s d&rsquo;expulsion !"},"content":{"rendered":"<p style=\"text-align: center;\">\n<p><iframe loading=\"lazy\" title=\"Laissez-les grandir ici\" frameborder=\"0\" width=\"500\" height=\"287\" src=\"https:\/\/geo.dailymotion.com\/player.html?video=x1db40&#038;\" allowfullscreen allow=\"autoplay; fullscreen; picture-in-picture; web-share\"><\/iframe><\/p>\n<p><strong>Apr\u00e8s des ann\u00e9es d&rsquo;\u00e9tudes souvent remarquables malgr\u00e9 des conditions de vie difficiles,dans les \u00e9tablissements de C\u00f4te d&rsquo;Or, Montchapet, Castel, Hypolite Fontaine, les Marcs d&rsquo;Or, Simone Weil , Antoine Antoine et d&rsquo;autres \u00e0 Dijon, des lyc\u00e9en-nes \u00e9tranger-es restent menac\u00e9-es d&rsquo;expulsion de France.<\/strong><\/p>\n<p><strong>Nous avons \u00e9t\u00e9 plusieurs centaines \u00e0 venir les soutenir le 22 mars dernier.<\/strong><\/p>\n<p><strong>La pr\u00e9fecture n&rsquo;a pas voulu ce jour l\u00e0 donner de r\u00e9ponses concr\u00e8tes et maintient les menaces d\u2019expulsion sous les pr\u00e9textes les plus divers (documents manquants, conditions d&rsquo;entr\u00e9e&#8230; ) sans que rien ne leur soit reproch\u00e9 sur leur comportement en France.<\/strong><\/p>\n<p><strong>Renvoyer ces jeunes, venu-es seuls ou avec leurs familles pour fuir dictatures, guerres, mis\u00e8re, serait un g\u00e2chis humain, un g\u00e2chis de tout ce que la soci\u00e9t\u00e9 et eux m\u00eames ont investi, et une grave mise en danger pour certain-es d&rsquo;entre eux !<\/strong><\/p>\n<p><strong>Camarades de classe, parents d&rsquo;\u00e9l\u00e8ves, personnels de l&rsquo;enseignement, \u00e9ducateurs et \u00e9ducatrices restent mobilis\u00e9s pour les d\u00e9fendre.<\/strong><\/p>\n<p><strong>Nous avons obtenu une nouvelle rencontre avec la pr\u00e9fecture le lundi 10 avril.<\/strong><\/p>\n<p><strong>Venons encore plus nombreux les soutenir, obtenir qu&rsquo;ils restent parmi nous :\u00a0<\/strong><\/p>\n<p><strong>\u00a0<\/strong><strong>Rassemblement lundi 10 avril 2017 \u00e0 partir de 15h30 devant la pr\u00e9fecture.<\/strong><\/p>\n<p>&nbsp;<\/p>\n<p><strong>Les lyc\u00e9ens solidaires<\/strong><\/p>\n<p><strong>Collectif de soutien aux demandeurs d&rsquo;asile et migrants<\/strong>:\u00a0ACAT Dijon \/ Action Catholique Ouvri\u00e8re \/AFRANE\/ AGIRabcd 21\/Amis de la Conf\u00e9d\u00e9ration Paysanne\/ Amnesty International Dijon \/Association des Paralys\u00e9s de France\/ ATTAC 21 \/ ATMF Dijon \/ CFDT 21 \/ CGT 21 \/ Club Unesco Dijon \/ CCFD Terre Solidaire \/ CLCV \/ CNT 21 \/Conf\u00e9d\u00e9ration Paysanne\/ CSF \/ Espace Autog\u00e9r\u00e9 des Tanneries \/ Euphorbe en Illabakan \/ FCPE \/ FSU 21 \/ LVN personnalistes et citoyens \/ Ligue des Droits de l\u2019Homme \/ MAN \/Mouvement de la Paix\/ MRAP \/ Pastorale des Migrants \/ RESF 21 \/ SAF \/ SOS Refoulement \/ SOS racisme \/ Solidaires \/ Solidarit\u00e9 afghane \/ UJFP \/ Tends la Main \/ Urgence Solidaire.<\/p>\n<p>&nbsp;<\/p>\n","protected":false},"excerpt":{"rendered":"<p>Apr\u00e8s des ann\u00e9es d&rsquo;\u00e9tudes souvent remarquables malgr\u00e9 des conditions de vie difficiles,dans les \u00e9tablissements de C\u00f4te d&rsquo;Or, Montchapet, Castel, Hypolite Fontaine, les Marcs d&rsquo;Or, Simone Weil , Antoine Antoine et d&rsquo;autres \u00e0 Dijon, des lyc\u00e9en-nes \u00e9tranger-es restent menac\u00e9-es d&rsquo;expulsion de &hellip; <a href=\"http:\/\/www.atmf.org\/?p=5645\">Continue reading <span class=\"meta-nav\">&rarr;<\/span><\/a><\/p>\n","protected":false},"author":1,"featured_media":0,"comment_status":"closed","ping_status":"closed","sticky":false,"template":"","format":"standard","meta":{"ngg_post_thumbnail":0,"_monsterinsights_skip_tracking":false,"_monsterinsights_sitenote_active":false,"_monsterinsights_sitenote_note":"","_monsterinsights_sitenote_category":0,"footnotes":""},"categories":[84,94],"tags":[],"class_list":["post-5645","post","type-post","status-publish","format-standard","hentry","category-activites-membres","category-dijon"],"_links":{"self":[{"href":"http:\/\/www.atmf.org\/index.php?rest_route=\/wp\/v2\/posts\/5645","targetHints":{"allow":["GET"]}}],"collection":[{"href":"http:\/\/www.atmf.org\/index.php?rest_route=\/wp\/v2\/posts"}],"about":[{"href":"http:\/\/www.atmf.org\/index.php?rest_route=\/wp\/v2\/types\/post"}],"author":[{"embeddable":true,"href":"http:\/\/www.atmf.org\/index.php?rest_route=\/wp\/v2\/users\/1"}],"replies":[{"embeddable":true,"href":"http:\/\/www.atmf.org\/index.php?rest_route=%2Fwp%2Fv2%2Fcomments&post=5645"}],"version-history":[{"count":2,"href":"http:\/\/www.atmf.org\/index.php?rest_route=\/wp\/v2\/posts\/5645\/revisions"}],"predecessor-version":[{"id":5647,"href":"http:\/\/www.atmf.org\/index.php?rest_route=\/wp\/v2\/posts\/5645\/revisions\/5647"}],"wp:attachment":[{"href":"http:\/\/www.atmf.org\/index.php?rest_route=%2Fwp%2Fv2%2Fmedia&parent=5645"}],"wp:term":[{"taxonomy":"category","embeddable":true,"href":"http:\/\/www.atmf.org\/index.php?rest_route=%2Fwp%2Fv2%2Fcategories&post=5645"},{"taxonomy":"post_tag","embeddable":true,"href":"http:\/\/www.atmf.org\/index.php?rest_route=%2Fwp%2Fv2%2Ftags&post=5645"}],"curies":[{"name":"wp","href":"https:\/\/api.w.org\/{rel}","templated":true}]}}