{"id":6323,"date":"2017-11-16T10:15:14","date_gmt":"2017-11-16T09:15:14","guid":{"rendered":"http:\/\/www.atmf.org\/?p=6323"},"modified":"2018-01-09T17:23:00","modified_gmt":"2018-01-09T16:23:00","slug":"le-festival-des-solidarites-a-saint-avold-du-18-au-25-novembre-2017","status":"publish","type":"post","link":"http:\/\/www.atmf.org\/?p=6323","title":{"rendered":"Le festival des solidarit\u00e9s \u00e0 Saint-Avold du 18 au 25 novembre 2017"},"content":{"rendered":"<p>L\u2019Association des travailleurs maghr\u00e9bins de France (ATMF) \u00e0 Saint-Avold\u00a0 a organis\u00e9 un festival des solidarit\u00e9s \u00e0 partir du 18 novembre\u00a0 au 25 novembre 2017 . Conf\u00e9rence, march\u00e9 solidaire, pi\u00e8ce de th\u00e9\u00e2tre, projection de film : pendant dix jours de nombreuses animations sont pr\u00e9vues.<\/p>\n<p>Festival des solidarit\u00e9s est organis\u00e9 par l\u2019ATMF.<\/p>\n<p>\u2022 Samedi 18 novembre :<\/p>\n<p>March\u00e9 solidaire \u00e0 la salle des Congr\u00e8s de Saint-Avold \u00e0 partir de 14h.<\/p>\n<p>Projection-d\u00e9bat du film Famille syrienne au M\u00e9gakin\u00e9 de Freyming-Merlebach \u00e0 17h45.<\/p>\n<p>Pi\u00e8ce de th\u00e9\u00e2tre Huis clos \u00e0 la MJC de Saint-Avold \u00e0 20h30.<\/p>\n<p>\u2022 Dimanche 19 novembre : march\u00e9 solidaire \u00e0 la salle des Congr\u00e8s de Saint-Avold \u00e0 partir de 14h.<\/p>\n<p>\u2022 Vendr edi 24 novembre : Conf\u00e9rence Exp\u00e9rience d\u00e9veloppement et solidarit\u00e9 internationale \u00e0 la MJC.<\/p>\n<p>\u2022 Samedi 25 novembre : journ\u00e9e jeunesse avec une conf\u00e9rence, une exposition, des concerts, du th\u00e9\u00e2tre, de la danse \u00e0 partir de 14h \u00e0 la MJC.<\/p>\n<p>\u2022 Mercredi 29 novembre : interviews et micros-trottoirs au d\u00e9part du centre social Saint-Exup\u00e9ry \u00e0 15h.<\/p>\n<p>Tout au long du festival, une exposition pr\u00e9sentant l\u2019histoire de l\u2019ATMF, ses actions sera pr\u00e9sent\u00e9e \u00e0 la MJC de Saint-Avold ainsi que sur le march\u00e9 solidaire. Ces festivit\u00e9s sont organis\u00e9es par l\u2019ATMF avec le soutien et la participation de nombreuses organisations CCFD-Terre solidaire, La Cimade, la Ligue des Droits de l\u2019Homme, la MJC de Saint-Avold, l\u2019ASBH et Amnesty International.<\/p>\n<p><img decoding=\"async\" class=\"aligncenter\" src=\"http:\/\/www.atmf.org\/wp-content\/uploads\/2017\/11\/AFFICHE-FESTIVAL-SOLIDARITE-1.jpg\" \/><\/p>\n<p>&nbsp;<\/p>\n<p><img decoding=\"async\" class=\"aligncenter\" src=\"http:\/\/www.atmf.org\/wp-content\/uploads\/2017\/11\/AFFICHE-JOURNEE-JEUNESSE-LDH.jpg\" \/><\/p>\n","protected":false},"excerpt":{"rendered":"<p>L\u2019Association des travailleurs maghr\u00e9bins de France (ATMF) \u00e0 Saint-Avold\u00a0 a organis\u00e9 un festival des solidarit\u00e9s \u00e0 partir du 18 novembre\u00a0 au 25 novembre 2017 . Conf\u00e9rence, march\u00e9 solidaire, pi\u00e8ce de th\u00e9\u00e2tre, projection de film : pendant dix jours de nombreuses &hellip; <a href=\"http:\/\/www.atmf.org\/?p=6323\">Continue reading <span class=\"meta-nav\">&rarr;<\/span><\/a><\/p>\n","protected":false},"author":1,"featured_media":0,"comment_status":"closed","ping_status":"closed","sticky":false,"template":"","format":"standard","meta":{"ngg_post_thumbnail":0,"_monsterinsights_skip_tracking":false,"_monsterinsights_sitenote_active":false,"_monsterinsights_sitenote_note":"","_monsterinsights_sitenote_category":0,"footnotes":""},"categories":[92],"tags":[],"class_list":["post-6323","post","type-post","status-publish","format-standard","hentry","category-bhl"],"_links":{"self":[{"href":"http:\/\/www.atmf.org\/index.php?rest_route=\/wp\/v2\/posts\/6323","targetHints":{"allow":["GET"]}}],"collection":[{"href":"http:\/\/www.atmf.org\/index.php?rest_route=\/wp\/v2\/posts"}],"about":[{"href":"http:\/\/www.atmf.org\/index.php?rest_route=\/wp\/v2\/types\/post"}],"author":[{"embeddable":true,"href":"http:\/\/www.atmf.org\/index.php?rest_route=\/wp\/v2\/users\/1"}],"replies":[{"embeddable":true,"href":"http:\/\/www.atmf.org\/index.php?rest_route=%2Fwp%2Fv2%2Fcomments&post=6323"}],"version-history":[{"count":3,"href":"http:\/\/www.atmf.org\/index.php?rest_route=\/wp\/v2\/posts\/6323\/revisions"}],"predecessor-version":[{"id":6427,"href":"http:\/\/www.atmf.org\/index.php?rest_route=\/wp\/v2\/posts\/6323\/revisions\/6427"}],"wp:attachment":[{"href":"http:\/\/www.atmf.org\/index.php?rest_route=%2Fwp%2Fv2%2Fmedia&parent=6323"}],"wp:term":[{"taxonomy":"category","embeddable":true,"href":"http:\/\/www.atmf.org\/index.php?rest_route=%2Fwp%2Fv2%2Fcategories&post=6323"},{"taxonomy":"post_tag","embeddable":true,"href":"http:\/\/www.atmf.org\/index.php?rest_route=%2Fwp%2Fv2%2Ftags&post=6323"}],"curies":[{"name":"wp","href":"https:\/\/api.w.org\/{rel}","templated":true}]}}