{"id":6888,"date":"2019-03-05T12:27:58","date_gmt":"2019-03-05T11:27:58","guid":{"rendered":"http:\/\/www.atmf.org\/?p=6888"},"modified":"2019-03-05T12:27:58","modified_gmt":"2019-03-05T11:27:58","slug":"le-festival-migration-2019","status":"publish","type":"post","link":"http:\/\/www.atmf.org\/?p=6888","title":{"rendered":"Le Festival Migration 2019"},"content":{"rendered":"<p>Le Festival Migration 2019, c&rsquo;est parti ! Premier \u00e9v\u00e9nement le matin du 4 mars 2019 au Foyer du Bruch \u00e0 Forbach. Diffusion du film \u00ab\u00a0Le gar\u00e7on au pyjama ray\u00e9\u00a0\u00bb suivi d&rsquo;un d\u00e9bat\u00a0<span class=\"text_exposed_show\">sur la shoah, le nazisme puis, par extrapolation, sur la stigmatisation, les discriminations et le vivre ensemble. Les valeurs de la R\u00e9publique et la chance, quoiqu&rsquo;en disent certains et m\u00eame si tout n&rsquo;est pas rose, de vivre en France ont \u00e9t\u00e9 \u00e9galement \u00e9voqu\u00e9es par une salle comble o\u00f9 se sont m\u00e9lang\u00e9s, \u00e9l\u00e8ves du Coll\u00e8ge Pierre Adt, groupe UDAF, b\u00e9n\u00e9voles associatifs, habitants des quartiers Bruch, Bellevue, Wiesberg mais aussi du quartier Chapelle de Freyming \/ Hombourg-Haut. Un bel \u00e9change o\u00f9 chacun aura pu s&rsquo;exprimer et partager son avis.<\/span><\/p>\n<p>\u00ab Lettres Jaunes \u00bb<\/p>\n<p>Apr\u00e8s l\u2019op\u00e9ration en faveur de SOS M\u00e9diterran\u00e9e, un deuxi\u00e8me fil rouge animera l&rsquo;\u00e9dition 2019 : le projet \u00ab Lettres Jaunes \u00bb men\u00e9 par\u00a0<a class=\"profileLink\" href=\"https:\/\/www.facebook.com\/ines.corinto.029?__tn__=%2CdKH-R-R&amp;eid=ARDCvavQTYA5p-h4nhHhRFBD16mEyanlSaMKtBNKK_XOUyj7X8ShWB9QuYhM8WzucCX4U9KbSKTfLnwP&amp;fref=mentions\" data-hovercard=\"\/ajax\/hovercard\/user.php?id=100004249441984&amp;extragetparams=%7B%22__tn__%22%3A%22%2CdKH-R-R%22%2C%22eid%22%3A%22ARDCvavQTYA5p-h4nhHhRFBD16mEyanlSaMKtBNKK_XOUyj7X8ShWB9QuYhM8WzucCX4U9KbSKTfLnwP%22%2C%22fref%22%3A%22mentions%22%7D\" data-hovercard-prefer-more-content-show=\"1\">In\u00e8s Corinto<\/a>, \u00e9tudiante,\u00a0<span class=\"text_exposed_show\">entrepreneure, artiste aussi, rencontr\u00e9e r\u00e9cemment un peu par hasard.<br \/>\nL\u2019id\u00e9e est de pouvoir \u00e9changer par \u00e9crit avec un ou une inconnue sur ses origines, sur son rapport au pays d\u2019o\u00f9 on vient ou \u00e0 celui o\u00f9 on vit mais aussi sur des sujets divers comme la solidarit\u00e9, les liens avec l\u2019autre, comment on per\u00e7oit le festival, comment on y participe, etc. Sous quelle forme ? En \u00e9crivant un courrier, en le postant dans la bo\u00eete \u00e0 lettres pr\u00e9vue \u00e0 cet effet, d\u00e9cor\u00e9e par In\u00e8s. Cette derni\u00e8re remettra le courrier de mani\u00e8re totalement al\u00e9atoire \u00e0 quelqu\u2019un, sous r\u00e9serve de l\u2019engagement d\u2019y r\u00e9pondre (gr\u00e2ce \u00e0 l\u2019adresse qui sera indiqu\u00e9e dessus) soit directement soit par l\u2019interm\u00e9diaire d\u2019In\u00e8s. Cette derni\u00e8re sera pr\u00e9sente sur une grosse partie des \u00e9v\u00e8nements ouverts au public durant les trois semaines \u00e0 venir. Elle apportera \u00e9galement son aide aux personnes qui en auraient besoin pour formaliser ce qu\u2019ils aimeraient exprimer.<\/span><\/p>\n<div class=\"text_exposed_show\">\n<p>Au final, fid\u00e8le \u00e0 l\u2019esprit qui anime ce festival, nous esp\u00e9rons que cette initiative sympa contribuera \u00e0 cr\u00e9er du lien entre des personnes qui, par un moyen de communication qui se perd, feront ainsi connaissance. Un grand merci par avance \u00e0 tous ceux qui se pr\u00eateront au jeu.<\/p>\n<\/div>\n<p><img loading=\"lazy\" decoding=\"async\" class=\"\" src=\"http:\/\/www.atmf.org\/wp-content\/uploads\/2019\/03\/53172732_122090138903338_431819486568382464_o-1.jpg\" width=\"364\" height=\"242\" \/>\u00a0<img loading=\"lazy\" decoding=\"async\" class=\"\" src=\"http:\/\/www.atmf.org\/wp-content\/uploads\/2019\/03\/53091882_122090122236673_1375574241319059456_o.jpg\" width=\"365\" height=\"243\" \/>\u00a0<img loading=\"lazy\" decoding=\"async\" class=\"\" src=\"http:\/\/www.atmf.org\/wp-content\/uploads\/2019\/03\/53600234_974548159602149_2407290334313709568_o.jpg\" width=\"367\" height=\"244\" \/>\u00a0<img loading=\"lazy\" decoding=\"async\" class=\"\" src=\"http:\/\/www.atmf.org\/wp-content\/uploads\/2019\/03\/53429962_974548526268779_7116619492163059712_o.jpg\" width=\"357\" height=\"239\" \/>\u00a0 \u00a0\u00a0<img loading=\"lazy\" decoding=\"async\" class=\"\" src=\"http:\/\/www.atmf.org\/wp-content\/uploads\/2019\/03\/53081072_974548709602094_1338104225074249728_o.jpg\" width=\"363\" height=\"241\" \/><img loading=\"lazy\" decoding=\"async\" class=\"\" src=\"http:\/\/www.atmf.org\/wp-content\/uploads\/2019\/03\/53748236_974548562935442_3203202904462721024_o.jpg\" width=\"372\" height=\"248\" \/>\u00a0<img loading=\"lazy\" decoding=\"async\" class=\"\" src=\"http:\/\/www.atmf.org\/wp-content\/uploads\/2019\/03\/53012110_974548896268742_2963861793149026304_o.jpg\" width=\"374\" height=\"249\" \/>\u00a0<img loading=\"lazy\" decoding=\"async\" class=\"\" src=\"http:\/\/www.atmf.org\/wp-content\/uploads\/2019\/03\/53878242_974548926268739_4866310354252070912_o.jpg\" width=\"367\" height=\"244\" \/>\u00a0<img loading=\"lazy\" decoding=\"async\" class=\"\" src=\"http:\/\/www.atmf.org\/wp-content\/uploads\/2019\/03\/52987345_974549129602052_96480251256766464_o.jpg\" width=\"365\" height=\"242\" \/>\u00a0<img loading=\"lazy\" decoding=\"async\" class=\"\" src=\"http:\/\/www.atmf.org\/wp-content\/uploads\/2019\/03\/53034409_974549289602036_7233172131343761408_o.jpg\" width=\"374\" height=\"248\" \/>\u00a0<img loading=\"lazy\" decoding=\"async\" class=\"\" src=\"http:\/\/www.atmf.org\/wp-content\/uploads\/2019\/03\/53423727_974549046268727_7894812178300010496_o.jpg\" width=\"372\" height=\"247\" \/>\u00a0<img loading=\"lazy\" decoding=\"async\" class=\"\" src=\"http:\/\/www.atmf.org\/wp-content\/uploads\/2019\/03\/53008544_974548719602093_2236930611136692224_o.jpg\" width=\"374\" height=\"249\" \/><\/p>\n","protected":false},"excerpt":{"rendered":"<p>Le Festival Migration 2019, c&rsquo;est parti ! Premier \u00e9v\u00e9nement le matin du 4 mars 2019 au Foyer du Bruch \u00e0 Forbach. Diffusion du film \u00ab\u00a0Le gar\u00e7on au pyjama ray\u00e9\u00a0\u00bb suivi d&rsquo;un d\u00e9bat\u00a0sur la shoah, le nazisme puis, par extrapolation, sur &hellip; <a href=\"http:\/\/www.atmf.org\/?p=6888\">Continue reading <span class=\"meta-nav\">&rarr;<\/span><\/a><\/p>\n","protected":false},"author":1,"featured_media":0,"comment_status":"closed","ping_status":"closed","sticky":false,"template":"","format":"standard","meta":{"ngg_post_thumbnail":0,"_monsterinsights_skip_tracking":false,"_monsterinsights_sitenote_active":false,"_monsterinsights_sitenote_note":"","_monsterinsights_sitenote_category":0,"footnotes":""},"categories":[84,92],"tags":[],"class_list":["post-6888","post","type-post","status-publish","format-standard","hentry","category-activites-membres","category-bhl"],"_links":{"self":[{"href":"http:\/\/www.atmf.org\/index.php?rest_route=\/wp\/v2\/posts\/6888","targetHints":{"allow":["GET"]}}],"collection":[{"href":"http:\/\/www.atmf.org\/index.php?rest_route=\/wp\/v2\/posts"}],"about":[{"href":"http:\/\/www.atmf.org\/index.php?rest_route=\/wp\/v2\/types\/post"}],"author":[{"embeddable":true,"href":"http:\/\/www.atmf.org\/index.php?rest_route=\/wp\/v2\/users\/1"}],"replies":[{"embeddable":true,"href":"http:\/\/www.atmf.org\/index.php?rest_route=%2Fwp%2Fv2%2Fcomments&post=6888"}],"version-history":[{"count":1,"href":"http:\/\/www.atmf.org\/index.php?rest_route=\/wp\/v2\/posts\/6888\/revisions"}],"predecessor-version":[{"id":6906,"href":"http:\/\/www.atmf.org\/index.php?rest_route=\/wp\/v2\/posts\/6888\/revisions\/6906"}],"wp:attachment":[{"href":"http:\/\/www.atmf.org\/index.php?rest_route=%2Fwp%2Fv2%2Fmedia&parent=6888"}],"wp:term":[{"taxonomy":"category","embeddable":true,"href":"http:\/\/www.atmf.org\/index.php?rest_route=%2Fwp%2Fv2%2Fcategories&post=6888"},{"taxonomy":"post_tag","embeddable":true,"href":"http:\/\/www.atmf.org\/index.php?rest_route=%2Fwp%2Fv2%2Ftags&post=6888"}],"curies":[{"name":"wp","href":"https:\/\/api.w.org\/{rel}","templated":true}]}}