{"id":6912,"date":"2019-03-16T00:41:28","date_gmt":"2019-03-15T23:41:28","guid":{"rendered":"http:\/\/www.atmf.org\/?p=6912"},"modified":"2019-03-16T01:00:12","modified_gmt":"2019-03-16T00:00:12","slug":"attentat-terroriste-islamophobe-en-nouvelle-zelande-communique-de-latmf","status":"publish","type":"post","link":"http:\/\/www.atmf.org\/?p=6912","title":{"rendered":"ATTENTAT TERRORISTE ISLAMOPHOBE EN NOUVELLE-Z\u00c9LANDE &#8211; Communiqu\u00e9 de l&rsquo;Atmf"},"content":{"rendered":"<p><img loading=\"lazy\" decoding=\"async\" class=\"aligncenter\" src=\"http:\/\/www.atmf.org\/wp-content\/uploads\/2019\/03\/53761102_802306763483901_8309996062530076672_n-1.jpg\" width=\"158\" height=\"158\" \/><\/p>\n<p>Ce vendredi 15 mars 2019, la Nouvelle-Z\u00e9lande a \u00e9t\u00e9 secou\u00e9e par un attentat islamophobe visant des musulmans dans deux mosqu\u00e9es de la ville de Christchurch.<\/p>\n<p>L&rsquo;auteur de cet attentat est un australien se r\u00e9clamant des supr\u00e9macistes blancs et militant de l\u2019extr\u00eame droite. Il a ouvert le feu sur les personnes pr\u00e9sentes en pleine pri\u00e8re du vendredi dans deux mosqu\u00e9es. Le bilan est lourd\u00a0: 49 \u00a0morts dont des enfants et plusieurs bless\u00e9s. La pr\u00e9m\u00e9ditation et la pr\u00e9paration de cet acte odieux ne font aucun doute, allant jusqu\u2019\u00e0 filmer et diffuser en direct cette tuerie.<\/p>\n<p>L\u2019ATMF exprime sa solidarit\u00e9 avec les familles et proches des victimes.<\/p>\n<p>L\u2019ATMF condamne fermement cet acte terroriste et islamophobe.<\/p>\n<p>Le choc et la stup\u00e9faction sont brutaux\u00a0dans un pays paisible, de tradition multiconfessionnelle et multiculturelle.<\/p>\n<p><strong>Oui la haine tue, l\u2019islamophobie tue. <\/strong>Le terroriste \u00e0 pr\u00e9m\u00e9diter et pr\u00e9parer son acte barbare depuis des mois. Il a laiss\u00e9 un manifeste avec un titre \u00e9vocateur \u00ab\u00a0le grand remplacement\u00a0\u00bb, il d\u00e9clare s\u2019\u00eatre inspir\u00e9 des islamophobes et des id\u00e9ologues de France. Selon les m\u00e9dias, il a effectu\u00e9 un s\u00e9jour dans l\u2019hexagone et \u00eatre reparti convaincu qu\u2019il fallait agir et tuer des musulmans.<\/p>\n<p>Le terroriste en plus des armes meurtri\u00e8res a \u00e9t\u00e9 aussi arm\u00e9 par l\u2019id\u00e9ologie de haine envers les musulmans. Cette id\u00e9ologie aujourd\u2019hui trop banalis\u00e9e, tol\u00e9r\u00e9e et diffus\u00e9e partout.<\/p>\n<p>Les discours de haine r\u00e9p\u00e9t\u00e9s et ressass\u00e9s ne sont pas des opinions ce sont des munitions pour les racistes et les islamophobes.<\/p>\n<p>Nous devons nous unir pour condamner fermement ces actes, se rapprocher de toutes les communaut\u00e9s quelques soient leurs croyances et leurs origines.<\/p>\n<p>Nous devons faire face et contrer cette b\u00eate immonde. Se mobiliser contre la banalisation du racisme, l\u2019exclusion et la haine.<\/p>\n<p>Aujourd\u2019hui la haine et la chasse aux musulmans sont des r\u00e9alit\u00e9s am\u00e8res et insuffisamment combattues.<\/p>\n<p>Tous ensemble, nous devons r\u00e9affirmer notre solidarit\u00e9, notre fraternit\u00e9, notre tol\u00e9rance et le bon vivre ensemble.<\/p>\n<p>Bureau national de l\u2019Atmf.<\/p>\n<p>Paris, 15 mars 2019<\/p>\n<p>&nbsp;<\/p>\n<p>&nbsp;<\/p>\n<p><strong><u>Les associations membres<\/u><\/strong><\/p>\n<p>Aujourd\u2019hui, l\u2019ATMF national regroupe dix-huit associations membres. Ces membres se r\u00e9partissent sur l\u2019ensemble du territoire fran\u00e7ais (Paris et Ile-de-France, Aix-en-Provence, Dijon, Strasbourg, Reims, Rennes, Nancy, Nantes, Montpellier, Saint-Avold, Dechy, Bagneux, Villeurbanne\u2026) et d\u00e9fendent ses valeurs \u00e0 travers leurs actions.<\/p>\n<hr \/>\n<p><a href=\"http:\/\/www.atmf.org\/wp-content\/uploads\/2019\/03\/Atmf-ATTENTAT-TERRORISTE-ISLAMOPHOBE.pdf\">http:\/\/www.atmf.org\/wp-content\/uploads\/2019\/03\/Atmf-ATTENTAT-TERRORISTE-ISLAMOPHOBE.pdf<\/a><\/p>\n<p>&nbsp;<\/p>\n<p><img decoding=\"async\" src=\"http:\/\/www.atmf.org\/wp-content\/uploads\/2019\/03\/Atmf-ATTENTAT-TERRORISTE-ISLAMOPHOBE.jpg\" \/><\/p>\n","protected":false},"excerpt":{"rendered":"<p>Ce vendredi 15 mars 2019, la Nouvelle-Z\u00e9lande a \u00e9t\u00e9 secou\u00e9e par un attentat islamophobe visant des musulmans dans deux mosqu\u00e9es de la ville de Christchurch. L&rsquo;auteur de cet attentat est un australien se r\u00e9clamant des supr\u00e9macistes blancs et militant de &hellip; <a href=\"http:\/\/www.atmf.org\/?p=6912\">Continue reading <span class=\"meta-nav\">&rarr;<\/span><\/a><\/p>\n","protected":false},"author":1,"featured_media":0,"comment_status":"closed","ping_status":"closed","sticky":false,"template":"","format":"standard","meta":{"ngg_post_thumbnail":0,"_monsterinsights_skip_tracking":false,"_monsterinsights_sitenote_active":false,"_monsterinsights_sitenote_note":"","_monsterinsights_sitenote_category":0,"footnotes":""},"categories":[82],"tags":[349,196,348,347,116,350,216],"class_list":["post-6912","post","type-post","status-publish","format-standard","hentry","category-communiques","tag-attentat","tag-islamophobie","tag-musulmans","tag-nouvelle-zelande","tag-racisme","tag-supremacistes-blancs","tag-terrorisme"],"_links":{"self":[{"href":"http:\/\/www.atmf.org\/index.php?rest_route=\/wp\/v2\/posts\/6912","targetHints":{"allow":["GET"]}}],"collection":[{"href":"http:\/\/www.atmf.org\/index.php?rest_route=\/wp\/v2\/posts"}],"about":[{"href":"http:\/\/www.atmf.org\/index.php?rest_route=\/wp\/v2\/types\/post"}],"author":[{"embeddable":true,"href":"http:\/\/www.atmf.org\/index.php?rest_route=\/wp\/v2\/users\/1"}],"replies":[{"embeddable":true,"href":"http:\/\/www.atmf.org\/index.php?rest_route=%2Fwp%2Fv2%2Fcomments&post=6912"}],"version-history":[{"count":1,"href":"http:\/\/www.atmf.org\/index.php?rest_route=\/wp\/v2\/posts\/6912\/revisions"}],"predecessor-version":[{"id":6917,"href":"http:\/\/www.atmf.org\/index.php?rest_route=\/wp\/v2\/posts\/6912\/revisions\/6917"}],"wp:attachment":[{"href":"http:\/\/www.atmf.org\/index.php?rest_route=%2Fwp%2Fv2%2Fmedia&parent=6912"}],"wp:term":[{"taxonomy":"category","embeddable":true,"href":"http:\/\/www.atmf.org\/index.php?rest_route=%2Fwp%2Fv2%2Fcategories&post=6912"},{"taxonomy":"post_tag","embeddable":true,"href":"http:\/\/www.atmf.org\/index.php?rest_route=%2Fwp%2Fv2%2Ftags&post=6912"}],"curies":[{"name":"wp","href":"https:\/\/api.w.org\/{rel}","templated":true}]}}