{"id":8130,"date":"2021-04-02T10:20:27","date_gmt":"2021-04-02T08:20:27","guid":{"rendered":"http:\/\/www.atmf.org\/?p=8130"},"modified":"2021-04-02T10:26:21","modified_gmt":"2021-04-02T08:26:21","slug":"la-loi-separatisme-se-trompe-de-cible","status":"publish","type":"post","link":"http:\/\/www.atmf.org\/?p=8130","title":{"rendered":"La loi \u00ab s\u00e9paratisme \u00bb se trompe de cible"},"content":{"rendered":"<p>&nbsp;<\/p>\n<p style=\"text-align: center;\"><strong>Le s\u00e9paratisme n\u2019est pas le fait de ceux qu\u2019on stigmatise<\/strong><\/p>\n<p style=\"text-align: justify;\"><strong>Le s\u00e9paratisme est le fait d\u2019un \u00e9tat qui a abandonn\u00e9, a ghetto\u00efs\u00e9, a discrimin\u00e9, des populations d\u00e9favoris\u00e9es, bafouant l\u2019Egalit\u00e9 Des Droits, Principe de la R\u00e9publique.<\/strong><\/p>\n<p style=\"text-align: justify;\"><strong>La <\/strong><strong>loi&nbsp;<em>\u00ab&nbsp;confortant le respect des principes de la R\u00e9publique&nbsp;\u00bb, &nbsp;devrait \u00ab&nbsp;conforter&nbsp;\u00bb l\u2019\u00e9gal acc\u00e8s de tous, <\/em><\/strong><strong>aux droits fondamentaux, aux droits \u00e9conomiques et sociaux, sans quoi la R\u00e9publique ne peut faire corps.<\/strong><\/p>\n<p style=\"text-align: justify;\"><strong>Oui, la R\u00e9publique est menac\u00e9e.<\/strong><\/p>\n<p style=\"text-align: justify;\"><strong>La R\u00e9publique est menac\u00e9e par le tournant autoritariste actuel<\/strong><\/p>\n<p style=\"text-align: justify;\"><strong>La R\u00e9publique est menac\u00e9e par les attaques en r\u00e8gle contre <\/strong><strong>la libert\u00e9 d\u2019expression, la libert\u00e9 de culte et la libert\u00e9 d\u2019association. <\/strong><strong><em>\u00ab&nbsp;Les mesures du projet de loi concernent pratiquement tous les droits et libert\u00e9s publiques&nbsp;\u00bb,&nbsp;a estim\u00e9 le Conseil d\u2019Etat<\/em><\/strong><\/p>\n<p style=\"text-align: justify;\"><strong>Contraindre les associations \u00e0 la signature d\u2019un \u00ab&nbsp;<em>contrat d\u2019engagement r\u00e9publicain&nbsp;\u00bb<\/em>&nbsp;:<\/strong><\/p>\n<ul style=\"text-align: justify;\">\n<li><strong>Participe d\u2019un \u00ab&nbsp;renforcement global du contr\u00f4le de l\u2019ordre social&nbsp;\u00bb, a d\u00e9clar\u00e9 le D\u00e9fenseur des droits<\/strong><\/li>\n<li><strong>Renoue avec les pratiques d\u2019all\u00e9geance <\/strong><\/li>\n<li><strong>S\u2019\u00e9loigne de la R\u00e9publique <\/strong><\/li>\n<\/ul>\n<p style=\"text-align: justify;\"><strong>La loi \u00ab&nbsp;S\u00e9paratisme&nbsp;\u00bb, est une Menace pour Tous.<\/strong><\/p>\n<p style=\"text-align: justify;\"><strong>Elle d\u00e9coule d\u2019une m\u00eame logique, celle qui<\/strong> <strong>&nbsp;a anim\u00e9 la<\/strong> <strong>Loi sur la suret\u00e9 globale, la loi de programmation de la recherche, les d\u00e9crets sur le fichage, les dissolutions d\u2019associations, le d\u00e9ni des violences polici\u00e8res, les accusations d\u2019islamo gauchisme, la relance du d\u00e9bat sur \u00ab&nbsp;l\u2019identit\u00e9 nationale&nbsp;\u00bb<\/strong><\/p>\n<p style=\"text-align: justify;\"><strong>Elle d\u00e9coule d\u2019une strat\u00e9gie de comp\u00e9tition avec l\u2019extr\u00eame droite et de la volont\u00e9 de r\u00e9cup\u00e9rer une partie de l\u2019\u00e9lectorat de la droite traditionnelle<\/strong><\/p>\n<p style=\"text-align: justify;\"><strong>Elle d\u00e9coule d\u2019un durcissement des politiques r\u00e9pressives \u00e0 l\u2019\u00e9gard de tous ceux qui d\u00e9noncent, qui <\/strong><strong>revendiquent, qui luttent, qui r\u00e9sistent.<\/strong><\/p>\n<p style=\"text-align: justify;\"><strong>La R\u00e9publique ne fera sens, qu\u2019avec tous ses citoyens, sur une m\u00eame base d\u2019\u00e9galit\u00e9<\/strong><\/p>\n<p style=\"text-align: justify;\"><strong>La R\u00e9publique ne fera sens, qu\u2019avec la justice sociale<\/strong><\/p>\n<p style=\"text-align: justify;\"><strong>La R\u00e9publique ne fera sens, qu\u2019avec la fin des discriminations et du racisme<\/strong><\/p>\n<p style=\"text-align: justify;\"><strong>La R\u00e9publique ne fera sens, qu\u2019avec l\u2019abrogation de toutes les lois liberticides<\/strong><\/p>\n<p style=\"text-align: center;\"><strong>C\u2019est le sens que nous donnons au Contrat R\u00e9publicain<\/strong><\/p>\n<p style=\"text-align: right;\"><strong>Atmf, 2 avril 2021<\/strong><\/p>\n<hr>\n<p>Les associations membres :<br \/>\nl\u2019ATMF national regroupe vingt associations membres. Ces membres se r\u00e9partissent sur l\u2019ensemble du territoire fran\u00e7ais (Paris, Saint Denis,&nbsp;Gennevilliers, Argenteuil, Aix-en-Provence, Dijon, Strasbourg, Reims, Rennes, Nancy, Sens, Nord-Pas-de-Calais, Nantes, Montpellier, Saint-Avold,&nbsp;Bagneux, Villeurbanne\u2026) et d\u00e9fendent ses valeurs \u00e0 travers leurs actions.<\/p>\n<hr>\n<p><a href=\"http:\/\/www.atmf.org\/wp-content\/uploads\/2021\/04\/La-loi-\u00ab-s\u00e9paratisme-\u00bb-se-trompe-de-cible.png\"><img loading=\"lazy\" decoding=\"async\" class=\"aligncenter size-full wp-image-8131\" src=\"http:\/\/www.atmf.org\/wp-content\/uploads\/2021\/04\/La-loi-\u00ab-s\u00e9paratisme-\u00bb-se-trompe-de-cible.png\" alt=\"\" width=\"1587\" height=\"2245\" data-wp-pid=\"8131\" srcset=\"http:\/\/www.atmf.org\/wp-content\/uploads\/2021\/04\/La-loi-\u00ab-s\u00e9paratisme-\u00bb-se-trompe-de-cible.png 1587w, http:\/\/www.atmf.org\/wp-content\/uploads\/2021\/04\/La-loi-\u00ab-s\u00e9paratisme-\u00bb-se-trompe-de-cible-212x300.png 212w, http:\/\/www.atmf.org\/wp-content\/uploads\/2021\/04\/La-loi-\u00ab-s\u00e9paratisme-\u00bb-se-trompe-de-cible-768x1086.png 768w, http:\/\/www.atmf.org\/wp-content\/uploads\/2021\/04\/La-loi-\u00ab-s\u00e9paratisme-\u00bb-se-trompe-de-cible-724x1024.png 724w, http:\/\/www.atmf.org\/wp-content\/uploads\/2021\/04\/La-loi-\u00ab-s\u00e9paratisme-\u00bb-se-trompe-de-cible-800x1132.png 800w\" sizes=\"auto, (max-width: 1587px) 100vw, 1587px\" \/><\/a><\/p>\n","protected":false},"excerpt":{"rendered":"<p>&nbsp; Le s\u00e9paratisme n\u2019est pas le fait de ceux qu\u2019on stigmatise Le s\u00e9paratisme est le fait d\u2019un \u00e9tat qui a abandonn\u00e9, a ghetto\u00efs\u00e9, a discrimin\u00e9, des populations d\u00e9favoris\u00e9es, bafouant l\u2019Egalit\u00e9 Des Droits, Principe de la R\u00e9publique. La loi&nbsp;\u00ab&nbsp;confortant le respect &hellip; <a href=\"http:\/\/www.atmf.org\/?p=8130\">Continue reading <span class=\"meta-nav\">&rarr;<\/span><\/a><\/p>\n","protected":false},"author":1,"featured_media":8132,"comment_status":"closed","ping_status":"closed","sticky":false,"template":"","format":"standard","meta":{"ngg_post_thumbnail":0,"_monsterinsights_skip_tracking":false,"_monsterinsights_sitenote_active":false,"_monsterinsights_sitenote_note":"","_monsterinsights_sitenote_category":0,"footnotes":""},"categories":[82],"tags":[430,429,428,426,427],"class_list":["post-8130","post","type-post","status-publish","format-standard","has-post-thumbnail","hentry","category-communiques","tag-contrat-republicain","tag-droits","tag-egalite","tag-loi","tag-separatisme"],"_links":{"self":[{"href":"http:\/\/www.atmf.org\/index.php?rest_route=\/wp\/v2\/posts\/8130","targetHints":{"allow":["GET"]}}],"collection":[{"href":"http:\/\/www.atmf.org\/index.php?rest_route=\/wp\/v2\/posts"}],"about":[{"href":"http:\/\/www.atmf.org\/index.php?rest_route=\/wp\/v2\/types\/post"}],"author":[{"embeddable":true,"href":"http:\/\/www.atmf.org\/index.php?rest_route=\/wp\/v2\/users\/1"}],"replies":[{"embeddable":true,"href":"http:\/\/www.atmf.org\/index.php?rest_route=%2Fwp%2Fv2%2Fcomments&post=8130"}],"version-history":[{"count":4,"href":"http:\/\/www.atmf.org\/index.php?rest_route=\/wp\/v2\/posts\/8130\/revisions"}],"predecessor-version":[{"id":8136,"href":"http:\/\/www.atmf.org\/index.php?rest_route=\/wp\/v2\/posts\/8130\/revisions\/8136"}],"wp:featuredmedia":[{"embeddable":true,"href":"http:\/\/www.atmf.org\/index.php?rest_route=\/wp\/v2\/media\/8132"}],"wp:attachment":[{"href":"http:\/\/www.atmf.org\/index.php?rest_route=%2Fwp%2Fv2%2Fmedia&parent=8130"}],"wp:term":[{"taxonomy":"category","embeddable":true,"href":"http:\/\/www.atmf.org\/index.php?rest_route=%2Fwp%2Fv2%2Fcategories&post=8130"},{"taxonomy":"post_tag","embeddable":true,"href":"http:\/\/www.atmf.org\/index.php?rest_route=%2Fwp%2Fv2%2Ftags&post=8130"}],"curies":[{"name":"wp","href":"https:\/\/api.w.org\/{rel}","templated":true}]}}