{"id":8220,"date":"2021-06-14T15:03:43","date_gmt":"2021-06-14T13:03:43","guid":{"rendered":"http:\/\/www.atmf.org\/?p=8220"},"modified":"2021-06-15T14:25:44","modified_gmt":"2021-06-15T12:25:44","slug":"les-mineur-es-isole-es-marocain-es-victimes-du-marchandage-entre-la-france-et-le-maroc","status":"publish","type":"post","link":"http:\/\/www.atmf.org\/?p=8220","title":{"rendered":"Les mineur.es isol\u00e9.es marocain.es victimes du marchandage entre la France et le Maroc"},"content":{"rendered":"<p align=\"JUSTIFY\"><span style=\"color: #333333;\"><span style=\"font-family: Arial, sans-serif;\">Des enfants assimil\u00e9s \u00e0 une marchandise qu\u2019on utilise dans un rapport de force pour obtenir de l\u2019Europe des avantages politiques et financiers en contrepartie du contr\u00f4le des flux migratoires, c\u2019est ce que la France vient de \u00ab&nbsp;saluer&nbsp;\u00bb en r\u00e9agissant favorablement \u00e0 la directive royale du 1er juin sur le retour des mineur\u00b7es isol\u00e9\u00b7es de nationalit\u00e9 marocaine pr\u00e9sents sur le territoire europ\u00e9en.<\/span><\/span><\/p>\n<p align=\"JUSTIFY\"><span style=\"color: #333333;\"><span style=\"font-family: Arial, sans-serif;\">Ces d\u00e9clarations ne peuvent \u00eatre d\u00e9connect\u00e9es des \u00e9v\u00e9nements de Ceuta et Melilla de mai dernier. Des \u00e9v\u00e9nements qui ont r\u00e9v\u00e9l\u00e9 la \u00ab&nbsp;passivit\u00e9&nbsp;\u00bb des autorit\u00e9s marocaines face \u00e0 la fuite de milliers de Marocains et de Marocaines dont un grand nombre de mineur\u00b7es, suscitant une r\u00e9action de l\u2019Union europ\u00e9enne, prompte \u00e0 d\u00e9fendre ses \u00ab&nbsp;fronti\u00e8res \u00bb et \u00e0 menacer le Maroc de sanctions.<\/span><\/span><\/p>\n<p align=\"JUSTIFY\"><span style=\"color: #333333;\"><span style=\"font-family: Arial, sans-serif;\">Cette situation de crise a conduit \u00e0 des n\u00e9gociations entre le Maroc et l\u2019Espagne, puis \u00e0 un accord aux termes duquel la prise en compte de l\u2019int\u00e9r\u00eat des enfants ne tient aucune place.<\/span><\/span><\/p>\n<p align=\"JUSTIFY\"><span style=\"color: #000000;\"><span style=\"font-family: Arial, sans-serif;\">Les autorit\u00e9s marocaines portent \u00e0 ce titre une double responsabilit\u00e9. D\u2019abord, celle de cr\u00e9er des conditions conduisant une partie de sa jeunesse \u00e0 risquer la mort en traversant la M\u00e9diterran\u00e9e dans l\u2019espoir d\u2019un avenir meilleur. Puis d\u2019accepter leur retour forc\u00e9, ce qui les replacera immanquablement dans les m\u00eames conditions que celles qui ont motiv\u00e9 leur d\u00e9part.<\/span><\/span><\/p>\n<p align=\"JUSTIFY\"><span style=\"color: #000000;\"><span style=\"font-family: Arial, sans-serif;\">L&rsquo;Union europ\u00e9enne, sous couvert de coop\u00e9ration en mati\u00e8re de protection de l\u2019enfance, sous-traite au Maroc la gestion de ses fronti\u00e8res ext\u00e9rieures, en bafouant la Convention internationale des droits de l\u2019enfant.<\/span><\/span><\/p>\n<p align=\"JUSTIFY\"><span style=\"color: #000000;\"><span style=\"font-family: Arial, sans-serif;\">De son c\u00f4t\u00e9, la France, en contournant sa propre l\u00e9gislation sur l\u2019interdiction de l\u2019\u00e9loignement forc\u00e9 des mineurs \u00e9trangers, met d\u00e9lib\u00e9r\u00e9ment ces enfants en danger en les renvoyant dans leur pays o\u00f9 ils encourent des peines de prison pour avoir \u00e9migr\u00e9 ill\u00e9galement.<\/span><\/span><\/p>\n<p align=\"JUSTIFY\"><span style=\"color: #000000;\"><span style=\"font-family: Arial, sans-serif;\"><b>Le Maroc et la France, en signant la convention internationale des droits de l\u2019enfant, ont pris des engagements intangibles. Ils doivent les respecter en renon\u00e7ant \u00e0 appliquer la d\u00e9claration d\u2019entente qu\u2019ils ont sign\u00e9s le 7 d\u00e9cembre 2020, permettant le renvoi des mineur\u22c5es marocain\u22c5es.<\/b><\/span><\/span><\/p>\n<p align=\"JUSTIFY\">&nbsp;<\/p>\n<p class=\"_04xlpA direction-ltr align-justify para-style-body\" style=\"text-align: justify;\"><span class=\"JsGRdQ\">Premiers signataires :<\/span><\/p>\n<p class=\"_04xlpA direction-ltr align-justify para-style-body\" style=\"text-align: justify;\"><span class=\"JsGRdQ\">Association des Travailleurs Maghr\u00e9bins de France (ATMF), Groupe d\u2019information et de soutien des immigr\u00e9\u00b7e\u00b7s (Gisti), La Ligue des droits de l&rsquo;Homme (LDH), le Mouvement contre le racisme et pour l&rsquo;amiti\u00e9 entre les peuples (Mrap), InfoMIE, Migreurop, R\u00e9seau \u00e9ducation sans fronti\u00e8re (RESF), F\u00e9d\u00e9ration CGT Education Recherche Culture (FERC-CGT), Utopia 56, Association De D\u00e9fense Des Droits De L&rsquo;Homme Au Maroc (ASDHOM), Accompagnement et D\u00e9fense des Mineurs Isol\u00e9s \u00c9trangers (ADJIE)<\/span><\/p>\n<p class=\"_04xlpA direction-ltr align-center para-style-body\" style=\"text-align: right;\"><strong><span class=\"JsGRdQ\">14&nbsp;<\/span><span class=\"JsGRdQ\">juin 2021<\/span><\/strong><\/p>\n<p>&nbsp;<\/p>\n<p><a href=\"http:\/\/www.atmf.org\/wp-content\/uploads\/2021\/06\/Les-mineur.es-isol\u00e9.es-marocain.es-victimes-du-marchandage-entre-la-France-et-le-Maroc-1.png\"><img loading=\"lazy\" decoding=\"async\" class=\"aligncenter size-full wp-image-8227\" src=\"http:\/\/www.atmf.org\/wp-content\/uploads\/2021\/06\/Les-mineur.es-isol\u00e9.es-marocain.es-victimes-du-marchandage-entre-la-France-et-le-Maroc-1.png\" alt=\"\" width=\"1414\" height=\"2000\" data-wp-pid=\"8227\" srcset=\"http:\/\/www.atmf.org\/wp-content\/uploads\/2021\/06\/Les-mineur.es-isol\u00e9.es-marocain.es-victimes-du-marchandage-entre-la-France-et-le-Maroc-1.png 1414w, http:\/\/www.atmf.org\/wp-content\/uploads\/2021\/06\/Les-mineur.es-isol\u00e9.es-marocain.es-victimes-du-marchandage-entre-la-France-et-le-Maroc-1-212x300.png 212w, http:\/\/www.atmf.org\/wp-content\/uploads\/2021\/06\/Les-mineur.es-isol\u00e9.es-marocain.es-victimes-du-marchandage-entre-la-France-et-le-Maroc-1-768x1086.png 768w, http:\/\/www.atmf.org\/wp-content\/uploads\/2021\/06\/Les-mineur.es-isol\u00e9.es-marocain.es-victimes-du-marchandage-entre-la-France-et-le-Maroc-1-724x1024.png 724w, http:\/\/www.atmf.org\/wp-content\/uploads\/2021\/06\/Les-mineur.es-isol\u00e9.es-marocain.es-victimes-du-marchandage-entre-la-France-et-le-Maroc-1-800x1132.png 800w\" sizes=\"auto, (max-width: 1414px) 100vw, 1414px\" \/><\/a><\/p>\n<p>&nbsp;<\/p>\n","protected":false},"excerpt":{"rendered":"<p>Des enfants assimil\u00e9s \u00e0 une marchandise qu\u2019on utilise dans un rapport de force pour obtenir de l\u2019Europe des avantages politiques et financiers en contrepartie du contr\u00f4le des flux migratoires, c\u2019est ce que la France vient de \u00ab&nbsp;saluer&nbsp;\u00bb en r\u00e9agissant favorablement &hellip; <a href=\"http:\/\/www.atmf.org\/?p=8220\">Continue reading <span class=\"meta-nav\">&rarr;<\/span><\/a><\/p>\n","protected":false},"author":1,"featured_media":8222,"comment_status":"closed","ping_status":"closed","sticky":false,"template":"","format":"standard","meta":{"ngg_post_thumbnail":0,"_monsterinsights_skip_tracking":false,"_monsterinsights_sitenote_active":false,"_monsterinsights_sitenote_note":"","_monsterinsights_sitenote_category":0,"footnotes":""},"categories":[82],"tags":[440,284,126,439],"class_list":["post-8220","post","type-post","status-publish","format-standard","has-post-thumbnail","hentry","category-communiques","tag-convention-internationale-des-droits-de-lenfant","tag-france","tag-maroc","tag-mineur-es-isole-es"],"_links":{"self":[{"href":"http:\/\/www.atmf.org\/index.php?rest_route=\/wp\/v2\/posts\/8220","targetHints":{"allow":["GET"]}}],"collection":[{"href":"http:\/\/www.atmf.org\/index.php?rest_route=\/wp\/v2\/posts"}],"about":[{"href":"http:\/\/www.atmf.org\/index.php?rest_route=\/wp\/v2\/types\/post"}],"author":[{"embeddable":true,"href":"http:\/\/www.atmf.org\/index.php?rest_route=\/wp\/v2\/users\/1"}],"replies":[{"embeddable":true,"href":"http:\/\/www.atmf.org\/index.php?rest_route=%2Fwp%2Fv2%2Fcomments&post=8220"}],"version-history":[{"count":4,"href":"http:\/\/www.atmf.org\/index.php?rest_route=\/wp\/v2\/posts\/8220\/revisions"}],"predecessor-version":[{"id":8228,"href":"http:\/\/www.atmf.org\/index.php?rest_route=\/wp\/v2\/posts\/8220\/revisions\/8228"}],"wp:featuredmedia":[{"embeddable":true,"href":"http:\/\/www.atmf.org\/index.php?rest_route=\/wp\/v2\/media\/8222"}],"wp:attachment":[{"href":"http:\/\/www.atmf.org\/index.php?rest_route=%2Fwp%2Fv2%2Fmedia&parent=8220"}],"wp:term":[{"taxonomy":"category","embeddable":true,"href":"http:\/\/www.atmf.org\/index.php?rest_route=%2Fwp%2Fv2%2Fcategories&post=8220"},{"taxonomy":"post_tag","embeddable":true,"href":"http:\/\/www.atmf.org\/index.php?rest_route=%2Fwp%2Fv2%2Ftags&post=8220"}],"curies":[{"name":"wp","href":"https:\/\/api.w.org\/{rel}","templated":true}]}}