{"id":8230,"date":"2021-06-16T20:52:01","date_gmt":"2021-06-16T18:52:01","guid":{"rendered":"http:\/\/www.atmf.org\/?p=8230"},"modified":"2021-06-17T13:25:36","modified_gmt":"2021-06-17T11:25:36","slug":"tribune-collective-loi-separatisme-il-est-encore-temps-publiee-sur-liberation","status":"publish","type":"post","link":"http:\/\/www.atmf.org\/?p=8230","title":{"rendered":"TRIBUNE COLLECTIVE \u2013 \u201cLOI S\u00c9PARATISME : IL EST ENCORE TEMPS\u201d PUBLI\u00c9E SUR LIB\u00c9RATION"},"content":{"rendered":"<p style=\"text-align: justify;\"><strong>Tribune collective, \u00e0 l\u2019initiative de la LDH, sign\u00e9e par 50 organisations et 54 personnalit\u00e9s signataires et publi\u00e9e dans&nbsp;<a href=\"https:\/\/www.liberation.fr\/idees-et-debats\/tribunes\/loi-separatisme-il-est-encore-temps-20210616_2RFMJUCNDNCFNOPCJA6QOUMSEA\/\">LIB\u00c9RATION<\/a><\/strong><strong>&nbsp;<\/strong><\/p>\n<p><a href=\"http:\/\/www.atmf.org\/wp-content\/uploads\/2021\/06\/Capture.png\"><img loading=\"lazy\" decoding=\"async\" class=\"aligncenter size-full wp-image-8242\" src=\"http:\/\/www.atmf.org\/wp-content\/uploads\/2021\/06\/Capture.png\" alt=\"\" width=\"886\" height=\"542\" data-wp-pid=\"8242\" srcset=\"http:\/\/www.atmf.org\/wp-content\/uploads\/2021\/06\/Capture.png 886w, http:\/\/www.atmf.org\/wp-content\/uploads\/2021\/06\/Capture-300x184.png 300w, http:\/\/www.atmf.org\/wp-content\/uploads\/2021\/06\/Capture-768x470.png 768w, http:\/\/www.atmf.org\/wp-content\/uploads\/2021\/06\/Capture-800x489.png 800w\" sizes=\"auto, (max-width: 886px) 100vw, 886px\" \/><\/a><\/p>\n<p style=\"text-align: justify;\">Le projet de loi confortant le respect des principes de la R\u00e9publique est \u00e0 nouveau examin\u00e9 par l\u2019Assembl\u00e9e nationale, apr\u00e8s l\u2019\u00e9chec de la commission mixte paritaire et une version durcie par le S\u00e9nat.<\/p>\n<p style=\"text-align: justify;\">Nous alertons solennellement sur ce texte de division et de surench\u00e8re s\u00e9curitaire qui met gravement en p\u00e9ril l\u2019\u00e9quilibre r\u00e9alis\u00e9 par les grandes lois la\u00efques de 1882, 1901 et 1905, avec des mesures dans tous les sens, soit impr\u00e9cises, soit disproportionn\u00e9es, qui sont dangereuses pour les libert\u00e9s publiques de toutes et tous.<\/p>\n<p style=\"text-align: justify;\">Nous nous alarmons de ce projet qui vient encore fragmenter la soci\u00e9t\u00e9 fran\u00e7aise et jette une suspicion g\u00e9n\u00e9ralis\u00e9e \u00e0 l\u2019encontre des personnes de confession musulmane, comme sur toutes les associations et les citoyennes et citoyens engag\u00e9s.<\/p>\n<p style=\"text-align: justify;\">Il est encore temps pour les d\u00e9put\u00e9s, le gouvernement et le pr\u00e9sident de la R\u00e9publique d\u2019\u00e9couter toutes les inqui\u00e9tudes exprim\u00e9es, les vives critiques de la D\u00e9fenseure des droits, du Conseil d\u2019Etat, de la Commission nationale consultative des droits de l\u2019Homme, du Haut conseil \u00e0 la vie associative, les fortes r\u00e9serves de la communaut\u00e9 internationale, comme derni\u00e8rement celles du rapporteur g\u00e9n\u00e9ral sur la lutte contre le racisme et l\u2019intol\u00e9rance du Conseil de l\u2019Europe.<\/p>\n<p style=\"text-align: justify;\">Il est encore temps de tirer les le\u00e7ons de la censure du Conseil constitutionnel sur la loi s\u00e9curit\u00e9 globale, qui a sanctionn\u00e9 l\u2019article pol\u00e9mique sur le droit de filmer les forces de l\u2019ordre plut\u00f4t que de le recycler sous une forme tout aussi douteuse dans ce projet.&nbsp;<\/p>\n<p style=\"text-align: justify;\">Il est encore temps de refuser cette voie de tension et de d\u00e9fiance, un retour \u00e0 une logique concordataire, une remise en cause de l\u2019autonomie des collectivit\u00e9s territoriales, de la libert\u00e9 associative et de la libert\u00e9 d\u2019expression.<\/p>\n<p style=\"text-align: justify;\">Il est encore temps, en cette p\u00e9riode de grave crise sanitaire et sociale, de renoncer \u00e0 importer dans les entreprises priv\u00e9es li\u00e9es par une commande publique des obligations qui rel\u00e8vent par nature de l\u2019Etat et de l\u2019administration, en obligeant une neutralit\u00e9 politique et religieuse \u00e0 des millions de salari\u00e9s en d\u00e9pit du droit europ\u00e9en qui interdit toute discrimination directe ou indirecte fond\u00e9e sur la religion ou les convictions au sein des entreprises.<\/p>\n<p style=\"text-align: justify;\">Il est encore temps de r\u00e9affirmer une confiance envers le monde associatif, essentiel \u00e0 la coh\u00e9sion sociale et \u00e0 la solidarit\u00e9, plut\u00f4t que de le fragiliser en imposant un \u00ab&nbsp;Contrat d\u2019engagement r\u00e9publicain&nbsp;\u00bb d\u00e9cr\u00e9t\u00e9 par le seul gouvernement, qui ouvre \u00e0 l\u2019arbitraire et aux contr\u00f4les abusifs par des \u00e9lus locaux d\u00e9l\u00e9gu\u00e9s \u00e0 un pouvoir de police morale et de la pens\u00e9e.<\/p>\n<p style=\"text-align: justify;\">Ce projet de loi, s\u2019il \u00e9tait adopt\u00e9, porte les germes de sombres perspectives que nous refusons.<\/p>\n<p style=\"text-align: justify;\">Nous appelons, au contraire, \u00e0 une d\u00e9mocratie vivante et pacifi\u00e9e, \u00e0 un dialogue social et civil riche de notre diversit\u00e9, restant tous profond\u00e9ment attach\u00e9s aux principes fondamentaux de notre R\u00e9publique solidaire, d\u00e9mocratique et sociale et \u00e0 des libert\u00e9s publiques \u00e9gales pour toutes et tous.<\/p>\n<p style=\"text-align: justify;\"><strong>Premiers signataires&nbsp;:<\/strong><\/p>\n<p style=\"text-align: justify;\">Ligue des droits de l\u2019Homme (LDH), Conf\u00e9d\u00e9ration g\u00e9n\u00e9rale du travail (CGT), F\u00e9d\u00e9ration syndicale unitaire (FSU), Syndicat des avocats de France (Saf), Syndicat de la magistrature (SM), Syndicat national des journalistes (SNJ-CGT), Syndicat national des personnels de l\u2019\u00e9ducation et du social \u00e0 la protection judiciaire de la jeunesse (SNPES-PJJ\/FSU), Union nationale des \u00e9tudiants de France (Unef), Union syndicale Solidaires, Action non violente \u2013 Cop21 (ANV-Cop21), Alternatiba, Anticor, Assembl\u00e9e citoyenne originaires de Turquie (Acort), Association pour la taxation des transactions financi\u00e8res et pour l\u2019action citoyenne (Attac), Association des travailleurs Maghr\u00e9bins de France (ATMF), Association des Tunisiens de France (ADTF), ATD Quart monde, Centre d\u2019\u00e9tudes et d\u2019initiatives de solidarit\u00e9 internationale (Cedetim), Centre de recherche et d\u2019information pour le d\u00e9veloppement (Crid), la Cimade, Collectif des associations citoyennes (Cac), Comit\u00e9 catholique contre la faim et pour le d\u00e9veloppement (CCFD-Terre solidaire), Comit\u00e9 pour le respect des libert\u00e9s et des droits de l\u2019Homme en Tunisie (CRLDHT), Conseil national des associations familiales la\u00efques (Cnafal), Coordination nationale Pas sans nous, Droit au logement (Dal), Emma\u00fcs France, F\u00e9d\u00e9ration des associations de solidarit\u00e9 avec tous-tes les immigr\u00e9-e-s (Fasti), F\u00e9d\u00e9ration des conseils de parents d\u2019\u00e9l\u00e8ves (FCPE), &nbsp;F\u00e9d\u00e9ration nationale de la Libre Pens\u00e9e, F\u00e9d\u00e9ration sportive et gymnique du travail (FSGT), F\u00e9d\u00e9ration des Tunisiens pour une citoyennet\u00e9 des deux rives (FTCR), Femmes \u00e9galit\u00e9, Fondation Copernic, Fondation Danielle Mitterrand, France nature environnement (FNE), Front uni des immigrations et des quartiers populaires (FUIQP), Greenpeace France, Groupe d\u2019information et de soutien des immigr\u00e9s (Gisti), Jeunesse ouvri\u00e8re chr\u00e9tienne (Joc), Lallab, M\u00e9decins du Monde, Memorial 98, Mouvement contre le racisme et pour l\u2019amiti\u00e9 entre les peuples (Mrap), Mouvement rural de jeunesse chr\u00e9tienne (MRJC), les Petits d\u00e9brouillards, le Planning familial, la Quadrature du net, Secours catholique \u2013 Caritas France, SOS Racisme.<\/p>\n<p>&nbsp;<\/p>\n<p style=\"text-align: justify;\"><strong>Signatures individuelles, premiers signataires&nbsp;:<\/strong><\/p>\n<p style=\"text-align: justify;\">Philippe Aigrain, auteur et \u00e9diteur ;<\/p>\n<p style=\"text-align: justify;\">G\u00e9rard Aschieri,&nbsp;ancien secr\u00e9taire g\u00e9n\u00e9ral de la F\u00e9d\u00e9ration syndicale unitaire (FSU)&nbsp;;<\/p>\n<p style=\"text-align: justify;\">Emma Aubin-Boltanski, directrice de recherche au CNRS ;<\/p>\n<p style=\"text-align: justify;\">Yves Aubin de la Messuzi\u00e8re, ancien ambassadeur de France, pr\u00e9sident d\u2019honneur de la Mission la\u00efque fran\u00e7aise ;<\/p>\n<p style=\"text-align: justify;\">Bertrand Badie, professeur \u00e9m\u00e9rite des universit\u00e9s \u00e0 Sciences Po Paris ;<\/p>\n<p style=\"text-align: justify;\">Jean Baub\u00e9rot, historien et sociologue fran\u00e7ais, sp\u00e9cialiste de la sociologie des religions et fondateur de la sociologie de la la\u00efcit\u00e9&nbsp;;<\/p>\n<p style=\"text-align: justify;\">Miguel Benasayag, psychanalyste et philosophe ;<\/p>\n<p style=\"text-align: justify;\">Jean-Paul Benoit, pr\u00e9sident de la F\u00e9d\u00e9ration des mutuelles de France&nbsp;;<\/p>\n<p style=\"text-align: justify;\">Laurent Cantet, cin\u00e9aste ;<\/p>\n<p style=\"text-align: justify;\">Claude Calame, directeur d\u2019\u00e9tudes \u00e0 l\u2019Ecole des hautes \u00e9tudes en sciences sociales (EHESS) ;<\/p>\n<p style=\"text-align: justify;\">Monique Chemillier-Gendreau, professeure \u00e9m\u00e9rite de droit public et sciences politiques \u00e0 l\u2019universit\u00e9 Paris Diderot ;<\/p>\n<p style=\"text-align: justify;\">Dominique Cl\u00e9mang, avocate au barreau de Dijon, b\u00e2tonnier de l\u2019Ordre 2018-2019&nbsp;;<\/p>\n<p style=\"text-align: justify;\">Maxime Combes, \u00e9conomiste ;<\/p>\n<p style=\"text-align: justify;\">Olivier Compagnon, professeur d\u2019histoire contemporaine \u00e0 l\u2019universit\u00e9 Sorbonne nouvelle ;<\/p>\n<p style=\"text-align: justify;\">Marie Cosnay, autrice&nbsp;;<\/p>\n<p style=\"text-align: justify;\">Marie Cuillerai, professeur de philosophie \u00e0 l\u2019universit\u00e9 de Paris ;<\/p>\n<p style=\"text-align: justify;\">Mireille Damiano, avocate au barreau de Nice, ancienne pr\u00e9sidente du Syndicat des avocats de France (Saf) ;<\/p>\n<p style=\"text-align: justify;\">Jean-Michel Delarbre, co-fondateur et militant du R\u00e9seau \u00e9ducation sans fronti\u00e8re (RESF)&nbsp;;<\/p>\n<p style=\"text-align: justify;\">Laurence De Cock, historienne et membre du Comit\u00e9 central de la LDH ;<\/p>\n<p style=\"text-align: justify;\">Bernard Defrance, philosophe ;<\/p>\n<p style=\"text-align: justify;\">St\u00e9phane Douailler, professeur \u00e9m\u00e9rite de philosophie \u00e0 l\u2019universit\u00e9 Paris 8 ;<\/p>\n<p style=\"text-align: justify;\">Jean-Michel Ducomte, ma\u00eetre de conf\u00e9rences \u00e0 l\u2019Institut d\u2019\u00e9tudes politiques de Toulouse ;<\/p>\n<p style=\"text-align: justify;\">Mireille Fanon-Mendes France, ancienne experte de l\u2019Onu, pr\u00e9sidente de la fondation Frantz Fanon ;<\/p>\n<p style=\"text-align: justify;\">Didier Fassin, professeur \u00e0 l\u2019Institute for advanced study de Princeton et titulaire de la chaire annuelle de sant\u00e9 publique du Coll\u00e8ge de France ;<\/p>\n<p style=\"text-align: justify;\">Eric Fassin, sociologue \u00e0 l\u2019universit\u00e9 Paris 8 ;<\/p>\n<p style=\"text-align: justify;\">Benoit Garcia, vice-pr\u00e9sident du Conseil \u00e9conomique, social et environnemental (Cese) ;<\/p>\n<p style=\"text-align: justify;\">C\u00e9cile Gondard-Lalanne, membre du Conseil \u00e9conomique, social et environnemental (Cese) au titre de l\u2019union syndicale Solidaires ;<\/p>\n<p style=\"text-align: justify;\">Bernadette Groison, membre du Conseil \u00e9conomique, social et environnemental (Cese) au titre de la FSU ;<\/p>\n<p style=\"text-align: justify;\">C\u00e9dric Herrou, responsable d\u2019Emma\u00fcs-Roya ;<\/p>\n<p style=\"text-align: justify;\">Fran\u00e7ois Journet, psychiatre ;<\/p>\n<p style=\"text-align: justify;\">Fran\u00e7oise Lorcerie, directrice de recherche \u00e9m\u00e9rite au CNRS, sp\u00e9cialiste des questions scolaires ;<\/p>\n<p style=\"text-align: justify;\">Myriam La\u00efdouni-Denis, co-fondatrice de&nbsp; l\u2019Association nationale villes et territoires accueillants (Anvita)&nbsp;;<\/p>\n<p style=\"text-align: justify;\">Henri Leclerc, avocat et pr\u00e9sident d\u2019honneur de la LDH&nbsp;;<\/p>\n<p style=\"text-align: justify;\">Joris Mathieu, directeur du th\u00e9\u00e2tre Nouvelle g\u00e9n\u00e9ration, centre dramatique national de Lyon ; Ren\u00e9 Monzat, pour la Commission Islam et la\u00efcit\u00e9 ;<\/p>\n<p style=\"text-align: justify;\">G\u00e9rard Mordillat, \u00e9crivain et cin\u00e9aste ;<\/p>\n<p style=\"text-align: justify;\">Marie-No\u00eblle Orain, membre du Conseil \u00e9conomique, social et environnemental (Cese) au titre de la Conf\u00e9d\u00e9ration paysanne ;<\/p>\n<p style=\"text-align: justify;\">Edwy Plenel, journaliste ;<\/p>\n<p style=\"text-align: justify;\">Gilles Porte, cin\u00e9aste ;<\/p>\n<p style=\"text-align: justify;\">Philippe Portier, ancien directeur du Groupe soci\u00e9t\u00e9s, religions, la\u00efcit\u00e9s du Centre national de recherche scientifique (GSRL \u2013 CNRS), directeur d\u2019\u00e9tudes \u00e0 l\u2019Ecole pratique des hautes \u00e9tudes et titulaire de la Chaire \u00ab&nbsp;Histoire et sociologie des la\u00efcit\u00e9s&nbsp;\u00bb&nbsp;;<\/p>\n<p style=\"text-align: justify;\">Anne Rochette, artiste et professeure \u00e0 l\u2019\u00e9cole nationale des Beaux-arts ;<\/p>\n<p style=\"text-align: justify;\">Patrice Rolland, professeur \u00e9m\u00e9rite de droit public&nbsp;;<\/p>\n<p style=\"text-align: justify;\">Jo\u00ebl Roman, philosophe et essayiste ;<\/p>\n<p style=\"text-align: justify;\">Fr\u00e9d\u00e9ric Sawicki, professeur de sciences politiques ;<\/p>\n<p style=\"text-align: justify;\">Barbara Stiegler, professeure des universit\u00e9s en philosophie politique ;<\/p>\n<p style=\"text-align: justify;\">Hocine Tandjaoui, \u00e9crivain ;<\/p>\n<p style=\"text-align: justify;\">Annie Tobaty, ancienne inspectrice g\u00e9n\u00e9rale de l\u2019Education nationale ;<\/p>\n<p style=\"text-align: justify;\">Maryse Tripier, sociologue ;<\/p>\n<p style=\"text-align: justify;\">Ana\u00efs Vaugelade, autrice, illustratrice et \u00e9ditrice ;<\/p>\n<p style=\"text-align: justify;\">Fabien Vehlmann, sc\u00e9nariste de bande dessin\u00e9e&nbsp;;<\/p>\n<p style=\"text-align: justify;\">Patrice Vermeren, professeur \u00e9m\u00e9rite au d\u00e9partement de philosophie de l\u2019universit\u00e9 Paris 8&nbsp;; Dominique Vidal, journaliste et historien ;<\/p>\n<p style=\"text-align: justify;\">Patrick Viveret, philosophe et magistrat honoraire&nbsp;;<\/p>\n<p style=\"text-align: justify;\">Catherine Wihtol de Wenden, directrice de recherches \u00e9m\u00e9rite au CNRS.<\/p>\n<p style=\"text-align: justify;\">Lire la tribune sur&nbsp;<a href=\"https:\/\/www.liberation.fr\/idees-et-debats\/tribunes\/loi-separatisme-il-est-encore-temps-20210616_2RFMJUCNDNCFNOPCJA6QOUMSEA\/\">LIB\u00c9RATION<\/a><\/p>\n<p style=\"text-align: justify;\"><strong>Paris, le 15 juin 2021<\/strong><\/p>\n<p>&nbsp;<\/p>\n<p><a href=\"http:\/\/www.atmf.org\/wp-content\/uploads\/2021\/06\/Appel-loi-separatisme-Il-est-encore-temps-def-1.pdf\">Appel loi separatisme &#8211; Il est encore temps def<\/a><\/p>\n","protected":false},"excerpt":{"rendered":"<p>Tribune collective, \u00e0 l\u2019initiative de la LDH, sign\u00e9e par 50 organisations et 54 personnalit\u00e9s signataires et publi\u00e9e dans&nbsp;LIB\u00c9RATION&nbsp; Le projet de loi confortant le respect des principes de la R\u00e9publique est \u00e0 nouveau examin\u00e9 par l\u2019Assembl\u00e9e nationale, apr\u00e8s l\u2019\u00e9chec de &hellip; <a href=\"http:\/\/www.atmf.org\/?p=8230\">Continue reading <span class=\"meta-nav\">&rarr;<\/span><\/a><\/p>\n","protected":false},"author":1,"featured_media":8231,"comment_status":"closed","ping_status":"closed","sticky":false,"template":"","format":"standard","meta":{"ngg_post_thumbnail":0,"_monsterinsights_skip_tracking":false,"_monsterinsights_sitenote_active":false,"_monsterinsights_sitenote_note":"","_monsterinsights_sitenote_category":0,"footnotes":""},"categories":[82],"tags":[444,443,284,441,442],"class_list":["post-8230","post","type-post","status-publish","format-standard","has-post-thumbnail","hentry","category-communiques","tag-conseil-de-letat","tag-defenseurs-des-droits","tag-france","tag-loi-separatisme","tag-senat"],"_links":{"self":[{"href":"http:\/\/www.atmf.org\/index.php?rest_route=\/wp\/v2\/posts\/8230","targetHints":{"allow":["GET"]}}],"collection":[{"href":"http:\/\/www.atmf.org\/index.php?rest_route=\/wp\/v2\/posts"}],"about":[{"href":"http:\/\/www.atmf.org\/index.php?rest_route=\/wp\/v2\/types\/post"}],"author":[{"embeddable":true,"href":"http:\/\/www.atmf.org\/index.php?rest_route=\/wp\/v2\/users\/1"}],"replies":[{"embeddable":true,"href":"http:\/\/www.atmf.org\/index.php?rest_route=%2Fwp%2Fv2%2Fcomments&post=8230"}],"version-history":[{"count":3,"href":"http:\/\/www.atmf.org\/index.php?rest_route=\/wp\/v2\/posts\/8230\/revisions"}],"predecessor-version":[{"id":8243,"href":"http:\/\/www.atmf.org\/index.php?rest_route=\/wp\/v2\/posts\/8230\/revisions\/8243"}],"wp:featuredmedia":[{"embeddable":true,"href":"http:\/\/www.atmf.org\/index.php?rest_route=\/wp\/v2\/media\/8231"}],"wp:attachment":[{"href":"http:\/\/www.atmf.org\/index.php?rest_route=%2Fwp%2Fv2%2Fmedia&parent=8230"}],"wp:term":[{"taxonomy":"category","embeddable":true,"href":"http:\/\/www.atmf.org\/index.php?rest_route=%2Fwp%2Fv2%2Fcategories&post=8230"},{"taxonomy":"post_tag","embeddable":true,"href":"http:\/\/www.atmf.org\/index.php?rest_route=%2Fwp%2Fv2%2Ftags&post=8230"}],"curies":[{"name":"wp","href":"https:\/\/api.w.org\/{rel}","templated":true}]}}