{"id":8933,"date":"2025-06-04T17:04:00","date_gmt":"2025-06-04T15:04:00","guid":{"rendered":"http:\/\/www.atmf.org\/?p=8933"},"modified":"2025-06-05T18:28:45","modified_gmt":"2025-06-05T16:28:45","slug":"assassinat-raciste-de-hichem-miraoui","status":"publish","type":"post","link":"http:\/\/www.atmf.org\/?p=8933","title":{"rendered":"Assassinat raciste de Hichem Miraoui"},"content":{"rendered":"\n<p><strong>Le sang vers\u00e9 par l\u2019extr\u00eame droite coule avec la complicit\u00e9 du pouvoir politique<\/strong><\/p>\n\n\n\n<p><strong>Hichem Miraoui, coiffeur tunisien de 35 ans, a \u00e9t\u00e9 ex\u00e9cut\u00e9 en pleine rue \u00e0 Puget-sur-Argens, victime d\u2019un crime raciste revendiqu\u00e9 par un militant fasciste, auteur de vid\u00e9os haineuses et de publications ouvertement racistes. Une seconde personne, d\u2019origine turque, a \u00e9t\u00e9 gri\u00e8vement bless\u00e9e. Ce crime n\u2019est pas un fait divers. C\u2019est un acte politique. C\u2019est un meurtre nourri par un climat de haine, de stigmatisation syst\u00e9matique des immigr\u00e9s, des musulmans et des quartiers populaires. C\u2019est un crime encourag\u00e9 par les discours politiques, amplifi\u00e9 par des complicit\u00e9s m\u00e9diatiques<\/strong>.<\/p>\n\n\n\n<p><strong><\/strong><strong>Nous accusons.<\/strong><\/p>\n\n\n\n<p><strong>Nous accusons les gouvernements successifs qui, loin de prot\u00e9ger les personnes cibl\u00e9es par le racisme, ont au contraire cr\u00e9\u00e9 les conditions de leur mise en danger.<\/strong><\/p>\n\n\n\n<p><strong>Nous accusons les responsables politiques, comme le ministre de l\u2019Int\u00e9rieur Bruno Retailleau, qui valide les collectifs identitaires, et le Premier ministre Fran\u00e7ois Bayrou, qui reprend les th\u00e8ses de \u00ab submersion migratoire \u00bb ch\u00e8res \u00e0 l\u2019extr\u00eame droite.<\/strong><\/p>\n\n\n\n<p><strong>Nous accusons les \u00e9ditorialistes et m\u00e9dias dominants qui servent de caisse de r\u00e9sonance \u00e0 la haine, \u00e0 la x\u00e9nophobie, \u00e0 l\u2019islamophobie, avec une complaisance criminelle.<\/strong><\/p>\n\n\n\n<p><strong>Nous accusons les pouvoirs publics d\u2019avoir laiss\u00e9 prosp\u00e9rer, voire prot\u00e9g\u00e9, des groupuscules fascistes violents, au lieu de les dissoudre et de les combattre frontalement.<\/strong><\/p>\n\n\n\n<p><strong>Ce crime n\u2019est ni une surprise, ni un accident. Il est le fruit d\u2019un racisme syst\u00e9mique, institutionnel et organis\u00e9. Il s\u2019inscrit dans une escalade de violences racistes document\u00e9es, banalis\u00e9es, tol\u00e9r\u00e9es. Il intervient apr\u00e8s des attaques contre des mosqu\u00e9es, des agressions de militants, des manifestations fascistes \u00e0 visage d\u00e9couvert. Il intervient dans une France o\u00f9 les victimes du racisme sont suspect\u00e9es, o\u00f9 les crimes racistes sont minimis\u00e9s, o\u00f9 les forces de l\u2019ordre r\u00e9priment les mobilisations antiracistes mais laissent les n\u00e9onazis d\u00e9filer.<\/strong><\/p>\n\n\n\n<p><strong>Ce qui s\u2019est pass\u00e9 \u00e0 Puget-sur-Argens n\u2019est que l\u2019avant-go\u00fbt d\u2019un projet d\u2019\u00e9puration raciale pr\u00f4n\u00e9 par une extr\u00eame droite d\u00e9complex\u00e9e, et d\u00e9sormais soutenue, dans les faits, par le pouvoir politique.<\/strong><\/p>\n\n\n\n<p><strong>Nous refusons le silence, l\u2019indignation feinte et les condamnations molles. Nous exigeons des actes, imm\u00e9diatement :<\/strong><\/p>\n\n\n\n<ul class=\"wp-block-list\">\n<li><strong>La reconnaissance politique du caract\u00e8re raciste de l\u2019assassinat de Hichem Miraoui comme crime terroriste d\u2019extr\u00eame droite.<\/strong><\/li>\n\n\n\n<li><strong>La dissolution sans d\u00e9lai des groupes et collectifs fascistes, y compris ceux qui b\u00e9n\u00e9ficient aujourd\u2019hui de relais institutionnels.<\/strong><\/li>\n\n\n\n<li><strong>La mise en accusation des responsables politiques qui ont l\u00e9gitim\u00e9 ou soutenu ces discours haineux, ainsi qu\u2019un audit ind\u00e9pendant sur leurs complicit\u00e9s.<\/strong><\/li>\n\n\n\n<li><strong>La mise en place d\u2019un fonds d\u2019urgence pour les victimes du racisme et leurs proches.<\/strong><\/li>\n\n\n\n<li><strong>La fin des politiques racistes et s\u00e9curitaires qui servent d\u2019alibi aux violences structurelles.<\/strong><\/li>\n<\/ul>\n\n\n\n<p><strong>Le fascisme ne passera pas.<\/strong><\/p>\n\n\n\n<p><strong>Le racisme tue.<\/strong><\/p>\n\n\n\n<p><strong>Le discours haineux des politiques est complice.<\/strong><\/p>\n\n\n\n<p><strong>Nous n\u2019oublierons pas Hichem Miraoui.<\/strong><\/p>\n\n\n\n<p><strong>Nous n\u2019oublierons pas toutes les victimes du racisme, du fascisme et de la haine.<\/strong><\/p>\n\n\n\n<p class=\"has-text-align-right\"><strong>Conseil d&rsquo;Administration &#8211; 04 juin 2025<\/strong><\/p>\n\n\n\n<figure class=\"wp-block-image size-large\"><img loading=\"lazy\" decoding=\"async\" width=\"724\" height=\"1024\" src=\"http:\/\/www.atmf.org\/wp-content\/uploads\/2025\/06\/Atmf-communique-Assassinat-raciste-de-Hichem-Miraoui-724x1024.jpg\" alt=\"\" class=\"wp-image-8942\" srcset=\"http:\/\/www.atmf.org\/wp-content\/uploads\/2025\/06\/Atmf-communique-Assassinat-raciste-de-Hichem-Miraoui-724x1024.jpg 724w, http:\/\/www.atmf.org\/wp-content\/uploads\/2025\/06\/Atmf-communique-Assassinat-raciste-de-Hichem-Miraoui-212x300.jpg 212w, http:\/\/www.atmf.org\/wp-content\/uploads\/2025\/06\/Atmf-communique-Assassinat-raciste-de-Hichem-Miraoui-768x1086.jpg 768w, http:\/\/www.atmf.org\/wp-content\/uploads\/2025\/06\/Atmf-communique-Assassinat-raciste-de-Hichem-Miraoui-1086x1536.jpg 1086w, http:\/\/www.atmf.org\/wp-content\/uploads\/2025\/06\/Atmf-communique-Assassinat-raciste-de-Hichem-Miraoui-1448x2048.jpg 1448w, http:\/\/www.atmf.org\/wp-content\/uploads\/2025\/06\/Atmf-communique-Assassinat-raciste-de-Hichem-Miraoui-800x1131.jpg 800w, http:\/\/www.atmf.org\/wp-content\/uploads\/2025\/06\/Atmf-communique-Assassinat-raciste-de-Hichem-Miraoui-scaled.jpg 1810w\" sizes=\"auto, (max-width: 724px) 100vw, 724px\" \/><\/figure>\n\n\n\n<div data-wp-interactive=\"core\/file\" class=\"wp-block-file\"><object data-wp-bind--hidden=\"!state.hasPdfPreview\" hidden class=\"wp-block-file__embed\" data=\"http:\/\/www.atmf.org\/wp-content\/uploads\/2025\/06\/Atmf-communique-Assassinat-raciste-de-Hichem-Miraoui.pdf\" type=\"application\/pdf\" style=\"width:100%;height:600px\" aria-label=\"Contenu embarqu\u00e9 Atmf communiqu\u00e9 - Assassinat raciste de Hichem Miraoui.\"><\/object><a id=\"wp-block-file--media-7b377b31-46ee-4c5a-a8ef-aa1b60f1f361\" href=\"http:\/\/www.atmf.org\/wp-content\/uploads\/2025\/06\/Atmf-communique-Assassinat-raciste-de-Hichem-Miraoui.pdf\">Atmf communiqu\u00e9 &#8211; Assassinat raciste de Hichem Miraoui<\/a><a href=\"http:\/\/www.atmf.org\/wp-content\/uploads\/2025\/06\/Atmf-communique-Assassinat-raciste-de-Hichem-Miraoui.pdf\" class=\"wp-block-file__button wp-element-button\" download aria-describedby=\"wp-block-file--media-7b377b31-46ee-4c5a-a8ef-aa1b60f1f361\">T\u00e9l\u00e9charger<\/a><\/div>\n","protected":false},"excerpt":{"rendered":"<p>Le sang vers\u00e9 par l\u2019extr\u00eame droite coule avec la complicit\u00e9 du pouvoir politique Hichem Miraoui, coiffeur tunisien de 35 ans, a \u00e9t\u00e9 ex\u00e9cut\u00e9 en pleine rue \u00e0 Puget-sur-Argens, victime d\u2019un crime raciste revendiqu\u00e9 par un militant fasciste, auteur de vid\u00e9os &hellip; <a href=\"http:\/\/www.atmf.org\/?p=8933\">Continue reading <span class=\"meta-nav\">&rarr;<\/span><\/a><\/p>\n","protected":false},"author":1,"featured_media":8939,"comment_status":"closed","ping_status":"closed","sticky":false,"template":"","format":"standard","meta":{"ngg_post_thumbnail":0,"_monsterinsights_skip_tracking":false,"_monsterinsights_sitenote_active":false,"_monsterinsights_sitenote_note":"","_monsterinsights_sitenote_category":0,"footnotes":""},"categories":[108],"tags":[453,434,284,534,532,533,116],"class_list":["post-8933","post","type-post","status-publish","format-standard","has-post-thumbnail","hentry","category-lutte-contre-le-racisme","tag-crime","tag-fascisme","tag-france","tag-haine","tag-hichem-miraoui","tag-puget-sur-argens","tag-racisme"],"_links":{"self":[{"href":"http:\/\/www.atmf.org\/index.php?rest_route=\/wp\/v2\/posts\/8933","targetHints":{"allow":["GET"]}}],"collection":[{"href":"http:\/\/www.atmf.org\/index.php?rest_route=\/wp\/v2\/posts"}],"about":[{"href":"http:\/\/www.atmf.org\/index.php?rest_route=\/wp\/v2\/types\/post"}],"author":[{"embeddable":true,"href":"http:\/\/www.atmf.org\/index.php?rest_route=\/wp\/v2\/users\/1"}],"replies":[{"embeddable":true,"href":"http:\/\/www.atmf.org\/index.php?rest_route=%2Fwp%2Fv2%2Fcomments&post=8933"}],"version-history":[{"count":3,"href":"http:\/\/www.atmf.org\/index.php?rest_route=\/wp\/v2\/posts\/8933\/revisions"}],"predecessor-version":[{"id":8943,"href":"http:\/\/www.atmf.org\/index.php?rest_route=\/wp\/v2\/posts\/8933\/revisions\/8943"}],"wp:featuredmedia":[{"embeddable":true,"href":"http:\/\/www.atmf.org\/index.php?rest_route=\/wp\/v2\/media\/8939"}],"wp:attachment":[{"href":"http:\/\/www.atmf.org\/index.php?rest_route=%2Fwp%2Fv2%2Fmedia&parent=8933"}],"wp:term":[{"taxonomy":"category","embeddable":true,"href":"http:\/\/www.atmf.org\/index.php?rest_route=%2Fwp%2Fv2%2Fcategories&post=8933"},{"taxonomy":"post_tag","embeddable":true,"href":"http:\/\/www.atmf.org\/index.php?rest_route=%2Fwp%2Fv2%2Ftags&post=8933"}],"curies":[{"name":"wp","href":"https:\/\/api.w.org\/{rel}","templated":true}]}}