{"id":8983,"date":"2026-03-13T17:10:54","date_gmt":"2026-03-13T16:10:54","guid":{"rendered":"https:\/\/www.atmf.org\/?p=8983"},"modified":"2026-03-13T17:10:56","modified_gmt":"2026-03-13T16:10:56","slug":"reste-la-bas-latmf-denonce-linsulte-de-trop-et-le-mepris-systemique-du-gouvernement-marocain","status":"publish","type":"post","link":"http:\/\/www.atmf.org\/?p=8983","title":{"rendered":"\u00ab RESTE LA-BAS \u00bb :L\u2019ATMF d\u00e9nonce l\u2019insulte de trop et le m\u00e9pris syst\u00e9mique du gouvernement marocain"},"content":{"rendered":"\n<p>L&rsquo;Association des Travailleurs Maghr\u00e9bins de France (ATMF) d\u00e9nonce avec une profonde indignation les propos inqualifiables d&rsquo;un ministre du gouvernement marocain qui a os\u00e9 insulter des millions de Marocains du Monde.<\/p>\n\n\n\n<p>En affirmant avec arrogance que <strong>le retour des MRE au Maroc ne devait pas \u00eatre consid\u00e9r\u00e9 comme un \u00ab cadeau \u00bb<\/strong>, et en lan\u00e7ant cette formule particuli\u00e8rement blessante, <strong>\u00ab Reste l\u00e0-bas \u00bb<\/strong>, le ministre a franchi le seuil de l&rsquo;inacceptable.<\/p>\n\n\n\n<p><strong><mark style=\"background-color:rgba(0, 0, 0, 0)\" class=\"has-inline-color has-vivid-red-color\">Assez !<\/mark><\/strong><\/p>\n\n\n\n<p>Ces attaques r\u00e9p\u00e9t\u00e9es ne sont pas des incidents isol\u00e9s, mais r\u00e9v\u00e8lent le vrai visage d&rsquo;un syst\u00e8me qui traite sa diaspora comme un simple \u00ab distributeur automatique de billets \u00bb. Il est intol\u00e9rable qu\u2019un gouvernement ose m\u00e9priser celles et ceux qui, par leur attachement et leur sacrifice, injectent chaque ann\u00e9e <strong>plus de 100 milliards de dirhams<\/strong> dans l&rsquo;\u00e9conomie nationale.<\/p>\n\n\n\n<p><strong><mark style=\"background-color:rgba(0, 0, 0, 0)\" class=\"has-inline-color has-vivid-red-color\">L&rsquo;hypocrisie \u00e0 son paroxysme<\/mark><\/strong><\/p>\n\n\n\n<p>Le gouvernement marocain excelle d\u00e9sormais dans l&rsquo;art du double discours :<\/p>\n\n\n\n<ul class=\"wp-block-list\">\n<li>Il qu\u00e9mande nos devises avec insistance, mais pi\u00e9tine nos droits les plus \u00e9l\u00e9mentaires.<\/li>\n<\/ul>\n\n\n\n<ul class=\"wp-block-list\">\n<li>Il c\u00e9l\u00e8bre nos succ\u00e8s \u00e0 l&rsquo;\u00e9tranger pour son image, mais s\u2019emploie \u00e0 museler nos voix critiques.<\/li>\n<\/ul>\n\n\n\n<ul class=\"wp-block-list\">\n<li>Il nous qualifie pompeusement d&rsquo;\u00ab ambassadeurs du Maroc \u00bb tout en nous traitant, par ses paroles et ses actes, <strong>comme des citoyens de seconde zone.<\/strong><\/li>\n<\/ul>\n\n\n\n<ul class=\"wp-block-list\">\n<li>Il encaisse nos transferts de fonds records, mais rejette syst\u00e9matiquement nos aspirations d\u00e9mocratiques.<\/li>\n<\/ul>\n\n\n\n<p><strong><mark style=\"background-color:rgba(0, 0, 0, 0)\" class=\"has-inline-color has-vivid-red-color\">Nous accusons<\/mark><\/strong><\/p>\n\n\n\n<p>Nous accusons ce gouvernement de perp\u00e9tuer <strong>une v\u00e9ritable arnaque institutionnelle<\/strong> : extraire le maximum de ressources de sa diaspora tout en lui refusant une repr\u00e9sentation politique digne et le droit de participer pleinement aux d\u00e9cisions qui engagent son avenir.<\/p>\n\n\n\n<p><strong><mark style=\"background-color:rgba(0, 0, 0, 0)\" class=\"has-inline-color has-vivid-red-color\">La diaspora n&rsquo;est pas votre vache \u00e0 lait<\/mark><\/strong><\/p>\n\n\n\n<p>Cette \u00e9poque o\u00f9 le m\u00e9pris tenait lieu de politique est r\u00e9volue.<\/p>\n\n\n\n<p>Nous sommes 5 millions de citoyens conscients, fiers et exigeants, qui demandent aujourd\u2019hui des comptes.<\/p>\n\n\n\n<p>Notre r\u00e9ponse sera \u00e0 la hauteur du m\u00e9pris.<\/p>\n\n\n\n<p>L&rsquo;ATMF lance un appel solennel \u00e0 toute la diaspora marocaine : <strong>MOBILISONS-NOUS !<\/strong><\/p>\n\n\n\n<p>Il est temps de transformer notre force \u00e9conomique en un v\u00e9ritable pouvoir politique.<\/p>\n\n\n\n<p>\u00c0 ce gouvernement qui nous envoie des fins de non-recevoir m\u00e9prisantes, nous r\u00e9pondons :<\/p>\n\n\n\n<p><strong>Vous avez besoin de nous, nous n&rsquo;avons pas besoin de vous.<\/strong><\/p>\n\n\n\n<p>Le temps du silence complice est termin\u00e9.<\/p>\n\n\n\n<p>La diaspora saura s&rsquo;organiser, r\u00e9sister et imposer le respect qu&rsquo;elle m\u00e9rite.<\/p>\n\n\n\n<p><strong>Le temps de l&rsquo;action est venu<\/strong><\/p>\n\n\n\n<p><\/p>\n","protected":false},"excerpt":{"rendered":"<p>L&rsquo;Association des Travailleurs Maghr\u00e9bins de France (ATMF) d\u00e9nonce avec une profonde indignation les propos inqualifiables d&rsquo;un ministre du gouvernement marocain qui a os\u00e9 insulter des millions de Marocains du Monde. En affirmant avec arrogance que le retour des MRE au &hellip; <a href=\"http:\/\/www.atmf.org\/?p=8983\">Continue reading <span class=\"meta-nav\">&rarr;<\/span><\/a><\/p>\n","protected":false},"author":1,"featured_media":0,"comment_status":"closed","ping_status":"closed","sticky":false,"template":"","format":"standard","meta":{"ngg_post_thumbnail":0,"_monsterinsights_skip_tracking":false,"_monsterinsights_sitenote_active":false,"_monsterinsights_sitenote_note":"","_monsterinsights_sitenote_category":0,"footnotes":""},"categories":[82,1],"tags":[],"class_list":["post-8983","post","type-post","status-publish","format-standard","hentry","category-communiques","category-non-classe"],"_links":{"self":[{"href":"http:\/\/www.atmf.org\/index.php?rest_route=\/wp\/v2\/posts\/8983","targetHints":{"allow":["GET"]}}],"collection":[{"href":"http:\/\/www.atmf.org\/index.php?rest_route=\/wp\/v2\/posts"}],"about":[{"href":"http:\/\/www.atmf.org\/index.php?rest_route=\/wp\/v2\/types\/post"}],"author":[{"embeddable":true,"href":"http:\/\/www.atmf.org\/index.php?rest_route=\/wp\/v2\/users\/1"}],"replies":[{"embeddable":true,"href":"http:\/\/www.atmf.org\/index.php?rest_route=%2Fwp%2Fv2%2Fcomments&post=8983"}],"version-history":[{"count":3,"href":"http:\/\/www.atmf.org\/index.php?rest_route=\/wp\/v2\/posts\/8983\/revisions"}],"predecessor-version":[{"id":8986,"href":"http:\/\/www.atmf.org\/index.php?rest_route=\/wp\/v2\/posts\/8983\/revisions\/8986"}],"wp:attachment":[{"href":"http:\/\/www.atmf.org\/index.php?rest_route=%2Fwp%2Fv2%2Fmedia&parent=8983"}],"wp:term":[{"taxonomy":"category","embeddable":true,"href":"http:\/\/www.atmf.org\/index.php?rest_route=%2Fwp%2Fv2%2Fcategories&post=8983"},{"taxonomy":"post_tag","embeddable":true,"href":"http:\/\/www.atmf.org\/index.php?rest_route=%2Fwp%2Fv2%2Ftags&post=8983"}],"curies":[{"name":"wp","href":"https:\/\/api.w.org\/{rel}","templated":true}]}}