{"id":1763,"date":"2005-07-29T12:05:09","date_gmt":"2005-07-29T10:05:09","guid":{"rendered":"http:\/\/new.atmf.org\/?p=1763"},"modified":"2015-04-15T13:52:51","modified_gmt":"2015-04-15T11:52:51","slug":"non-a-sharon-non-au-mur-non-a-l503-2","status":"publish","type":"post","link":"https:\/\/www.atmf.org\/?p=1763","title":{"rendered":"Non \u00e0 Sharon ! Non au mur ! Non \u00e0 l&rsquo;occupation !"},"content":{"rendered":"<p>Le pr\u00e9sident de la R\u00e9publique vient officiellement d&rsquo;inviter le Premier ministre isra\u00e9lien, Ariel Sharon, en France, cet \u00e9t\u00e9.<\/p>\n<p>Nos organisations, qui agissent pour la reconnaissance des droits nationaux du peuple palestinien et pour une paix juste et durable entre Palestiniens et Isra\u00e9liens, ne peuvent accepter sans r\u00e9agir cette visite officielle.<\/p>\n<p>Le gouvernement isra\u00e9lien tente de se r\u00e9habiliter en annon\u00e7ant le retrait prochain des colons de la bande de Gaza qui, en r\u00e9alit\u00e9, maintiendra les Palestiniens dans une prison \u00e0 ciel ouvert. De plus, il poursuit simultan\u00e9ment sa politique de colonisation et d&rsquo;annexion de la Cisjordanie et de J\u00e9rusalem.<\/p>\n<p>Le mur, dont il acc\u00e9l\u00e8re la construction, morcelle ces territoires palestiniens, confisque des terres et des points d&rsquo;eau, d\u00e9truit des habitations et des cultures, enferme des centaines de milliers de palestiniens dans des enclaves qui sont autant de bantoustans.<\/p>\n<p>Dans le m\u00eame temps, le gouvernement isra\u00e9lien ne cesse d&rsquo;\u00e9tendre les blocs de colonies. Il maintient en d\u00e9tention 8000 prisonniers politiques palestiniens, au m\u00e9pris de la IV\u00b0 Convention de Gen\u00e8ve.<\/p>\n<p>En conduisant cette politique, les dirigeants isra\u00e9liens entendent priver le peuple palestinien de son droit \u00e0 disposer d&rsquo;un Etat souverain, sur les fronti\u00e8res de 1967, conform\u00e9ment aux r\u00e9solutions des Nations unies.<\/p>\n<p>Voil\u00e0 tout juste un an, le 9 juillet 2004, la Cour internationale de Justice de La Haye, la plus haute instance judiciaire des Nations unies, a d\u00e9clar\u00e9 ill\u00e9gale la construction du mur, demand\u00e9 son d\u00e9mant\u00e8lement et enjoint la communaut\u00e9 internationale \u00e0 faire respecter par Isra\u00ebl le droit international humanitaire incorpor\u00e9 dans la Convention de Gen\u00e8ve. L&rsquo;Assembl\u00e9e g\u00e9n\u00e9rale des Nations unies &#8211; dont les 25 Etats membres de l&rsquo;Union europ\u00e9enne &#8211; a adopt\u00e9 ces recommandations le 20 juillet 2004. Mais rien n&rsquo;a, depuis, \u00e9t\u00e9 entrepris pour contraindre le gouvernement Sharon \u00e0 renoncer \u00e0 sa politique d&rsquo;agression et de guerre. En France, des centaines de milliers de citoyens ont d\u00e9j\u00e0 sign\u00e9 une p\u00e9tition condamnant le mur et exigeant des sanctions contre le gouvernement isra\u00e9lien.<\/p>\n<p>&lt;img242|center&gt;<\/p>\n<p>Dans ces conditions, la visite officielle d&rsquo;Ariel Sharon en France est un d\u00e9ni du droit international et du droit des peuples \u00e0 d\u00e9terminer librement leur destin. La venue de ce criminel de guerre, responsable entre autres des massacres de Sabra et Chatila, est une insulte aux victimes de l&rsquo;occupation et aux r\u00e9fugi\u00e9s. Elle est un mauvais coup port\u00e9 \u00e0 la perspective d&rsquo;un r\u00e8glement juste du conflit et \u00e0 l&rsquo;action des forces qui, en Isra\u00ebl, luttent contre la colonisation des territoires palestiniens.<\/p>\n<p>C&rsquo;est pour cette raison que nous appelons \u00e0 manifester dans toute la France, le samedi 9 juillet, date anniversaire de l&rsquo;arr\u00eat de la Cour internationale de justice :<br \/>\n&#8211; pour le d\u00e9mant\u00e8lement total du mur d&rsquo;annexion de la Cisjordanie et de J\u00e9rusalem ;<br \/>\n&#8211; pour la fin de l&rsquo;occupation des territoires palestiniens ;<br \/>\n&#8211; pour la lib\u00e9ration des prisonniers politiques d\u00e9tenus par Isra\u00ebl au m\u00e9pris de la IV\u00b0 Convention de Gen\u00e8ve ;<br \/>\n&#8211; pour que les autorit\u00e9s fran\u00e7aises, et au-del\u00e0 celles de l&rsquo;Union europ\u00e9enne, exigent du gouvernement Sharon qu&rsquo;il respecte les exigences de la Cour internationale de justice, et qu&rsquo;elles s&rsquo;engagent \u00e0 prendre des sanctions \u00e0 son \u00e9gard face \u00e0 son refus persistant.<\/p>\n<p><b>Premiers signataires<\/b> : Les Alternatifs, Association de d\u00e9fense des droits de l&rsquo;Homme au Maroc (ASDHOM), Association France-Palestine-Solidarit\u00e9 (AFPS), Association des jumelages France-Palestine (AJFP), Association des travailleurs maghr\u00e9bins en France (ATMF), Campagne civile internationale pour la protection du peuple palestinien (CCIPPP), Les Casques bleus citoyens (LCBC), Collectif des musulmans de France (CMF), Coordination des comit\u00e9s Palestine, Comit\u00e9 Paix Palestine-Isra\u00ebl (CPPI), Femmes en noir, Femmes solidaires, Ligue communiste r\u00e9volutionnaire (LCR), Mouvement contre le racisme et pour l&rsquo;amiti\u00e9 entre les peuples (MRAP), Parti communiste fran\u00e7ais (PCF), Parti communiste des ouvriers de France (PCOF), Solidaires des Isra\u00e9liens contre l&rsquo;occupation (SICO), Union g\u00e9n\u00e9rale des \u00e9tudiants de Palestine (GUPS-France), Union juive fran\u00e7aise pour la paix (UJFP), les Verts.<\/p>\n","protected":false},"excerpt":{"rendered":"<p>Le pr\u00e9sident de la R\u00e9publique vient officiellement d&rsquo;inviter le Premier ministre isra\u00e9lien, Ariel Sharon, en France, cet \u00e9t\u00e9. Nos organisations, qui agissent pour la reconnaissance des droits nationaux du peuple palestinien et pour une paix juste et durable entre Palestiniens &hellip; <a href=\"https:\/\/www.atmf.org\/?p=1763\">Continue reading <span class=\"meta-nav\">&rarr;<\/span><\/a><\/p>\n","protected":false},"author":1,"featured_media":0,"comment_status":"closed","ping_status":"closed","sticky":false,"template":"","format":"standard","meta":{"ngg_post_thumbnail":0,"_monsterinsights_skip_tracking":false,"_monsterinsights_sitenote_active":false,"_monsterinsights_sitenote_note":"","_monsterinsights_sitenote_category":0,"footnotes":""},"categories":[8,82,50],"tags":[],"class_list":["post-1763","post","type-post","status-publish","format-standard","hentry","category-archives","category-communiques","category-palestine"],"_links":{"self":[{"href":"https:\/\/www.atmf.org\/index.php?rest_route=\/wp\/v2\/posts\/1763","targetHints":{"allow":["GET"]}}],"collection":[{"href":"https:\/\/www.atmf.org\/index.php?rest_route=\/wp\/v2\/posts"}],"about":[{"href":"https:\/\/www.atmf.org\/index.php?rest_route=\/wp\/v2\/types\/post"}],"author":[{"embeddable":true,"href":"https:\/\/www.atmf.org\/index.php?rest_route=\/wp\/v2\/users\/1"}],"replies":[{"embeddable":true,"href":"https:\/\/www.atmf.org\/index.php?rest_route=%2Fwp%2Fv2%2Fcomments&post=1763"}],"version-history":[{"count":2,"href":"https:\/\/www.atmf.org\/index.php?rest_route=\/wp\/v2\/posts\/1763\/revisions"}],"predecessor-version":[{"id":3686,"href":"https:\/\/www.atmf.org\/index.php?rest_route=\/wp\/v2\/posts\/1763\/revisions\/3686"}],"wp:attachment":[{"href":"https:\/\/www.atmf.org\/index.php?rest_route=%2Fwp%2Fv2%2Fmedia&parent=1763"}],"wp:term":[{"taxonomy":"category","embeddable":true,"href":"https:\/\/www.atmf.org\/index.php?rest_route=%2Fwp%2Fv2%2Fcategories&post=1763"},{"taxonomy":"post_tag","embeddable":true,"href":"https:\/\/www.atmf.org\/index.php?rest_route=%2Fwp%2Fv2%2Ftags&post=1763"}],"curies":[{"name":"wp","href":"https:\/\/api.w.org\/{rel}","templated":true}]}}