{"id":2037,"date":"2011-11-21T21:03:46","date_gmt":"2011-11-21T21:03:46","guid":{"rendered":"http:\/\/new.atmf.org\/?p=2037"},"modified":"2011-11-21T21:03:46","modified_gmt":"2011-11-21T21:03:46","slug":"maroc-nous-voulons-nos-disparus845-2","status":"publish","type":"post","link":"https:\/\/www.atmf.org\/?p=2037","title":{"rendered":"Maroc : nous voulons nos disparus"},"content":{"rendered":"<p>Le monde entier c\u00e9l\u00e8bre aujourd&rsquo;hui, 10 d\u00e9cembre, la Journ\u00e9e Internationale des Droits Humains.<\/p>\n<p><b>Au Maroc<\/b><\/p>\n<p>La v\u00e9rit\u00e9 sur le sort de dizaines de disparus reste inconnu un an apr\u00e8s la fin de l&rsquo;instance sens\u00e9 apporter la lumi\u00e8re sur ce sujet.<\/p>\n<p>&#8211; Le sort de centaines d&rsquo;autres citoyens anonymes victimes de la r\u00e9pression sanglante des diff\u00e9rents soul\u00e8vements populaires qui ont jalonn\u00e9s le r\u00e8gne de Hassan II, reste inconnu.<\/p>\n<p>&#8211; En d\u00e9cembre 2005, un charnier a \u00e9t\u00e9 d\u00e9couvert \u00e0 Casablanca. Une centaine de d\u00e9pouilles y ont \u00e9t\u00e9 trouv\u00e9es. Les victimes sont vraisemblablement des martyrs du soul\u00e8vement populaire du 20\/21 juin 1981.Un an apr\u00e8s, aucune suite judiciaire n&rsquo;a \u00e9t\u00e9 donn\u00e9e \u00e0 ce dossier malgr\u00e9 la saisine des autorit\u00e9s judiciaires par le Forum Marocain pour la V\u00e9rit\u00e9 et la Justice(FMVJ).<\/p>\n<p>&#8211; Le ph\u00e9nom\u00e8ne des disparitions perdure  sous le nouveau r\u00e8gne avec son cort\u00e8ge d&rsquo;enl\u00e8vements, de tortures et de morts suspectes dans les lieux de d\u00e9tention secrets ou non.<\/p>\n<p>Nous, associations marocaines signataires, lan\u00e7ons un appel \u00e0 tous les amis du peuple marocain et \u00e0 tous les d\u00e9mocrates \u00e0 un rassemblement pour la m\u00e9moire et l&rsquo;exigence de v\u00e9rit\u00e9 et de justice:<\/p>\n<p> <b><br \/>\nLe dimanche 10 d\u00e9cembre 06 \u00e0 15h30<br \/>\nSur le parvis des Droits de l&rsquo;Homme au Trocad\u00e9ro<\/b><\/p>\n<p>JUSTICE POUR LES VICTMES<br \/>\nNON A L&rsquo;IMPUNITE<\/p>\n<p>AMF, ATMF, ASDHOM, APADM, INSTITUT MEHDI BEN BARKA, FMVJ-France.<\/p>\n","protected":false},"excerpt":{"rendered":"<p>Le monde entier c\u00e9l\u00e8bre aujourd&rsquo;hui, 10 d\u00e9cembre, la Journ\u00e9e Internationale des Droits Humains. Au Maroc La v\u00e9rit\u00e9 sur le sort de dizaines de disparus reste inconnu un an apr\u00e8s la fin de l&rsquo;instance sens\u00e9 apporter la lumi\u00e8re sur ce sujet. &hellip; <a href=\"https:\/\/www.atmf.org\/?p=2037\">Continue reading <span class=\"meta-nav\">&rarr;<\/span><\/a><\/p>\n","protected":false},"author":1,"featured_media":0,"comment_status":"closed","ping_status":"open","sticky":false,"template":"","format":"standard","meta":{"ngg_post_thumbnail":0,"_monsterinsights_skip_tracking":false,"_monsterinsights_sitenote_active":false,"_monsterinsights_sitenote_note":"","_monsterinsights_sitenote_category":0,"footnotes":""},"categories":[1],"tags":[],"class_list":["post-2037","post","type-post","status-publish","format-standard","hentry","category-non-classe"],"_links":{"self":[{"href":"https:\/\/www.atmf.org\/index.php?rest_route=\/wp\/v2\/posts\/2037","targetHints":{"allow":["GET"]}}],"collection":[{"href":"https:\/\/www.atmf.org\/index.php?rest_route=\/wp\/v2\/posts"}],"about":[{"href":"https:\/\/www.atmf.org\/index.php?rest_route=\/wp\/v2\/types\/post"}],"author":[{"embeddable":true,"href":"https:\/\/www.atmf.org\/index.php?rest_route=\/wp\/v2\/users\/1"}],"replies":[{"embeddable":true,"href":"https:\/\/www.atmf.org\/index.php?rest_route=%2Fwp%2Fv2%2Fcomments&post=2037"}],"version-history":[{"count":0,"href":"https:\/\/www.atmf.org\/index.php?rest_route=\/wp\/v2\/posts\/2037\/revisions"}],"wp:attachment":[{"href":"https:\/\/www.atmf.org\/index.php?rest_route=%2Fwp%2Fv2%2Fmedia&parent=2037"}],"wp:term":[{"taxonomy":"category","embeddable":true,"href":"https:\/\/www.atmf.org\/index.php?rest_route=%2Fwp%2Fv2%2Fcategories&post=2037"},{"taxonomy":"post_tag","embeddable":true,"href":"https:\/\/www.atmf.org\/index.php?rest_route=%2Fwp%2Fv2%2Ftags&post=2037"}],"curies":[{"name":"wp","href":"https:\/\/api.w.org\/{rel}","templated":true}]}}