{"id":2054,"date":"2011-11-21T20:51:21","date_gmt":"2011-11-21T20:51:21","guid":{"rendered":"http:\/\/new.atmf.org\/?p=2054"},"modified":"2011-11-21T20:51:21","modified_gmt":"2011-11-21T20:51:21","slug":"journee-internationale-de-soutien866-2","status":"publish","type":"post","link":"https:\/\/www.atmf.org\/?p=2054","title":{"rendered":"Journ\u00e9e internationale de soutien aux prisonniers politiques en Tunisie"},"content":{"rendered":"<h3> &#8220;Pour la lib\u00e9ration des prisonniers politiques et pour la promulgation d&rsquo;une loi d&rsquo;amnistie g\u00e9n\u00e9rale au profit des victimes de la r\u00e9pression en Tunisie\u00a0\u00bb<\/h3>\n<p>Une coordination d&rsquo;associations tunisiennes, maghr\u00e9bines et arabes \u00e0 Paris s&rsquo;appr\u00eate \u00e0 organiser la sixi\u00e8me \u00e9dition de la journ\u00e9e internationale pour la lib\u00e9ration des prisonniers politiques et d&rsquo;opinion, pour la promulgation d&rsquo;une loi d&rsquo;amnistie g\u00e9n\u00e9rale au b\u00e9n\u00e9fice de l&rsquo;ensemble des victimes de la r\u00e9pression politique en Tunisie. Cela se fera en partenariat avec les associations de d\u00e9fense des droits humains en Tunisie ainsi qu&rsquo;avec le soutien des organisations internationales de d\u00e9fense des droits humains et des organisations politiques et des personnalit\u00e9s amies aux niveaux arabe et international.<\/p>\n<p>Il est d&rsquo;autant plus urgent que cette sixi\u00e8me journ\u00e9e se tienne de la mani\u00e8re la plus large possible qu&rsquo;elle se d\u00e9roule dans un contexte d&rsquo;une extr\u00eame gravit\u00e9 li\u00e9 aux affrontements arm\u00e9s qu&rsquo;a connu derni\u00e8rement le pays. Ce contexte occasionne d&rsquo;ores et d\u00e9j\u00e0 un renforcement de la politique r\u00e9pressive et liberticide du r\u00e9gime, couvert par un black-out m\u00e9diatique total. Il appelle une mobilisation et une vigilance de l&rsquo;ensemble du mouvement d\u00e9mocratique et des amis de la Tunisie.<\/p>\n<p>Dans l&rsquo;attente de la communication du programme pr\u00e9cis et du d\u00e9tail des activit\u00e9s qu&rsquo;il est pr\u00e9vu de tenir \u00e0 Paris, en Tunisie ainsi que dans diverses capitales arabes et internationales, la coordination parisienne vous communique une proposition de grandes lignes du programme d&rsquo;activit\u00e9s et des objectifs de la journ\u00e9e en question.<\/p>\n<p><b>Quant au contenu :<\/p>\n<p>L&rsquo;accent sera mis sur les points suivants :<\/b><\/p>\n<p>1-\tLes prisonniers :<br \/>\n&#8211;\tLes prisonniers du mouvement En-Nahdha<br \/>\n&#8211;\tLes prisonniers victimes de la loi \u00ab\u00a0antiterroriste\u00a0\u00bb<br \/>\n&#8211;\tLe prisonnier Mohammad Abbou<\/p>\n<p>2-\tLes ex-prisonniers : Situation des prisonniers politiques et d&rsquo;opinion lib\u00e9r\u00e9s<\/p>\n<p>3-\tLes familles : La punition collective et les familles de prisonniers<\/p>\n<p>4-\tLa question de l&rsquo;amnistie g\u00e9n\u00e9rale<\/p>\n<p><b>Quant aux objectifs :<\/b><\/p>\n<p>1-\tGarantir \u00e0 l&rsquo;initiative un large \u00e9cho m\u00e9diatique et mettre \u00e0 profit le contexte fran\u00e7ais de campagne \u00e9lectorale afin d&rsquo;obtenir un positionnement public des diff\u00e9rents candidats sur le dossier qui nous concerne<\/p>\n<p>2-\tRenforcer l&rsquo;attention et l&rsquo;int\u00e9r\u00eat internationaux pour le dossier<\/p>\n<p>3-\tTravailler avec nos partenaires en Tunisie \u00e0 impulser une dynamique nationale permanente travaillant sur la revendication d&rsquo;une \u00ab\u00a0loi d&rsquo;amnistie g\u00e9n\u00e9rale au b\u00e9n\u00e9fice des victimes de la r\u00e9pression politique en Tunisie\u00a0\u00bb<\/p>\n<p>Les associations initiatrices de ce projet vous appellent \u00e0 vous joindre au comit\u00e9 d&rsquo;organisation ou \u00e0 soutenir l&rsquo;initiative. Il s&rsquo;agit de faire de cette sixi\u00e8me \u00e9dition un \u00e9v\u00e9nement \u00e0 m\u00eame de susciter le plus large \u00e9cho et d&rsquo;avoir des cons\u00e9quences significatives dans le sens de la lev\u00e9e de l&rsquo;injustice que repr\u00e9sente l&rsquo;incarc\u00e9ration de citoyen(ne)s en raison de leurs opinions et de leurs choix politiques.<\/p>\n<p><b>Organis\u00e9e par<\/b> : Le Comit\u00e9 pour le Respect des Libert\u00e9s et des Droits de l&rsquo;Homme en Tunisie (CRLDHT), Solidarit\u00e9 Tunisienne, Voix Libre, F\u00e9d\u00e9ration des Tunisiens pour une Citoyennet\u00e9 des deux Rives (FTCR), Union des Travailleurs Immigr\u00e9s Tunisiens (UTIT), Association des Travailleurs Maghr\u00e9bins en France (ATMF), Commission Arabe des Droits Humains (ACHR), Rencontre Culturelle Euro-Arabe (RCEA), V\u00e9rit\u00e9 Action, Comit\u00e9 International pour la Lib\u00e9ration de Mohamed Abbou<\/p>\n<p><b>En partenariat avec<\/b> : La Ligue Tunisienne de D\u00e9fense des Droits de l&rsquo;Homme (LTDH), L&rsquo;Association Internationale de Soutien aux Prisonniers Politiques (AISPP), Le Conseil National pour les Libert\u00e9s en Tunisie (CNLT), L&rsquo;Association Tunisienne Contre la Torture (ATCT)<\/p>\n<p><b>Soutenue par<\/b> : Action des Chr\u00e9tiens pour l&rsquo;Abolition de la Torture (ACAT), Addameer pour la D\u00e9fense des Droits de l&rsquo;Homme (Gaza), Agir Ensemble pour les Droits de l&rsquo;Homme, Al-Karama pour la D\u00e9fense des Droits de l&rsquo;Homme (Gen\u00e8ve), Amman Centre for Human Rights Studies (Amman), Association des Droits de la Personne au Maghreb (ADPM &#8211; Canada), Collectif 18 octobre pour les Droits  et les Libert\u00e9s, Collectif des Avocats de D\u00e9fense du proc\u00e8s d&rsquo;\u00e9t\u00e9 1992 devant Tribunal militaire de Tunis, Collectif des Enfants et Proches des Prisonniers Politiques (CEPPP), Comit\u00e9 de D\u00e9fense des Prisonniers en Iraq (Bagdad), Comit\u00e9 de D\u00e9fense du Pr Moncef ben Salem,  Centre Tunisien de l&rsquo;ind\u00e9pendance de la Justice (CIJ), Comit\u00e9 Pour Les Libert\u00e9s en Tunisie Aix Marseille, Comit\u00e9s du R\u00e9veil de la Soci\u00e9t\u00e9 Civile en Syrie (Damas), Damascus Center for Theoretical Studies and Civil Rights (Sweden), Egyptian Association Against Torture, Fondation pour la Libert\u00e9 d&rsquo;expression, Human Rights First (Saudi Arabia), Human Rights Watch (HRW),  INTERNATIONAL COMPAIN FOR HUMAN RIGHT IN TUNISIA (GB), Le Centre d&rsquo;Information Inter-Peuples (CIIP) (Grenoble), Ligue des Droits de l&rsquo;Homme (LDH), Nadim Center for Rehabilitation of Victims of Violence-Egypt, Organisation Mondiale Contre la Torture (OMCT), Reporters Sans Fronti\u00e8res (RSF), R\u00e9seau Associatif Aix-Marseilles, R\u00e9seau Euro M\u00e9diterran\u00e9en des Droits de l&rsquo;Homme (REMDH), SADA pour les Droits et les Libert\u00e9s (Madrid), Syndicat de la Magistrature, Syndicat des Avocats de France (SAF), Association de D\u00e9fense des Droits de l&rsquo;Homme au Maroc (ASDHOM), Forum Marocain pour la v\u00e9rit\u00e9 et la justice (FMVJ-France); Congr\u00e8s Pour la R\u00e9publique (CPR), Forum D\u00e9mocratique pour le Travail et les Libert\u00e9s (FDTL), La Ligue Communiste R\u00e9volutionnaire (LCR), Les Verts, Mouvement Ennahdha, Parti Communiste des Ouvriers de Tunisie (PCOT), Parti Communiste Fran\u00e7ais (PCF), Parti D\u00e9mocrate Progressiste (PDP), M. BRET Robert, S\u00e9nateur des Bouches-du-Rh\u00f4ne (Provence Alpes Cote d&rsquo;Azur), Mme BORVO COHEN-SEAT Nicole, S\u00e9natrice de Paris (Ile-de-France), Mme BOUMEDIENE-THIERY Alima, S\u00e9natrice de Paris (Ile-de-France), Mme Monique CERISIER ben GUIGA, S\u00e9natrice des Fran\u00e7ais \u00e9tablis hors de France, M. Jos\u00e9 Bov\u00e9.<\/p>\n","protected":false},"excerpt":{"rendered":"<p>&#8220;Pour la lib\u00e9ration des prisonniers politiques et pour la promulgation d&rsquo;une loi d&rsquo;amnistie g\u00e9n\u00e9rale au profit des victimes de la r\u00e9pression en Tunisie\u00a0\u00bb Une coordination d&rsquo;associations tunisiennes, maghr\u00e9bines et arabes \u00e0 Paris s&rsquo;appr\u00eate \u00e0 organiser la sixi\u00e8me \u00e9dition de la &hellip; <a href=\"https:\/\/www.atmf.org\/?p=2054\">Continue reading <span class=\"meta-nav\">&rarr;<\/span><\/a> <a href=\"https:\/\/www.atmf.org\/?p=2054\">Continue reading <span class=\"meta-nav\">&rarr;<\/span><\/a><\/p>\n","protected":false},"author":1,"featured_media":0,"comment_status":"closed","ping_status":"open","sticky":false,"template":"","format":"standard","meta":{"ngg_post_thumbnail":0,"_monsterinsights_skip_tracking":false,"_monsterinsights_sitenote_active":false,"_monsterinsights_sitenote_note":"","_monsterinsights_sitenote_category":0,"footnotes":""},"categories":[1],"tags":[],"class_list":["post-2054","post","type-post","status-publish","format-standard","hentry","category-non-classe"],"_links":{"self":[{"href":"https:\/\/www.atmf.org\/index.php?rest_route=\/wp\/v2\/posts\/2054","targetHints":{"allow":["GET"]}}],"collection":[{"href":"https:\/\/www.atmf.org\/index.php?rest_route=\/wp\/v2\/posts"}],"about":[{"href":"https:\/\/www.atmf.org\/index.php?rest_route=\/wp\/v2\/types\/post"}],"author":[{"embeddable":true,"href":"https:\/\/www.atmf.org\/index.php?rest_route=\/wp\/v2\/users\/1"}],"replies":[{"embeddable":true,"href":"https:\/\/www.atmf.org\/index.php?rest_route=%2Fwp%2Fv2%2Fcomments&post=2054"}],"version-history":[{"count":0,"href":"https:\/\/www.atmf.org\/index.php?rest_route=\/wp\/v2\/posts\/2054\/revisions"}],"wp:attachment":[{"href":"https:\/\/www.atmf.org\/index.php?rest_route=%2Fwp%2Fv2%2Fmedia&parent=2054"}],"wp:term":[{"taxonomy":"category","embeddable":true,"href":"https:\/\/www.atmf.org\/index.php?rest_route=%2Fwp%2Fv2%2Fcategories&post=2054"},{"taxonomy":"post_tag","embeddable":true,"href":"https:\/\/www.atmf.org\/index.php?rest_route=%2Fwp%2Fv2%2Ftags&post=2054"}],"curies":[{"name":"wp","href":"https:\/\/api.w.org\/{rel}","templated":true}]}}