{"id":2071,"date":"2011-11-22T05:48:37","date_gmt":"2011-11-22T05:48:37","guid":{"rendered":"http:\/\/new.atmf.org\/?p=2071"},"modified":"2011-11-22T05:48:37","modified_gmt":"2011-11-22T05:48:37","slug":"uni-e-s-contre-une-immigration890-2","status":"publish","type":"post","link":"https:\/\/www.atmf.org\/?p=2071","title":{"rendered":"Uni(e)s contre une immigration jetable  : D\u00e9claration commune"},"content":{"rendered":"<p>Nous, organisations r\u00e9unies ce jour du mars 2007, faisons la d\u00e9claration suivante et en appelons \u00e0 une autre politique d&rsquo;immigration, fond\u00e9e sur le respect des droits fondamentaux et l&rsquo;\u00e9galit\u00e9 de traitement entre Fran\u00e7ais et \u00e9trangers.<\/p>\n<p>Nous tenons \u00e0 affirmer haut et fort, et avant toute autre consid\u00e9ration, que l&rsquo;immigration n&rsquo;est ni un \u00ab probl\u00e8me \u00bb, ni une menace pour l&rsquo;identit\u00e9 nationale et \u00e0 d\u00e9noncer l&rsquo;utilisation politicienne de ce fait de soci\u00e9t\u00e9.<\/p>\n<p>La pr\u00e9sente d\u00e9claration repose sur la lutte des sans-papiers et de leurs organisations, l&rsquo;expertise des associations pr\u00e9sentes sur le terrain aux c\u00f4t\u00e9s de ces populations, leurs connaissances des politiques men\u00e9es depuis de nombreuses ann\u00e9es et les valeurs humaines que, tous ensemble, nous entendons promouvoir et porter dans la soci\u00e9t\u00e9 fran\u00e7aise. <\/p>\n<p><b>Pour une autre politique d&rsquo;immigration<\/b><\/p>\n<p>Les politiques conduites depuis de nombreuses ann\u00e9es, tant \u00e0 l&rsquo;\u00e9chelle nationale qu&rsquo;au niveau europ\u00e9en, fond\u00e9es sur le principe de la fermeture des fronti\u00e8res m\u00e9connaissent les droits des \u00e9trangers (libert\u00e9 d&rsquo;aller et venir, droit \u00e0 mener une vie familiale normale, respect de la vie priv\u00e9e, droit d&rsquo;asile, dignit\u00e9 des personnes et notamment s&rsquo;agissant de l&rsquo;accueil des \u00e9tudiants \u00e9trangers&#8230;) et entravent leur exercice. Les organisations aspirent donc \u00e0 un changement de paradigme et revendiquent \u00e0 terme la libert\u00e9 de circulation et d&rsquo;\u00e9tablissement pour les \u00e9trangers, en s&rsquo;inspirant des principes qui gouvernent la libre circulation des citoyens de l&rsquo;Union europ\u00e9enne. <\/p>\n<p>Les organisations d\u00e9noncent toute politique (nationale et europ\u00e9enne), qui, tout en renfor\u00e7ant les contr\u00f4les des fronti\u00e8res, sous une forme de plus en plus militaris\u00e9e, qui plus est impos\u00e9e \u00e0 des Etats tiers, pratique \u00ab l&rsquo;immigration utile \u00bb. Celle-ci consiste \u00e0 reconna\u00eetre des possibilit\u00e9s d&rsquo;installation n\u00e9goci\u00e9es en fonction des int\u00e9r\u00eats des pays de l&rsquo;Union europ\u00e9enne, et cons\u00e9quemment \u00e0 s&rsquo;inscrire dans le refus de respecter les droits, les souhaits et les besoins des populations du Sud. La loi Sarkozy du 24 juillet 2006, qui entend promouvoir \u00ab l&rsquo;immigration choisie \u00bb et mettre un terme \u00e0 \u00ab l&rsquo;immigration subie \u00bb, est la caricature de ce type de politique. Nous en demandons l&rsquo;abrogation.<\/p>\n<p>Seule la libert\u00e9 de circulation peut rompre avec la logique meurtri\u00e8re et r\u00e9pressive qui vient frapper les \u00e9trangers ici sur le sol fran\u00e7ais, et l\u00e0-bas dans les pays de transit et plus largement sur les routes migratoires vers l&rsquo;Europe. Les exil\u00e9s morts sur le chemin, qui les conduit &#8211; croyaient-ils &#8211; vers la s\u00e9curit\u00e9 et l&rsquo;espoir d&rsquo;une vie meilleure, ne se comptent plus. <\/p>\n<p>Cette libert\u00e9 de circulation doit s&rsquo;accompagner d&rsquo;une libert\u00e9 d&rsquo;\u00e9tablissement qui garantisse les droits sociaux de tous. <\/p>\n<p>Lorsque les personnes parviennent malgr\u00e9 tous les obstacles \u00e0 entrer en France (ou dans un autre pays de l&rsquo;Union), les promoteurs de l&rsquo;utilitarisme migratoire savent se servir de leur clandestinit\u00e9 au profit de secteurs d&rsquo;activit\u00e9 qui s&#8217;empressent de les employer. Les \u00ab sans papiers \u00bb alimentent des pans entiers d&rsquo;une \u00e9conomie fond\u00e9e sur des imp\u00e9ratifs de flexibilit\u00e9 et d&rsquo;abaissement des co\u00fbts ; ils sont \u00e0 la merci des employeurs et des services de police. Aussi il ne peut y avoir de libert\u00e9 de circulation, sans libert\u00e9 d&rsquo;\u00e9tablissement afin d&rsquo;\u00e9radiquer cette course au \u00ab moins disant social \u00bb et emp\u00eacher une mise en concurrence entre salari\u00e9s : il faut donc placer tous les travailleurs sur un pied d&rsquo;\u00e9galit\u00e9 en accordant aux \u00e9trangers le droit \u00e0 une installation durable, seule garante de l&rsquo;\u00e9galit\u00e9 des droits sociaux avec les nationaux et les ressortissants communautaires. <\/p>\n<p>Nous, organisations signataires, r\u00e9clamons que les \u00e9trangers pr\u00e9sents sur le territoire de l&rsquo;Union europ\u00e9enne b\u00e9n\u00e9ficient d&rsquo;un statut align\u00e9 sur celui reconnu aux r\u00e9sidents communautaires. Nous soutenons le combat de tous qui, en Europe, luttent pour que cette revendication juste, l\u00e9gitime et \u00e9thique soit int\u00e9gralement appliqu\u00e9e au sein de toute  l&rsquo;Union.<\/p>\n<p><b>Dans l&rsquo;imm\u00e9diat<\/b><\/p>\n<p>Nous sommes conscients que la mise en &#339;uvre de cette autre politique d&rsquo;immigration doit se d\u00e9ployer dans le cadre de l&rsquo;Union europ\u00e9enne ;  nous exigeons n\u00e9anmoins l&rsquo;adoption par la France de mesures \u00e0 prendre d&rsquo;urgence qui, pour certaines d&rsquo;entre elles, ne n\u00e9cessitent pas l&rsquo;intervention du l\u00e9gislateur :<\/p>\n<p>&#8211;\tla r\u00e9gularisation de tous les sans papiers pr\u00e9sents sur le territoire national par la d\u00e9livrance d&rsquo;une carte de r\u00e9sident et la suspension des reconduites \u00e0 la fronti\u00e8re ;<\/p>\n<p>&#8211;\tla fin des rafles de sans papiers et des contr\u00f4les d&rsquo;identit\u00e9 discriminatoires, contraires \u00e0 la loi et aux pratiques \u00e9thiques ;<\/p>\n<p>&#8211;\tla disparition des statuts pr\u00e9caires impos\u00e9s aux personnes ayant vocation \u00e0 vivre durablement en France par la d\u00e9livrance d&rsquo;une carte de r\u00e9sident dans l&rsquo;esprit de la loi du 17 juillet 1984 ;<\/p>\n<p>&#8211;\tl&rsquo;abrogation r\u00e9elle de la \u00ab double peine \u00bb ;<\/p>\n<p>&#8211;\tl&rsquo;\u00e9galit\u00e9 entre Fran\u00e7ais et \u00e9trangers face aux droits sociaux (notamment la CMU pour tous) et \u00e9conomiques ;<\/p>\n<p>&#8211;\tle droit de vote et d&rsquo;\u00e9ligibilit\u00e9 aux \u00e9lections municipales et europ\u00e9ennes ;<\/p>\n<p>&#8211;\tla reconnaissance du droit du sol int\u00e9gral dans l&rsquo;attribution de la nationalit\u00e9 fran\u00e7aise ;<\/p>\n<p>&#8211;\tla remise en libert\u00e9 des sans papiers emprisonn\u00e9s pour s\u00e9jour irr\u00e9gulier et refus d&#8217;embarquement et la d\u00e9p\u00e9nalisation du s\u00e9jour irr\u00e9gulier ;<\/p>\n<p>&#8211;\tla ratification par la France de la convention internationale des Nations-Unies sur les droits des migrants ;<\/p>\n<p>&#8211;\tle droit \u00e0 une proc\u00e9dure \u00e9quitable s&rsquo;agissant de l&rsquo;examen des demandes d&rsquo;asile et la mise en place d&rsquo;une vraie politique d&rsquo;accueil des exil\u00e9s.<\/p>\n<p><b>S&rsquo;agissant des rapports Nord-Sud, nous demandons <\/b> :<\/p>\n<p>&#8211;\tque toute n\u00e9gociation Nord-Sud repose sur le principe de l&rsquo;\u00e9galit\u00e9 des interlocuteurs et que les dirigeants du Sud, qui ont si peu d\u00e9fendu les int\u00e9r\u00eats de leurs populations, assument pleinement leurs responsabilit\u00e9s ;<\/p>\n<p>&#8211;\tla suppression des conditions impos\u00e9es aux pays du Sud dans les n\u00e9gociations internationales (aide publique au d\u00e9veloppement, co-d\u00e9veloppement&#8230;), et tout particuli\u00e8rement celle de la sous-traitance de la lutte contre les migrations et la pression faite sur les consulats pour d\u00e9livrer des laisser-passer en vue d&rsquo;\u00e9loigner des sans papiers ;<\/p>\n<p>&#8211;\tla remise en cause de l&rsquo;aide publique au d\u00e9veloppement dans ses attributions actuelles (financement de la r\u00e9pression aux fronti\u00e8res, renforcement des dictatures &#8211; voir l&rsquo;exemple r\u00e9cent de la Guin\u00e9e Conakry) ;<\/p>\n<p>&#8211;\tl&rsquo;annulation inconditionnelle de la dette.<\/p>\n<p><b>Liste des organisations signataires :<\/b><\/p>\n<p>&#8211; UNEF<br \/>\n&#8211; Les Verts<br \/>\n&#8211; union syndicale de la psychiatrie<br \/>\n&#8211; les Alternatifs<br \/>\n&#8211; FSU<br \/>\n&#8211; MRAP<br \/>\n&#8211; PCF<br \/>\n&#8211; CGT<br \/>\n&#8211; syndicat de la magistrature<br \/>\n&#8211; Gisti<br \/>\n&#8211; ATMF<br \/>\n&#8211; LCR<br \/>\n&#8211; SUD \u00e9ducation<br \/>\n&#8211; ALIF (CSP 11i\u00e8me ; CSP 12i\u00e8me ; CSP 18i\u00e8me ; CSP 19i\u00e8me ; CSP Montreuil ; CSP 77 en lutte ; CSP 92)<br \/>\n&#8211; Collectif solidarit\u00e9 sans papiers 93<br \/>\n&#8211; coordination 93 pour la lutte des sans papiers<br \/>\n&#8211; Droits devants !!<br \/>\n&#8211; Act up ;<br \/>\n&#8211; AEOM<br \/>\n&#8211; Ras l&rsquo;Front<br \/>\n&#8211; Alternative citoyenne Ile de France<br \/>\n&#8211; COLCREA<br \/>\n&#8211; initiatives et actions citoyennes pour la d\u00e9mocratie et le d\u00e9veloppement<br \/>\n&#8211; ACORT<br \/>\n&#8211; PCOF<br \/>\n&#8211; MPE<br \/>\n&#8211; FTCR<br \/>\n&#8211; Coordination des Groupes de Femmes Egalit\u00e9<br \/>\n&#8211; RACORD<br \/>\n&#8211; ASTTU<br \/>\n&#8211; Union syndicale solidaire ;<br \/>\n&#8211; IACD<br \/>\n&#8211; COPAF<br \/>\n&#8211; Union des anarchistes<br \/>\n&#8211; Revue les nouvelles Libertaires<br \/>\n&#8211; CADTM &#8211; France<br \/>\n&#8211; Femmes de la terre<br \/>\n&#8211; FASTI<br \/>\n&#8211; Collectif de soutien des exil\u00e9s du 10i\u00e8me<br \/>\n&#8211; Autremonde<br \/>\n&#8211; 3i\u00e8me collectif<br \/>\n&#8211; DIDF<br \/>\n&#8211; Association le monde des cultures DAMBE<br \/>\n&#8211; regroupement des travailleurs s\u00e9n\u00e9galais en France<\/p>\n","protected":false},"excerpt":{"rendered":"<p>Nous, organisations r\u00e9unies ce jour du mars 2007, faisons la d\u00e9claration suivante et en appelons \u00e0 une autre politique d&rsquo;immigration, fond\u00e9e sur le respect des droits fondamentaux et l&rsquo;\u00e9galit\u00e9 de traitement entre Fran\u00e7ais et \u00e9trangers. Nous tenons \u00e0 affirmer haut &hellip; <a href=\"https:\/\/www.atmf.org\/?p=2071\">Continue reading <span class=\"meta-nav\">&rarr;<\/span><\/a><\/p>\n","protected":false},"author":1,"featured_media":0,"comment_status":"closed","ping_status":"open","sticky":false,"template":"","format":"standard","meta":{"ngg_post_thumbnail":0,"_monsterinsights_skip_tracking":false,"_monsterinsights_sitenote_active":false,"_monsterinsights_sitenote_note":"","_monsterinsights_sitenote_category":0,"footnotes":""},"categories":[1],"tags":[],"class_list":["post-2071","post","type-post","status-publish","format-standard","hentry","category-non-classe"],"_links":{"self":[{"href":"https:\/\/www.atmf.org\/index.php?rest_route=\/wp\/v2\/posts\/2071","targetHints":{"allow":["GET"]}}],"collection":[{"href":"https:\/\/www.atmf.org\/index.php?rest_route=\/wp\/v2\/posts"}],"about":[{"href":"https:\/\/www.atmf.org\/index.php?rest_route=\/wp\/v2\/types\/post"}],"author":[{"embeddable":true,"href":"https:\/\/www.atmf.org\/index.php?rest_route=\/wp\/v2\/users\/1"}],"replies":[{"embeddable":true,"href":"https:\/\/www.atmf.org\/index.php?rest_route=%2Fwp%2Fv2%2Fcomments&post=2071"}],"version-history":[{"count":0,"href":"https:\/\/www.atmf.org\/index.php?rest_route=\/wp\/v2\/posts\/2071\/revisions"}],"wp:attachment":[{"href":"https:\/\/www.atmf.org\/index.php?rest_route=%2Fwp%2Fv2%2Fmedia&parent=2071"}],"wp:term":[{"taxonomy":"category","embeddable":true,"href":"https:\/\/www.atmf.org\/index.php?rest_route=%2Fwp%2Fv2%2Fcategories&post=2071"},{"taxonomy":"post_tag","embeddable":true,"href":"https:\/\/www.atmf.org\/index.php?rest_route=%2Fwp%2Fv2%2Ftags&post=2071"}],"curies":[{"name":"wp","href":"https:\/\/api.w.org\/{rel}","templated":true}]}}