{"id":2083,"date":"2011-11-22T01:16:11","date_gmt":"2011-11-22T01:16:11","guid":{"rendered":"http:\/\/new.atmf.org\/?p=2083"},"modified":"2011-11-22T01:16:11","modified_gmt":"2011-11-22T01:16:11","slug":"maroc-les-annees-de-plomb-sont906-2","status":"publish","type":"post","link":"https:\/\/www.atmf.org\/?p=2083","title":{"rendered":"Maroc : Les ann\u00e9es de plomb sont elles vraiment derri\u00e8re nous ?"},"content":{"rendered":"<p>Le 1er mai au Maroc, comme partout dans le monde, la classe ouvri\u00e8re, les salari\u00e9s et les d\u00e9mocrates c\u00e9l\u00e8brent les luttes qui ont fait avancer la d\u00e9mocratie sociale et politique.<br \/>\nLa nouvelle \u00e8re de gouvernance au Maroc a marqu\u00e9 ce 1er mai par des dizaines d&rsquo;arrestations de syndicalistes, militants associatifs et des droits humains dans diff\u00e9rentes r\u00e9gions du Nord au Sud.<br \/>\nDes interpellations muscl\u00e9es marqu\u00e9es par l&rsquo;usage de la torture et suivies de condamnations \u00e0 des ann\u00e9es de prison ferme pour \u00ab atteinte aux valeurs sacr\u00e9es du Maroc \u00bb.<\/p>\n<p>Les organisations signataires affirment leur soutien aux militants arr\u00eat\u00e9s et s&rsquo;insurgent contre ces atteintes aux droits fondamentaux que sont le droit de manifestation, de gr\u00e8ve et de libert\u00e9 d&rsquo;expression.<\/p>\n<p>Elles exigent du pouvoir marocain la lib\u00e9ration imm\u00e9diate des militants et l&rsquo;arr\u00eat des poursuites \u00e0 leur encontre.<br \/>\nElles appellent les d\u00e9mocrates et les organisations de la soci\u00e9t\u00e9 civile \u00e0 apporter leur soutien aux victimes et \u00e0 interpeller les autorit\u00e9s marocaines pour exiger le respect des libert\u00e9s fondamentales et la fin de ces pratiques qui ne sont pas sans rappeler les pages sombres de l&rsquo;histoire du Maroc <\/p>\n<h3>RASSEMBLEMENT<br \/>\nLE VENDREDI 8 JUIN 2007<br \/>\nA 18H00<br \/>\nDevant L&rsquo;Ambassade du Maroc \u00e0 Paris<br \/>\n5, rue Le tasse &#8211; 75016 Paris (Metro : Trocadero)<\/h3>\n<p><b>Premiers signataires :<\/b><br \/>\nAMF, ASDHOM, ATMF, CRLDHT, FMVJ (France), FTCR, Institut Mehdi Ben Barka &#8211; M\u00e9moire Vivante, Maroc Solidarit\u00e9s Citoyennes, MRAP, Solidarit\u00e9 Maroc(05)<\/p>\n<p><b>Avec le soutien de<\/b><br \/>\nPCOT, Voie D\u00e9mocratique, LCR<br \/>\nKMAN (Hollande)<\/p>\n","protected":false},"excerpt":{"rendered":"<p>Le 1er mai au Maroc, comme partout dans le monde, la classe ouvri\u00e8re, les salari\u00e9s et les d\u00e9mocrates c\u00e9l\u00e8brent les luttes qui ont fait avancer la d\u00e9mocratie sociale et politique. La nouvelle \u00e8re de gouvernance au Maroc a marqu\u00e9 ce &hellip; <a href=\"https:\/\/www.atmf.org\/?p=2083\">Continue reading <span class=\"meta-nav\">&rarr;<\/span><\/a><\/p>\n","protected":false},"author":1,"featured_media":0,"comment_status":"closed","ping_status":"open","sticky":false,"template":"","format":"standard","meta":{"ngg_post_thumbnail":0,"_monsterinsights_skip_tracking":false,"_monsterinsights_sitenote_active":false,"_monsterinsights_sitenote_note":"","_monsterinsights_sitenote_category":0,"footnotes":""},"categories":[1],"tags":[],"class_list":["post-2083","post","type-post","status-publish","format-standard","hentry","category-non-classe"],"_links":{"self":[{"href":"https:\/\/www.atmf.org\/index.php?rest_route=\/wp\/v2\/posts\/2083","targetHints":{"allow":["GET"]}}],"collection":[{"href":"https:\/\/www.atmf.org\/index.php?rest_route=\/wp\/v2\/posts"}],"about":[{"href":"https:\/\/www.atmf.org\/index.php?rest_route=\/wp\/v2\/types\/post"}],"author":[{"embeddable":true,"href":"https:\/\/www.atmf.org\/index.php?rest_route=\/wp\/v2\/users\/1"}],"replies":[{"embeddable":true,"href":"https:\/\/www.atmf.org\/index.php?rest_route=%2Fwp%2Fv2%2Fcomments&post=2083"}],"version-history":[{"count":0,"href":"https:\/\/www.atmf.org\/index.php?rest_route=\/wp\/v2\/posts\/2083\/revisions"}],"wp:attachment":[{"href":"https:\/\/www.atmf.org\/index.php?rest_route=%2Fwp%2Fv2%2Fmedia&parent=2083"}],"wp:term":[{"taxonomy":"category","embeddable":true,"href":"https:\/\/www.atmf.org\/index.php?rest_route=%2Fwp%2Fv2%2Fcategories&post=2083"},{"taxonomy":"post_tag","embeddable":true,"href":"https:\/\/www.atmf.org\/index.php?rest_route=%2Fwp%2Fv2%2Ftags&post=2083"}],"curies":[{"name":"wp","href":"https:\/\/api.w.org\/{rel}","templated":true}]}}