{"id":2510,"date":"2011-03-10T14:09:41","date_gmt":"2011-03-10T14:09:41","guid":{"rendered":"http:\/\/new.atmf.org\/?p=2510"},"modified":"2011-03-10T14:09:41","modified_gmt":"2011-03-10T14:09:41","slug":"les-anciens-mineurs-marocains-s-2","status":"publish","type":"post","link":"https:\/\/www.atmf.org\/?p=2510","title":{"rendered":"les anciens mineurs marocains s&rsquo;indignent"},"content":{"rendered":"<p>L&#8217; A.M.M.N est une nouvelle fois r\u00e9volt\u00e9e face \u00e0 ces d\u00e9clarations<br \/>\nd&#8217;hommes et de femmes politiques incapables d&#8217;assurer le respect des<br \/>\nvaleurs de notre r\u00e9publique ; libert\u00e9, \u00e9galit\u00e9 etfraternit\u00e9.<\/p>\n<p>Ces d\u00e9clarations rendent l\u00e9gitimes les appels \u00e0 la haine d&#8217;un front<br \/>\nnational en pleine ascension.<\/p>\n<p>Cette succession de d\u00e9clarations malsaines visant \u00e0 stigmatiser les<br \/>\npersonnes issues de l&#8217;immigration est devenue bien trop commune :<\/p>\n<p>Il y a eu le karcher de Monsieur Sarkozy ou encore le soutien<br \/>\ninconditionnel de notre premier ministre Fran\u00e7ois Fillion, qui en 2010,<br \/>\nr\u00e9affirme \u00ab son soutien \u00bb, \u00ab son amiti\u00e9 \u00ab et sa confiance \u00e0 un Brice<br \/>\nHORTEUFEUX tout juste condamn\u00e9 pour injure Raciale, c&#8217;est au tour de<br \/>\nChantal Brunel d\u00e9put\u00e9 UMP de poursuivre ces appels fascistesen d\u00e9clarant :<\/p>\n<p>\u00ab il faut rassurer les Fran\u00e7ais sur toutes les migrations de populations<br \/>\nqui viendraient de la m\u00e9diterran\u00e9e. Apr\u00e8s tout remettons les dans les<br \/>\nbateaux \u00bb.<\/p>\n<p>Toutes ces d\u00e9clarations d\u00e9montrent l&rsquo;incapacit\u00e9 de nos \u00e9lus \u00e0 g\u00e9rer<br \/>\nl&#8217;avenir d&#8217;un grand pays comme la France, au lieu de trouver des<br \/>\nsolutions aux probl\u00e8mes r\u00e9els des fran\u00e7ais, ils choisissent \u00e0 travers<br \/>\nl&#8217;immigration de d\u00e9tourner le regard des citoyens sur leurs politiques<br \/>\nau risque de favoriser le racisme, la haine et la division.<\/p>\n<p>Ces hommes politiques ont oubli\u00e9 l&#8217;histoire et les valeurs de leur<br \/>\npropre pays au profit de leurs int\u00e9r\u00eats.<\/p>\n<p>Souvenons-nous d&#8217;un pays lib\u00e9r\u00e9 et reconstruit avec la participation<br \/>\ncourageuse de ces hommes qui ont travers\u00e9 cette m\u00e9diterran\u00e9e.<\/p>\n<p>Ils sont venus nous chercher au Maroc pour battre le charbon et nous y<br \/>\navons laiss\u00e9 notre sant\u00e9 et notre vie&#8230;voil\u00e0 comment aujourd&#8217;hui ces<br \/>\nhommes politiques nous remercient.<\/p>\n<p>Abdellah SAMATE<\/p>\n<p>Pr\u00e9sident A.M.M.N<\/p>\n","protected":false},"excerpt":{"rendered":"<p>L&#8217; A.M.M.N est une nouvelle fois r\u00e9volt\u00e9e face \u00e0 ces d\u00e9clarations d&#8217;hommes et de femmes politiques incapables d&#8217;assurer le respect des valeurs de notre r\u00e9publique ; libert\u00e9, \u00e9galit\u00e9 etfraternit\u00e9. Ces d\u00e9clarations rendent l\u00e9gitimes les appels \u00e0 la haine d&#8217;un front &hellip; <a href=\"https:\/\/www.atmf.org\/?p=2510\">Continue reading <span class=\"meta-nav\">&rarr;<\/span><\/a><\/p>\n","protected":false},"author":1,"featured_media":0,"comment_status":"closed","ping_status":"open","sticky":false,"template":"","format":"standard","meta":{"ngg_post_thumbnail":0,"_monsterinsights_skip_tracking":false,"_monsterinsights_sitenote_active":false,"_monsterinsights_sitenote_note":"","_monsterinsights_sitenote_category":0,"footnotes":""},"categories":[1],"tags":[],"class_list":["post-2510","post","type-post","status-publish","format-standard","hentry","category-non-classe"],"_links":{"self":[{"href":"https:\/\/www.atmf.org\/index.php?rest_route=\/wp\/v2\/posts\/2510","targetHints":{"allow":["GET"]}}],"collection":[{"href":"https:\/\/www.atmf.org\/index.php?rest_route=\/wp\/v2\/posts"}],"about":[{"href":"https:\/\/www.atmf.org\/index.php?rest_route=\/wp\/v2\/types\/post"}],"author":[{"embeddable":true,"href":"https:\/\/www.atmf.org\/index.php?rest_route=\/wp\/v2\/users\/1"}],"replies":[{"embeddable":true,"href":"https:\/\/www.atmf.org\/index.php?rest_route=%2Fwp%2Fv2%2Fcomments&post=2510"}],"version-history":[{"count":0,"href":"https:\/\/www.atmf.org\/index.php?rest_route=\/wp\/v2\/posts\/2510\/revisions"}],"wp:attachment":[{"href":"https:\/\/www.atmf.org\/index.php?rest_route=%2Fwp%2Fv2%2Fmedia&parent=2510"}],"wp:term":[{"taxonomy":"category","embeddable":true,"href":"https:\/\/www.atmf.org\/index.php?rest_route=%2Fwp%2Fv2%2Fcategories&post=2510"},{"taxonomy":"post_tag","embeddable":true,"href":"https:\/\/www.atmf.org\/index.php?rest_route=%2Fwp%2Fv2%2Ftags&post=2510"}],"curies":[{"name":"wp","href":"https:\/\/api.w.org\/{rel}","templated":true}]}}