{"id":2517,"date":"2011-03-24T14:33:28","date_gmt":"2011-03-24T14:33:28","guid":{"rendered":"http:\/\/new.atmf.org\/?p=2517"},"modified":"2011-03-24T14:33:28","modified_gmt":"2011-03-24T14:33:28","slug":"libye-rassemblement-de-solidarite-2","status":"publish","type":"post","link":"https:\/\/www.atmf.org\/?p=2517","title":{"rendered":"Libye ! Rassemblement de solidarit\u00e9 \u00e0 Strasbourg le 26.03.11"},"content":{"rendered":"<p>Avec le peuple libyen en lutte pour les libert\u00e9s,<br \/>\nl&rsquo;Etat de droit et l&rsquo;int\u00e9grit\u00e9 du pays <\/p>\n<p>| <b>samedi 26 mars 2011 \u00e0 15h<br \/>\nPlace Kl\u00e9ber Strasbourg<\/b>  |<\/p>\n<p>&#8211; Protection des populations civiles &#8211; quel qu&rsquo;en soit le lieu &#8211;, ainsi que des r\u00e9sidents \u00e9trangers et des migrants<br \/>\n&#8211; Vigilance sur l&#8217;escalade de guerre, et sur tous les d\u00e9voiements possibles de la r\u00e9solution 1973 vot\u00e9e par le Conseil de s\u00e9curit\u00e9 de l&rsquo;ONU<br \/>\n&#8211; Vigilance sur la duplicit\u00e9 des gouvernements occidentaux et de la Ligue arabe<br \/>\n&#8211; Arr\u00eat des livraisons d&#8217;armes au dictateur, et sanctions contre les Etats qui s&#8217;y livreraient<br \/>\n&#8211; Reconnaissance du Conseil national de transition int\u00e9rimaire, seul repr\u00e9sentant l\u00e9gitime du peuple libyen<br \/>\n&#8211; Justice exemplaire contre les crimes de Kadhafi<br \/>\n&#8211; Solidarit\u00e9 avec le peuple libyen en lutte pour les libert\u00e9s et la d\u00e9mocratie<br \/>\n&#8211; Soutien aux r\u00e9volutions et luttes des peuples du monde arabe <\/p>\n<p>Premiers signataires :<br \/>\nATMF 67 &#8211; UJFP Alsace &#8211; NPA67 &#8211; EELV Alsace &#8211; UD CGT du Bas-Rhin &#8211; PCF 67 &#8211; F\u00e9d\u00e9ration PS du Bas-Rhin &#8211; PG 67 &#8211; FSU &#8211; LDH<\/p>\n<p><doc652|center><\/p>\n<p><b>atmf.strasbourg@gmail.com<\/b><\/p>\n","protected":false},"excerpt":{"rendered":"<p>Avec le peuple libyen en lutte pour les libert\u00e9s, l&rsquo;Etat de droit et l&rsquo;int\u00e9grit\u00e9 du pays | samedi 26 mars 2011 \u00e0 15h Place Kl\u00e9ber Strasbourg | &#8211; Protection des populations civiles &#8211; quel qu&rsquo;en soit le lieu &#8211;, ainsi &hellip; <a href=\"https:\/\/www.atmf.org\/?p=2517\">Continue reading <span class=\"meta-nav\">&rarr;<\/span><\/a><\/p>\n","protected":false},"author":1,"featured_media":0,"comment_status":"closed","ping_status":"open","sticky":false,"template":"","format":"standard","meta":{"ngg_post_thumbnail":0,"_monsterinsights_skip_tracking":false,"_monsterinsights_sitenote_active":false,"_monsterinsights_sitenote_note":"","_monsterinsights_sitenote_category":0,"footnotes":""},"categories":[1],"tags":[],"class_list":["post-2517","post","type-post","status-publish","format-standard","hentry","category-non-classe"],"_links":{"self":[{"href":"https:\/\/www.atmf.org\/index.php?rest_route=\/wp\/v2\/posts\/2517","targetHints":{"allow":["GET"]}}],"collection":[{"href":"https:\/\/www.atmf.org\/index.php?rest_route=\/wp\/v2\/posts"}],"about":[{"href":"https:\/\/www.atmf.org\/index.php?rest_route=\/wp\/v2\/types\/post"}],"author":[{"embeddable":true,"href":"https:\/\/www.atmf.org\/index.php?rest_route=\/wp\/v2\/users\/1"}],"replies":[{"embeddable":true,"href":"https:\/\/www.atmf.org\/index.php?rest_route=%2Fwp%2Fv2%2Fcomments&post=2517"}],"version-history":[{"count":0,"href":"https:\/\/www.atmf.org\/index.php?rest_route=\/wp\/v2\/posts\/2517\/revisions"}],"wp:attachment":[{"href":"https:\/\/www.atmf.org\/index.php?rest_route=%2Fwp%2Fv2%2Fmedia&parent=2517"}],"wp:term":[{"taxonomy":"category","embeddable":true,"href":"https:\/\/www.atmf.org\/index.php?rest_route=%2Fwp%2Fv2%2Fcategories&post=2517"},{"taxonomy":"post_tag","embeddable":true,"href":"https:\/\/www.atmf.org\/index.php?rest_route=%2Fwp%2Fv2%2Ftags&post=2517"}],"curies":[{"name":"wp","href":"https:\/\/api.w.org\/{rel}","templated":true}]}}