{"id":2518,"date":"2011-03-25T10:07:57","date_gmt":"2011-03-25T10:07:57","guid":{"rendered":"http:\/\/new.atmf.org\/?p=2518"},"modified":"2011-03-25T10:07:57","modified_gmt":"2011-03-25T10:07:57","slug":"la-question-orale-au-conseil-2","status":"publish","type":"post","link":"https:\/\/www.atmf.org\/?p=2518","title":{"rendered":"La question orale au conseil municipal d&rsquo;Argenteuil, tenue le 14 mars2011"},"content":{"rendered":"<p>Lors de la derni\u00e8re r\u00e9union du collectif \u00ab\u00a0V\u00e9rit\u00e9 et Justice Pour Ali Ziri\u00a0\u00bb, il a \u00e9t\u00e9 a d\u00e9cid\u00e9 de poser une question orale au conseil municipal d&rsquo;Argenteuil tenue le 14 mars dernier. Monsieur le Maire a r\u00e9pondu favorablement \u00e0 cette initiative. En effet la d\u00e9claration a \u00e9t\u00e9 lue par notre amie Fouzia Hamhami militante de l&rsquo;ATMF et  mandat\u00e9e par le collectif . C&rsquo;\u00e9tait un moment tr\u00e8s important dans la lutte que nous menons pour faire toute la lumi\u00e8re sur l&rsquo;affaire Ali Ziri et Arezki Kerfali qui \u00e0 l&rsquo;avis de nos avocats n&rsquo;a pas avanc\u00e9 depuis juin 2009.<br \/>\nApr\u00e8s la lecture, une vive \u00e9motion s&rsquo;est empar\u00e9e de la salle aussi bien du c\u00f4t\u00e9 du  public venus nombreux et arborant le tee-shirt \u00e0 effigie d&rsquo;Ali Ziri  que du c\u00f4t\u00e9 de l&rsquo;assembl\u00e9e municipale.<br \/>\nDans sa r\u00e9ponse le Maire a insist\u00e9 sur la lenteur de la proc\u00e9dure judiciaire, qualifiant celle-ci d&rsquo;une justice \u00e0 deux vitesses et a assur\u00e9 le collectif de son soutien logistique notamment \u00e0 l&rsquo;occasion du 2\u00e8me anniversaire de la mort d&rsquo;Ali Ziri , sa solidarit\u00e9 et de sa d\u00e9termination \u00e0 suivre de tr\u00e8s pr\u00e8s l&rsquo;\u00e9volution de ce proc\u00e8s.<br \/>\nAli Ziri citoyen Argenteuillais pass\u00e9 \u00e0 tabac par des policiers et d\u00e9c\u00e9d\u00e9  par la suite, tout cela s&rsquo;est pass\u00e9 \u00e0 quelques dizaines m\u00e8tres de l&rsquo;h\u00f4tel de ville.<br \/>\nPour rappel: Le proc\u00e8s pr\u00e9vu le 10 mars dernier a \u00e9t\u00e9 report\u00e9 en mars 2012.<\/p>\n<p>Vous trouverez ci-jointe la d\u00e9claration du collectif avec la question orale lue le 14 mars au conseil municipal.<\/p>\n<p><doc650|center><\/p>\n","protected":false},"excerpt":{"rendered":"<p>Lors de la derni\u00e8re r\u00e9union du collectif \u00ab\u00a0V\u00e9rit\u00e9 et Justice Pour Ali Ziri\u00a0\u00bb, il a \u00e9t\u00e9 a d\u00e9cid\u00e9 de poser une question orale au conseil municipal d&rsquo;Argenteuil tenue le 14 mars dernier. Monsieur le Maire a r\u00e9pondu favorablement \u00e0 cette &hellip; <a href=\"https:\/\/www.atmf.org\/?p=2518\">Continue reading <span class=\"meta-nav\">&rarr;<\/span><\/a><\/p>\n","protected":false},"author":1,"featured_media":0,"comment_status":"closed","ping_status":"open","sticky":false,"template":"","format":"standard","meta":{"ngg_post_thumbnail":0,"_monsterinsights_skip_tracking":false,"_monsterinsights_sitenote_active":false,"_monsterinsights_sitenote_note":"","_monsterinsights_sitenote_category":0,"footnotes":""},"categories":[1],"tags":[],"class_list":["post-2518","post","type-post","status-publish","format-standard","hentry","category-non-classe"],"_links":{"self":[{"href":"https:\/\/www.atmf.org\/index.php?rest_route=\/wp\/v2\/posts\/2518","targetHints":{"allow":["GET"]}}],"collection":[{"href":"https:\/\/www.atmf.org\/index.php?rest_route=\/wp\/v2\/posts"}],"about":[{"href":"https:\/\/www.atmf.org\/index.php?rest_route=\/wp\/v2\/types\/post"}],"author":[{"embeddable":true,"href":"https:\/\/www.atmf.org\/index.php?rest_route=\/wp\/v2\/users\/1"}],"replies":[{"embeddable":true,"href":"https:\/\/www.atmf.org\/index.php?rest_route=%2Fwp%2Fv2%2Fcomments&post=2518"}],"version-history":[{"count":0,"href":"https:\/\/www.atmf.org\/index.php?rest_route=\/wp\/v2\/posts\/2518\/revisions"}],"wp:attachment":[{"href":"https:\/\/www.atmf.org\/index.php?rest_route=%2Fwp%2Fv2%2Fmedia&parent=2518"}],"wp:term":[{"taxonomy":"category","embeddable":true,"href":"https:\/\/www.atmf.org\/index.php?rest_route=%2Fwp%2Fv2%2Fcategories&post=2518"},{"taxonomy":"post_tag","embeddable":true,"href":"https:\/\/www.atmf.org\/index.php?rest_route=%2Fwp%2Fv2%2Ftags&post=2518"}],"curies":[{"name":"wp","href":"https:\/\/api.w.org\/{rel}","templated":true}]}}