{"id":2523,"date":"2011-11-21T20:17:52","date_gmt":"2011-11-21T20:17:52","guid":{"rendered":"http:\/\/new.atmf.org\/?p=2523"},"modified":"2011-11-21T20:17:52","modified_gmt":"2011-11-21T20:17:52","slug":"la-palestine-au-coeur-des1408-2","status":"publish","type":"post","link":"https:\/\/www.atmf.org\/?p=2523","title":{"rendered":"LA PALESTINE AU C&#338;UR DES R\u00c9VOLUTIONS DU MONDE ARABE"},"content":{"rendered":"<p>Grande manifestation &#8211; dimanche 15 mai &#8211; 15 heures<br \/>\nPlace de la R\u00e9publique<\/p>\n<p>L&rsquo;Inter-collectif de solidarit\u00e9 avec les luttes des peuples du monde arabe appelle \u00e0 faire du 15 Mai 2011 une journ\u00e9e de lutte pour \u00ab la Palestine au c&#339;ur des r\u00e9volutions du monde arabe \u00bb. Le 15 Mai est la journ\u00e9e de comm\u00e9moration de la Nakba de 1948, la \u00abCatastophe\u00bb qui a vu les Palestiniens d\u00e9poss\u00e9d\u00e9s de leur terre et leur expulsion par centaines de milliers&#8230;63 ans apr\u00e8s, une nouvelle loi isra\u00e9lienne pr\u00e9voit d&rsquo;interdire aux Palestiniens cette comm\u00e9moration.<\/p>\n<p>Simultan\u00e9ment, le gouvernement isra\u00e9lien s&rsquo;oppose par tous les moyens \u00e0 la r\u00e9unification de la r\u00e9sistance palestinienne et au rapprochement des peuples du monde arabe qui se profile dans la foul\u00e9e des r\u00e9volutions d\u00e9mocratiques en cours. Alors-m\u00eame que l&rsquo;espoir rena\u00eet avec l&rsquo;engagement de rouvrir en permanence le point de passage de Rafah \u00e0 la fronti\u00e8re \u00e9gyptienne pour permettre la libre circulation des Palestiniens, Isra\u00ebl a d\u00e9cid\u00e9 en toute ill\u00e9galit\u00e9 d&rsquo;interrompre les transferts des taxes dues aux Palestiniens, aggravant ainsi son blocus de Gaza.<\/p>\n<p>Et non content de continuer sa politique de colonisation et d&rsquo;expulsion des Palestiniens, notamment \u00e0 J\u00e9rusalem, l&rsquo;\u00c9tat d&rsquo;Isra\u00ebl commence \u00e0 expulser des travailleurs migrants non-juifs qui, selon son ministre de l&rsquo;int\u00e9rieur, constituent une \u00ab menace d\u00e9mographique&#8230; susceptible de nuire \u00e0 l&#8217;identit\u00e9 juive de l&#8217;\u00c9tat \u00bb.<\/p>\n<p>Pour d\u00e9noncer cette politique colonialiste et raciste. Pour exprimer sa solidarit\u00e9 avec le peuple palestinien dans sa longue lutte pour l&rsquo;auto-d\u00e9termination et le droit au retour des r\u00e9fugi\u00e9s et leur famille, l&rsquo;Inter-collectif appelle en coordination avec les Palestiniens en France et les organisations de solidarit\u00e9 franco-palestinienne, \u00e0 une grande manifestation : <\/p>\n<p>Dimanche 15 Mai 2011, \u00e0 partir de 15 h.<br \/>\nD\u00e9part place de la R\u00e9publique \u00e0 Paris.<\/p>\n<p>Inter-collectif de solidarit\u00e9 avec les luttes des peuples du monde arabe<\/p>\n<p>contact : inter.collectifdesolidarite@yahoo.fr<\/p>\n","protected":false},"excerpt":{"rendered":"<p>Grande manifestation &#8211; dimanche 15 mai &#8211; 15 heures Place de la R\u00e9publique L&rsquo;Inter-collectif de solidarit\u00e9 avec les luttes des peuples du monde arabe appelle \u00e0 faire du 15 Mai 2011 une journ\u00e9e de lutte pour \u00ab la Palestine au &hellip; <a href=\"https:\/\/www.atmf.org\/?p=2523\">Continue reading <span class=\"meta-nav\">&rarr;<\/span><\/a><\/p>\n","protected":false},"author":1,"featured_media":0,"comment_status":"closed","ping_status":"open","sticky":false,"template":"","format":"standard","meta":{"ngg_post_thumbnail":0,"_monsterinsights_skip_tracking":false,"_monsterinsights_sitenote_active":false,"_monsterinsights_sitenote_note":"","_monsterinsights_sitenote_category":0,"footnotes":""},"categories":[1],"tags":[],"class_list":["post-2523","post","type-post","status-publish","format-standard","hentry","category-non-classe"],"_links":{"self":[{"href":"https:\/\/www.atmf.org\/index.php?rest_route=\/wp\/v2\/posts\/2523","targetHints":{"allow":["GET"]}}],"collection":[{"href":"https:\/\/www.atmf.org\/index.php?rest_route=\/wp\/v2\/posts"}],"about":[{"href":"https:\/\/www.atmf.org\/index.php?rest_route=\/wp\/v2\/types\/post"}],"author":[{"embeddable":true,"href":"https:\/\/www.atmf.org\/index.php?rest_route=\/wp\/v2\/users\/1"}],"replies":[{"embeddable":true,"href":"https:\/\/www.atmf.org\/index.php?rest_route=%2Fwp%2Fv2%2Fcomments&post=2523"}],"version-history":[{"count":0,"href":"https:\/\/www.atmf.org\/index.php?rest_route=\/wp\/v2\/posts\/2523\/revisions"}],"wp:attachment":[{"href":"https:\/\/www.atmf.org\/index.php?rest_route=%2Fwp%2Fv2%2Fmedia&parent=2523"}],"wp:term":[{"taxonomy":"category","embeddable":true,"href":"https:\/\/www.atmf.org\/index.php?rest_route=%2Fwp%2Fv2%2Fcategories&post=2523"},{"taxonomy":"post_tag","embeddable":true,"href":"https:\/\/www.atmf.org\/index.php?rest_route=%2Fwp%2Fv2%2Ftags&post=2523"}],"curies":[{"name":"wp","href":"https:\/\/api.w.org\/{rel}","templated":true}]}}