{"id":2541,"date":"2011-05-27T14:19:38","date_gmt":"2011-05-27T14:19:38","guid":{"rendered":"http:\/\/new.atmf.org\/?p=2541"},"modified":"2011-05-27T14:19:38","modified_gmt":"2011-05-27T14:19:38","slug":"atmf-aix-solidarite-et-2","status":"publish","type":"post","link":"https:\/\/www.atmf.org\/?p=2541","title":{"rendered":"ATMF Aix: Solidarit\u00e9 et r\u00e9gularisation !"},"content":{"rendered":"<p>Face au traitement indigne inflig\u00e9 aux migrants <\/p>\n<p>issus des pays en r\u00e9volution au sud de la M\u00e9diterran\u00e9e <\/p>\n<p>et arriv\u00e9s r\u00e9cemment \u00e0 Marseille via l&rsquo;Italie : <\/p>\n<p>Solidarit\u00e9 et r\u00e9gularisation !<\/p>\n<p>La situation d&rsquo;incertitude cr\u00e9\u00e9e par le soul\u00e8vement populaire en Tunisie et la rupture du fragile \u00e9quilibre \u00e9conomique et sociale de la bande frontali\u00e8re avec la Libye d&rsquo;o\u00f9 arrivaient par centaines de milliers des r\u00e9fugi\u00e9s fuyant la guerre, ont pouss\u00e9 des milliers de jeunes Tunisiens originaires de cette r\u00e9gion \u00e0 traverser par des moyens de fortune la M\u00e9diterran\u00e9e.<\/p>\n<p>En France, beaucoup sont interpell\u00e9s et renvoy\u00e9s vers l&#8217;Italie (m\u00eame ceux poss\u00e9dant une autorisation provisoire de s\u00e9jour \u00ab Schengen \u00bb d\u00e9livr\u00e9e \u00e0 titre humanitaire par Rome). D&#8217;autres errent aujourd&#8217;hui dans les rues et les squares des grandes villes de France, dont Marseille depuis fin avril.<\/p>\n<p>Le soutien d&#8217;urgence que leur apportent associations et collectifs, l&#8217;entraide communautaire et citoyenne ne suffisent \u00e9videmment pas.<\/p>\n<p>Nous refusons l&#8217;instrumentalisation id\u00e9ologique et politique de cette situation et en appelons au gouvernement fran\u00e7ais pour qu&#8217;il adopte des solutions \u00e0 la hauteur des enjeux. Nous sommes en droit d&#8217;attendre de notre pays une autre r\u00e9ponse, digne et responsable.<\/p>\n<p>Nous demandons en urgence \u00e0 l&#8217;administration pr\u00e9fectorale : <\/p>\n<p>&#8211; l&rsquo;arr\u00eat imm\u00e9diat des rafles et violences polici\u00e8res et la lib\u00e9ration des personnes arr\u00eat\u00e9es,<\/p>\n<p>&#8211; l&rsquo;examen en urgence, avec les associations comp\u00e9tentes, de solutions d&rsquo;accueil dignes (h\u00e9bergement, sant\u00e9, alimentation, hygi\u00e8ne, s\u00e9curit\u00e9&#8230;),<\/p>\n<p>&#8211; la d\u00e9livrance d&#8217;une carte de s\u00e9jour \u00e0 titre exceptionnel eu \u00e9gard aux situations politiques et \u00e9conomiques encore difficiles dans leurs pays d&#8217;origine.<\/p>\n<p>Nous appelons les associations, syndicats, collectifs, organisations politiques et l&#8217;ensemble des citoyens \u00e0 la mobilisation g\u00e9n\u00e9rale pour permettre accueil et solidarit\u00e9 respectant la dignit\u00e9 des migrants. Notamment en interpellant les collectivit\u00e9s locales (mairie de Marseille, Conseil g\u00e9n\u00e9ral, Conseil r\u00e9gional) afin qu&#8217;elles prennent, elles aussi, leur responsabilit\u00e9s.<\/p>\n<p>Nous soutenons les processus d\u00e9mocratiques en cours. Ils ne peuvent \u00eatre s\u00e9par\u00e9s de la fondation de rapports internationaux plus justes et plus \u00e9quilibr\u00e9s, bas\u00e9s sur une \u00e9galit\u00e9 des droits des individus et des peuples \u00e0 la libert\u00e9, \u00e0 une vie digne et ind\u00e9pendante ainsi qu&rsquo;\u00e0 des droits \u00e9gaux \u00e0 la libert\u00e9 de circulation.<\/p>\n<p><b>RASSEMBLEMENT MARDI 31 MAI \u00e0 18h30<\/b><\/p>\n<p> devant la pr\u00e9fecture (place F\u00e9lix Barret)<\/p>\n<p>Collectif marseillais \u00ab Solidarit\u00e9 Migrants M\u00e9diterran\u00e9e \u00bb<\/p>\n<p>Premiers signataires : Association des Tunisiens de France, Les Alternatifs, Alternative Libertaire, ATMF, CGT Educ&rsquo;action, Collectif Solidarit\u00e9 Maghreb, FTCR, FSU, LDH, NPA, PCF, RESF&#8230;<\/p>\n","protected":false},"excerpt":{"rendered":"<p>Face au traitement indigne inflig\u00e9 aux migrants issus des pays en r\u00e9volution au sud de la M\u00e9diterran\u00e9e et arriv\u00e9s r\u00e9cemment \u00e0 Marseille via l&rsquo;Italie : Solidarit\u00e9 et r\u00e9gularisation ! La situation d&rsquo;incertitude cr\u00e9\u00e9e par le soul\u00e8vement populaire en Tunisie et &hellip; <a href=\"https:\/\/www.atmf.org\/?p=2541\">Continue reading <span class=\"meta-nav\">&rarr;<\/span><\/a><\/p>\n","protected":false},"author":1,"featured_media":0,"comment_status":"closed","ping_status":"open","sticky":false,"template":"","format":"standard","meta":{"ngg_post_thumbnail":0,"_monsterinsights_skip_tracking":false,"_monsterinsights_sitenote_active":false,"_monsterinsights_sitenote_note":"","_monsterinsights_sitenote_category":0,"footnotes":""},"categories":[1],"tags":[],"class_list":["post-2541","post","type-post","status-publish","format-standard","hentry","category-non-classe"],"_links":{"self":[{"href":"https:\/\/www.atmf.org\/index.php?rest_route=\/wp\/v2\/posts\/2541","targetHints":{"allow":["GET"]}}],"collection":[{"href":"https:\/\/www.atmf.org\/index.php?rest_route=\/wp\/v2\/posts"}],"about":[{"href":"https:\/\/www.atmf.org\/index.php?rest_route=\/wp\/v2\/types\/post"}],"author":[{"embeddable":true,"href":"https:\/\/www.atmf.org\/index.php?rest_route=\/wp\/v2\/users\/1"}],"replies":[{"embeddable":true,"href":"https:\/\/www.atmf.org\/index.php?rest_route=%2Fwp%2Fv2%2Fcomments&post=2541"}],"version-history":[{"count":0,"href":"https:\/\/www.atmf.org\/index.php?rest_route=\/wp\/v2\/posts\/2541\/revisions"}],"wp:attachment":[{"href":"https:\/\/www.atmf.org\/index.php?rest_route=%2Fwp%2Fv2%2Fmedia&parent=2541"}],"wp:term":[{"taxonomy":"category","embeddable":true,"href":"https:\/\/www.atmf.org\/index.php?rest_route=%2Fwp%2Fv2%2Fcategories&post=2541"},{"taxonomy":"post_tag","embeddable":true,"href":"https:\/\/www.atmf.org\/index.php?rest_route=%2Fwp%2Fv2%2Ftags&post=2541"}],"curies":[{"name":"wp","href":"https:\/\/api.w.org\/{rel}","templated":true}]}}