{"id":2544,"date":"2011-05-30T22:29:00","date_gmt":"2011-05-30T22:29:00","guid":{"rendered":"http:\/\/new.atmf.org\/?p=2544"},"modified":"2011-05-30T22:29:00","modified_gmt":"2011-05-30T22:29:00","slug":"et-maintenant-que-fera-donc-la-2","status":"publish","type":"post","link":"https:\/\/www.atmf.org\/?p=2544","title":{"rendered":"Et maintenant que fera donc la justice ?"},"content":{"rendered":"<p>Le 11 juin 2009, Ali Ziri, 69 ans, est d\u00e9c\u00e9d\u00e9 \u00e0l&#8217;h\u00f4pital d&#8217;Argenteuil suite \u00e0 son interpellationpar la police nationale. A l&#8217;\u00e9poque, le parquet<br \/>\nde Pontoise n&#8217;a pas souhait\u00e9 donner suite \u00e0 cetteaff aire.Le 24 juin 2009, une marche pacifi que a r\u00e9uni plus d&#8217;un millier de personnes \u00e0 Argenteuil pour exiger la v\u00e9rit\u00e9.<\/p>\n<p>Le 24 juillet 2009, l&#8217;Institut m\u00e9dico-l\u00e9gal de Parisrend les conclusions d&#8217;une autopsie, qui rel\u00e8vel&#8217;existence de 27 h\u00e9matomes, dont certains ont entre 12 et 17cm de longueur. \u00abAli Ziri est mort suite \u00e0 un arr\u00eat cardio-circulatoire d&#8217;origine hypoxique, g\u00e9n\u00e9r\u00e9 par suff ocation et appui post\u00e9rieur dorsal. \u00bb<\/p>\n<p>Le 12 octobre 2009, le parquet de Pontoise d\u00e9livre un r\u00e9quisitoire<br \/>\nsuppl\u00e9tif \u00ab contre X \u00bb pour \u00ab violences volontaires ayant entra\u00een\u00e9 la mort sans intention de la donner \u00bb.En septembre 2010, un nouveau<br \/>\njuge d&#8217;instruction est d\u00e9sign\u00e9.<\/p>\n<p>Le 15 avril 2011, les conclusions de nouveaux examens compl\u00e9mentaires viennent enfi d&#8217;\u00eatre connues: \u00ab La reconstitution des faits et expertises anatomopathologiques permettent d&#8217;affi rmer que l&#8217;ineffi cacit\u00e9 cardiaque constat\u00e9e aux urgences du CH d&#8217;Argenteuil est secondaire \u00e0 un trouble majeur du rythme cardiaque, lui m\u00eame secondaire \u00e0 un \u00e9pisode hypoxique en rapport avec les manoeuvres d&#8217;immobilisation et les vomissements it\u00e9ratifs&#8230;le manque de discernement a conduit \u00e0 des comportements qui n&#8217;\u00e9taient pas sans cons\u00e9quence sur l&#8217;\u00e9tat de sant\u00e9 de M. Ziri.\u00bb<\/p>\n<p>Ces nouveaux \u00e9l\u00e9ments confi rment que des violences polici\u00e8res sont \u00e0 l&#8217;origine de la mort d&#8217;Ali Ziri, chose que les proches et le collectif d&#8217;Ali Ziri ont toujours soutenue.<\/p>\n<p>Et maintenant que fera donc la justice ? <\/p>\n<p>A  l&#8217;occasion  du  2e  anniversaire  de  la  mort d&#8217;Ali Ziri, le collectif V\u00e9rit\u00e9 et Justice appelle \u00e0 un  rassemblement <\/p>\n<p><b>le  11  juin  2011  \u00e0  14h<\/b> <\/p>\n<p>devant  le  minist\u00e8re  de  la  Justice, Place Vend\u00f4me 75 001  Paris.    D&#8217;autres  collectifs  de familles  victimes  de  violences  polici\u00e8res,  regroup\u00e9s  autour de  VV  (Vies  Vol\u00e9es),  seront pr\u00e9sents  pour  exiger  v\u00e9rit\u00e9  et justice.  Un  rassemblement  a lieu  le m\u00eame jour  \u00e0 12h sur  le<br \/>\nlieu de l&#8217;interpellation d&#8217;Ali Ziri (angle des rues Jeanne d&#8217;Arc  et Antonin-Georges-Belin \u00e0 Argenteuil). D\u00e9part collectif \u00e0 la gare d&#8217;Argenteuil \u00e0 13h.<br \/>\nUn car est pr\u00e9vu. <\/p>\n<p>Soyons  nombreux  pour  exiger  la  suspension et  la mise en examen des policiers impliqu\u00e9s dans  la  mort  du  retrait\u00e9.  Notre  col\u00e8re  ne pourra s&#8217;apaiser que dans la justice !<\/p>\n<p>Collectif v\u00e9rit\u00e9 et Justice pour Ali Ziri. Contact : ATMF, 26 bd. du G\u00e9n\u00e9ral-Leclerc 95100 Argenteuil.<br \/>\nT\u00e9l.\/fax: 01 39 80 45 40. Email : collectifaliziri@yahoo.fr<\/p>\n<p>Voir pi\u00e8ce jointe :   <doc672|center><\/p>\n","protected":false},"excerpt":{"rendered":"<p>Le 11 juin 2009, Ali Ziri, 69 ans, est d\u00e9c\u00e9d\u00e9 \u00e0l&#8217;h\u00f4pital d&#8217;Argenteuil suite \u00e0 son interpellationpar la police nationale. A l&#8217;\u00e9poque, le parquet de Pontoise n&#8217;a pas souhait\u00e9 donner suite \u00e0 cetteaff aire.Le 24 juin 2009, une marche pacifi que &hellip; <a href=\"https:\/\/www.atmf.org\/?p=2544\">Continue reading <span class=\"meta-nav\">&rarr;<\/span><\/a><\/p>\n","protected":false},"author":1,"featured_media":0,"comment_status":"closed","ping_status":"open","sticky":false,"template":"","format":"standard","meta":{"ngg_post_thumbnail":0,"_monsterinsights_skip_tracking":false,"_monsterinsights_sitenote_active":false,"_monsterinsights_sitenote_note":"","_monsterinsights_sitenote_category":0,"footnotes":""},"categories":[1],"tags":[],"class_list":["post-2544","post","type-post","status-publish","format-standard","hentry","category-non-classe"],"_links":{"self":[{"href":"https:\/\/www.atmf.org\/index.php?rest_route=\/wp\/v2\/posts\/2544","targetHints":{"allow":["GET"]}}],"collection":[{"href":"https:\/\/www.atmf.org\/index.php?rest_route=\/wp\/v2\/posts"}],"about":[{"href":"https:\/\/www.atmf.org\/index.php?rest_route=\/wp\/v2\/types\/post"}],"author":[{"embeddable":true,"href":"https:\/\/www.atmf.org\/index.php?rest_route=\/wp\/v2\/users\/1"}],"replies":[{"embeddable":true,"href":"https:\/\/www.atmf.org\/index.php?rest_route=%2Fwp%2Fv2%2Fcomments&post=2544"}],"version-history":[{"count":0,"href":"https:\/\/www.atmf.org\/index.php?rest_route=\/wp\/v2\/posts\/2544\/revisions"}],"wp:attachment":[{"href":"https:\/\/www.atmf.org\/index.php?rest_route=%2Fwp%2Fv2%2Fmedia&parent=2544"}],"wp:term":[{"taxonomy":"category","embeddable":true,"href":"https:\/\/www.atmf.org\/index.php?rest_route=%2Fwp%2Fv2%2Fcategories&post=2544"},{"taxonomy":"post_tag","embeddable":true,"href":"https:\/\/www.atmf.org\/index.php?rest_route=%2Fwp%2Fv2%2Ftags&post=2544"}],"curies":[{"name":"wp","href":"https:\/\/api.w.org\/{rel}","templated":true}]}}