{"id":2545,"date":"2011-05-31T16:13:53","date_gmt":"2011-05-31T16:13:53","guid":{"rendered":"http:\/\/new.atmf.org\/?p=2545"},"modified":"2011-05-31T16:13:53","modified_gmt":"2011-05-31T16:13:53","slug":"communique-de-presse-2","status":"publish","type":"post","link":"https:\/\/www.atmf.org\/?p=2545","title":{"rendered":"Communique de presse"},"content":{"rendered":"<p><b>Collectif V\u00e9rit\u00e9 et Justice pour Ali Ziri<\/b><\/p>\n<p>Le 11 juin 2009, Ali Ziri, 69 ans, est d\u00e9c\u00e9d\u00e9 suite \u00e0 son interpellation par la police nationale \u00e0 Argenteuil. Le 15 avril dernier, les conclusions de nouveaux examens compl\u00e9mentaires viennent enfin d&#8217;\u00eatre connues: \u00ab Les expertises anatomopathologiques permettent d&#8217;affirmer que l&#8217;inefficacit\u00e9 cardiaque constat\u00e9e aux urgences du CH d&#8217;Argenteuil est secondaire \u00e0 un trouble majeur du rythme cardiaque, lui m\u00eame secondaire \u00e0 un \u00e9pisode hypoxique en rapport avec les man&#339;uvres d&#8217;immobilisation et les vomissements it\u00e9ratifs&#8230;le manque de discernement a conduit \u00e0 des comportements qui n&#8217;\u00e9taient pas sans cons\u00e9quence sur l&#8217;\u00e9tat de sant\u00e9 de M. Ziri.\u00bb.<\/p>\n<p> Ces nouveaux \u00e9l\u00e9ments confirment que des violences polici\u00e8res sont \u00e0 l&#8217;origine de la mort d&#8217;Ali Ziri, chose que les proches et le collectif d&#8217;Ali Ziri ont toujours soutenue.<\/p>\n<p>Malgr\u00e9 ces faits graves av\u00e9r\u00e9s, le juge d&#8217;instruction en charge de cette affaire vient de signifier au parquet de Pontoise la fin de l&#8217;instruction de ce dossier, sans m\u00eame qu&#8217;il y ait audition par la justice des policiers mis en cause et sans aucune reconstitution des faits. Cette situation est v\u00e9cue comme un d\u00e9ni de justice. <\/p>\n<p>Convaincus de la justesse de notre combat pour les droits humains, nous vous demandons de bien vouloir assister \u00e0 notre conf\u00e9rence de presse qui aura lieu le :<\/p>\n<p><b>jeudi 9 juin \u00e0 11h au si\u00e8ge de l&#8217;ATMF, 10 Rue Affre 75018 Paris, t\u00e9l.: 01 42 55 91 82.<\/b><\/p>\n<p> Email: national@atmf.org<\/p>\n","protected":false},"excerpt":{"rendered":"<p>Collectif V\u00e9rit\u00e9 et Justice pour Ali Ziri Le 11 juin 2009, Ali Ziri, 69 ans, est d\u00e9c\u00e9d\u00e9 suite \u00e0 son interpellation par la police nationale \u00e0 Argenteuil. Le 15 avril dernier, les conclusions de nouveaux examens compl\u00e9mentaires viennent enfin d&#8217;\u00eatre &hellip; <a href=\"https:\/\/www.atmf.org\/?p=2545\">Continue reading <span class=\"meta-nav\">&rarr;<\/span><\/a><\/p>\n","protected":false},"author":1,"featured_media":0,"comment_status":"closed","ping_status":"open","sticky":false,"template":"","format":"standard","meta":{"ngg_post_thumbnail":0,"_monsterinsights_skip_tracking":false,"_monsterinsights_sitenote_active":false,"_monsterinsights_sitenote_note":"","_monsterinsights_sitenote_category":0,"footnotes":""},"categories":[1],"tags":[],"class_list":["post-2545","post","type-post","status-publish","format-standard","hentry","category-non-classe"],"_links":{"self":[{"href":"https:\/\/www.atmf.org\/index.php?rest_route=\/wp\/v2\/posts\/2545","targetHints":{"allow":["GET"]}}],"collection":[{"href":"https:\/\/www.atmf.org\/index.php?rest_route=\/wp\/v2\/posts"}],"about":[{"href":"https:\/\/www.atmf.org\/index.php?rest_route=\/wp\/v2\/types\/post"}],"author":[{"embeddable":true,"href":"https:\/\/www.atmf.org\/index.php?rest_route=\/wp\/v2\/users\/1"}],"replies":[{"embeddable":true,"href":"https:\/\/www.atmf.org\/index.php?rest_route=%2Fwp%2Fv2%2Fcomments&post=2545"}],"version-history":[{"count":0,"href":"https:\/\/www.atmf.org\/index.php?rest_route=\/wp\/v2\/posts\/2545\/revisions"}],"wp:attachment":[{"href":"https:\/\/www.atmf.org\/index.php?rest_route=%2Fwp%2Fv2%2Fmedia&parent=2545"}],"wp:term":[{"taxonomy":"category","embeddable":true,"href":"https:\/\/www.atmf.org\/index.php?rest_route=%2Fwp%2Fv2%2Fcategories&post=2545"},{"taxonomy":"post_tag","embeddable":true,"href":"https:\/\/www.atmf.org\/index.php?rest_route=%2Fwp%2Fv2%2Ftags&post=2545"}],"curies":[{"name":"wp","href":"https:\/\/api.w.org\/{rel}","templated":true}]}}