{"id":2549,"date":"2011-06-06T15:32:11","date_gmt":"2011-06-06T15:32:11","guid":{"rendered":"http:\/\/new.atmf.org\/?p=2549"},"modified":"2011-06-06T15:32:11","modified_gmt":"2011-06-06T15:32:11","slug":"soutien-aux-revendications-des-2","status":"publish","type":"post","link":"https:\/\/www.atmf.org\/?p=2549","title":{"rendered":"SOUTIEN AUX REVENDICATIONS DES JEUNES MIGRANTS TUNISIENS"},"content":{"rendered":"<p>Nous vous appelons \u00e0 un rassemblement pour soutenir les revendications des jeunes migrants tunisiens r\u00e9cemment arriv\u00e9s en France. <\/p>\n<p>Les associations, syndicats et organisations politiques signataires s&#8217;opposent \u00e0 la politique r\u00e9pressive pratiqu\u00e9e par le gouvernement fran\u00e7ais contre les jeunes tunisiens arriv\u00e9s en France apr\u00e8s la r\u00e9volution. <\/p>\n<p>Elles demandent \u00e0 \u00eatre re\u00e7u par le premier ministre &#8211; Mr. Fran\u00e7ois Fillon &#8211; qui ne peut continuer son refus de dialogue et ses pratiques contraires aux annonces faites en faveur des r\u00e9volutions du printemps arabe. <\/p>\n<p>Elles demandent La fin de la campagne de r\u00e9pression, de harc\u00e8lement et de stigmatisation dont font l&rsquo;objet les jeunes Tunisiens de la r\u00e9volution initi\u00e9e suite \u00e0 la circulaire Gu\u00e9ant du 6 avril 2011 dont nous demandons le retrait.<\/p>\n<p>La r\u00e9gularisation de leur situation administrative par la d\u00e9livrance de permis de s\u00e9jour et de travail ; l&rsquo;acc\u00e8s \u00e0 des centres d&rsquo;h\u00e9bergement et \u00e0 des soins. <\/p>\n<p>Elles demandent aussi la refonte des accords, conventions et l\u00e9gislations portant sur la mobilit\u00e9 des personnes dans le sens de rapports justes et \u00e9quilibr\u00e9s entre l&rsquo;UE et les pays du sud, bas\u00e9s sur l&rsquo;\u00e9galit\u00e9 de tous face au droit \u00e0 la libre circulation.<\/p>\n<p>Elles porteront ces m\u00eames revendications le mercredi 8 aupr\u00e8s des groupes du Parlement Europ\u00e9en dans le cadre d&rsquo;une \u00ab\u00a0mont\u00e9e \u00e0 Strasbourg\u00a0\u00bb. La d\u00e9l\u00e9gation sera compos\u00e9e de tunisiens d&#8217;Italie, de Marseille, d&#8217;Angers, de Nantes et de Paris, elle demandera la protection aux migrants de la r\u00e9volution arabe.<\/p>\n<p>Nous nous adressons au Premier Ministre \u00e0 Matignon :<\/p>\n<p>RASSEMBLEMENT   LE MARDI 7 JUIN 2011 &#8211; A 18 HEURES &#8211; METRO VARENNES (ligne 13)<\/p>\n<p><b>Premier signataires :<\/b> <\/p>\n<p>L&rsquo;Assembl\u00e9e Citoyenne des Originaires de Turquie &#8211; ACORT;<\/p>\n<p>Association des Marocains en France   &#8211; AMF<\/p>\n<p>Association de D\u00e9fense des Droits de l&rsquo;Homme au Maroc &#8211; ASDHOM  <\/p>\n<p>Association D\u00e9mocratique des Tunisiens en France -A.D.T.F. (ex ATF-Paris)  <\/p>\n<p>Association des Travailleurs Maghr\u00e9bins en France -A.T.M.F <\/p>\n<p>Collectif D&rsquo;Ailleurs nous sommes d&rsquo;ici\u00a0\u00bb <\/p>\n<p>Centre d&rsquo;\u00e9tudes et d&rsquo;initiatives de solidarit\u00e9 internationale &#8211; Cedetim<\/p>\n<p>Europe Ecologie les Verts &#8211; EELV<\/p>\n<p>F.A.S.E. <\/p>\n<p>F.A.S.T.I. <\/p>\n<p>F\u00e9d\u00e9ration des Tunisiens Citoyens des deux Rives &#8211; F.T.C.R.  <\/p>\n<p>Mouvement contre le Racisme et pour l&#8217; Amiti\u00e9 entre les Peuples M.R.A.P.<\/p>\n<p>Parti Communiste Fran\u00e7ais &#8211; P.C.F. <\/p>\n<p>Union des Travailleurs Immigr\u00e9s Tunisiens &#8211; U.T.I.T. Ile-de-France &#8211;<\/p>\n","protected":false},"excerpt":{"rendered":"<p>Nous vous appelons \u00e0 un rassemblement pour soutenir les revendications des jeunes migrants tunisiens r\u00e9cemment arriv\u00e9s en France. Les associations, syndicats et organisations politiques signataires s&#8217;opposent \u00e0 la politique r\u00e9pressive pratiqu\u00e9e par le gouvernement fran\u00e7ais contre les jeunes tunisiens arriv\u00e9s &hellip; <a href=\"https:\/\/www.atmf.org\/?p=2549\">Continue reading <span class=\"meta-nav\">&rarr;<\/span><\/a><\/p>\n","protected":false},"author":1,"featured_media":0,"comment_status":"closed","ping_status":"open","sticky":false,"template":"","format":"standard","meta":{"ngg_post_thumbnail":0,"_monsterinsights_skip_tracking":false,"_monsterinsights_sitenote_active":false,"_monsterinsights_sitenote_note":"","_monsterinsights_sitenote_category":0,"footnotes":""},"categories":[1],"tags":[],"class_list":["post-2549","post","type-post","status-publish","format-standard","hentry","category-non-classe"],"_links":{"self":[{"href":"https:\/\/www.atmf.org\/index.php?rest_route=\/wp\/v2\/posts\/2549","targetHints":{"allow":["GET"]}}],"collection":[{"href":"https:\/\/www.atmf.org\/index.php?rest_route=\/wp\/v2\/posts"}],"about":[{"href":"https:\/\/www.atmf.org\/index.php?rest_route=\/wp\/v2\/types\/post"}],"author":[{"embeddable":true,"href":"https:\/\/www.atmf.org\/index.php?rest_route=\/wp\/v2\/users\/1"}],"replies":[{"embeddable":true,"href":"https:\/\/www.atmf.org\/index.php?rest_route=%2Fwp%2Fv2%2Fcomments&post=2549"}],"version-history":[{"count":0,"href":"https:\/\/www.atmf.org\/index.php?rest_route=\/wp\/v2\/posts\/2549\/revisions"}],"wp:attachment":[{"href":"https:\/\/www.atmf.org\/index.php?rest_route=%2Fwp%2Fv2%2Fmedia&parent=2549"}],"wp:term":[{"taxonomy":"category","embeddable":true,"href":"https:\/\/www.atmf.org\/index.php?rest_route=%2Fwp%2Fv2%2Fcategories&post=2549"},{"taxonomy":"post_tag","embeddable":true,"href":"https:\/\/www.atmf.org\/index.php?rest_route=%2Fwp%2Fv2%2Ftags&post=2549"}],"curies":[{"name":"wp","href":"https:\/\/api.w.org\/{rel}","templated":true}]}}