{"id":2557,"date":"2011-07-20T10:45:36","date_gmt":"2011-07-20T10:45:36","guid":{"rendered":"http:\/\/new.atmf.org\/?p=2557"},"modified":"2011-07-20T10:45:36","modified_gmt":"2011-07-20T10:45:36","slug":"mobilisation-a-strasbourg-apres-l-2","status":"publish","type":"post","link":"https:\/\/www.atmf.org\/?p=2557","title":{"rendered":"Mobilisation \u00e0 Strasbourg apr\u00e8s l&#8217;arraisonnement du Dignit\u00e9 Al Karama"},"content":{"rendered":"<p>Mobilisation \u00e0 Strasbourg contre le coup de force isra\u00e9lien \u00e0 l&#8217;encontre du \u00ab Dignit\u00e9-Al Karama \u00bb<br \/>\n <b>MERCREDI 20 JUILLET<\/p>\n<p>18H PLACE KLEBER<\/b><br \/>\nToutes les communications avec le bateau \u00ab Dignit\u00e9-Al Karama \u00bbont \u00e9t\u00e9 coup\u00e9es ce mardi \u00e0 9 heures par l&#8217;arm\u00e9e isra\u00e9lienne qui l&#8217;a encercl\u00e9 dans les eaux internationales. Une fois de plus, le gouvernement isra\u00e9lien a commis un acte de piraterie en arraisonnant un bateau sur lequel se trouve 16 passagers de 6 nationalit\u00e9s diff\u00e9rentes, non violents, repr\u00e9sentants la Flottille internationale 2.<\/p>\n<p>Leur seul tort \u00e9tait de se diriger vers Gaza pour apporter la solidarit\u00e9 internationale contre le blocus. Le d\u00e9ploiement de commandos militaires isra\u00e9liens pour arraisonner ce petit bateau, v\u00e9ritable petit Poucet citoyen, montre clairement la logique militaire de la politique isra\u00e9lienne qui ne parle que le langage de la force ! Sans aucune nouvelle des passagers, nous sommes extr\u00eamement inquiets sur leur devenir. Le gouvernement fran\u00e7ais doit prendre ses responsabilit\u00e9s pour assurer la s\u00e9curit\u00e9 des passagers et leur int\u00e9grit\u00e9 physique.<\/p>\n<p>Face \u00e0 ce coup de force, la Campagne fran\u00e7aise \u00ab Un bateau pour Gaza \u00bbappelle \u00e0 se mobiliser d\u00e8s aujourd&#8217;hui dans tout le pays, \u00e0 interpeller tous les \u00e9lus pour qu&#8217;ils interviennent aupr\u00e8s des pouvoirs publics** et \u00e0 protester aupr\u00e8s de l&#8217;Ambassade d&#8217;Isra\u00ebl*.<\/p>\n<p>A Strasbourg, un rassemblement est organis\u00e9 mercredi 20 juillet 2011 \u00e0 18 h place Kl\u00e9ber.<\/p>\n<p>Premi\u00e8res organisations appelant :<\/p>\n<p>Union Juive Fran\u00e7aise pour la paix UJFP<\/p>\n<p>Association des Travailleurs Maghr\u00e9bins de France ATMF<\/p>\n<p>Mouvement contre le Racisme et pour l&#8217;Amiti\u00e9 entre les Peuples MRAP<\/p>\n<p>Collectif Jud\u00e9o-Arabe et Citoyen pour la paix<\/p>\n<p>Femmes En Noir<\/p>\n<p>Jeunes Communistes 67<\/p>\n","protected":false},"excerpt":{"rendered":"<p>Mobilisation \u00e0 Strasbourg contre le coup de force isra\u00e9lien \u00e0 l&#8217;encontre du \u00ab Dignit\u00e9-Al Karama \u00bb MERCREDI 20 JUILLET 18H PLACE KLEBER Toutes les communications avec le bateau \u00ab Dignit\u00e9-Al Karama \u00bbont \u00e9t\u00e9 coup\u00e9es ce mardi \u00e0 9 heures par &hellip; <a href=\"https:\/\/www.atmf.org\/?p=2557\">Continue reading <span class=\"meta-nav\">&rarr;<\/span><\/a><\/p>\n","protected":false},"author":1,"featured_media":0,"comment_status":"closed","ping_status":"open","sticky":false,"template":"","format":"standard","meta":{"ngg_post_thumbnail":0,"_monsterinsights_skip_tracking":false,"_monsterinsights_sitenote_active":false,"_monsterinsights_sitenote_note":"","_monsterinsights_sitenote_category":0,"footnotes":""},"categories":[1],"tags":[],"class_list":["post-2557","post","type-post","status-publish","format-standard","hentry","category-non-classe"],"_links":{"self":[{"href":"https:\/\/www.atmf.org\/index.php?rest_route=\/wp\/v2\/posts\/2557","targetHints":{"allow":["GET"]}}],"collection":[{"href":"https:\/\/www.atmf.org\/index.php?rest_route=\/wp\/v2\/posts"}],"about":[{"href":"https:\/\/www.atmf.org\/index.php?rest_route=\/wp\/v2\/types\/post"}],"author":[{"embeddable":true,"href":"https:\/\/www.atmf.org\/index.php?rest_route=\/wp\/v2\/users\/1"}],"replies":[{"embeddable":true,"href":"https:\/\/www.atmf.org\/index.php?rest_route=%2Fwp%2Fv2%2Fcomments&post=2557"}],"version-history":[{"count":0,"href":"https:\/\/www.atmf.org\/index.php?rest_route=\/wp\/v2\/posts\/2557\/revisions"}],"wp:attachment":[{"href":"https:\/\/www.atmf.org\/index.php?rest_route=%2Fwp%2Fv2%2Fmedia&parent=2557"}],"wp:term":[{"taxonomy":"category","embeddable":true,"href":"https:\/\/www.atmf.org\/index.php?rest_route=%2Fwp%2Fv2%2Fcategories&post=2557"},{"taxonomy":"post_tag","embeddable":true,"href":"https:\/\/www.atmf.org\/index.php?rest_route=%2Fwp%2Fv2%2Ftags&post=2557"}],"curies":[{"name":"wp","href":"https:\/\/api.w.org\/{rel}","templated":true}]}}