{"id":2559,"date":"2011-07-28T09:22:37","date_gmt":"2011-07-28T09:22:37","guid":{"rendered":"http:\/\/new.atmf.org\/?p=2559"},"modified":"2011-07-28T09:22:37","modified_gmt":"2011-07-28T09:22:37","slug":"le-mouvement-marocain-du-201447-2","status":"publish","type":"post","link":"https:\/\/www.atmf.org\/?p=2559","title":{"rendered":"Le Mouvement Marocain du 20 f\u00e9vrier Paris\/Ile-de-France appelle \u00e0 manifester devant l&#8217;ambassade du Maroc \u00e0 Paris"},"content":{"rendered":"<p><doc679|center><br \/>\nLe combat du Mouvement du 20 f\u00e9vrier pour un Maroc nouveau, un Maroc des<br \/>\ndroits de l&#8217;Homme, des libert\u00e9s, de la dignit\u00e9 et de la justice sociale continue et ne<br \/>\nconnait pas de tr\u00eave.<br \/>\nEn effet les manifestations se d\u00e9veloppent et touchent plusieurs dizaine de villes<br \/>\nchaque semaine au Maroc.<br \/>\nL&rsquo;engagement du Mouvement Marocain du 20 f\u00e9vrier Paris\/Ile-de-France d\u00e9but\u00e9 le<br \/>\n20 f\u00e9vrier 2011 et qui a continu\u00e9 le long de la p\u00e9riode estivale se poursuit avec une<br \/>\nd\u00e9termination rest\u00e9e intacte et elle le restera tant que les revendications du<br \/>\nmouvement ne sont pas satisfaites.<br \/>\nApr\u00e8s la f\u00eate de l&rsquo;A\u00efd Al Fitr, organis\u00e9e le vendredi 2 septembre, nous vous donnons<br \/>\nrendez-vous samedi 10 septembre devant l&#8217;ambassade du Maroc \u00e0 Paris puis \u00e0 la<br \/>\nf\u00eate de l&#8217;Humanit\u00e9 du 16 au 18 septembre dans le cadre de l&#8217;Inter-collectifs de<br \/>\nsolidarit\u00e9 avec les peuples en lutte dans la r\u00e9gion.<br \/>\nLe pouvoir marocain a essay\u00e9 de contenir le mouvement en envoyant ses bras et<br \/>\nses \u00ab baltajias \u00bb pour intimider et traquer les manifestant(e)s. Toutes ses<br \/>\nmanoeuvres et tentatives sont vou\u00e9es \u00e0 l&#8217;\u00e9chec. Le mouvement du 20 f\u00e9vrier les<br \/>\ncondamne et promet d&#8217;aller de l&#8217;avant pour arracher ses revendications l\u00e9gitimes.<br \/>\n<b>Le Mouvement Marocain du 20 f\u00e9vrier Paris\/Ile-de-France appelle \u00e0<br \/>\nmanifester le samedi 10 septembre 2011 \u00e0 Paris<br \/>\nD\u00e9part : Parvis des droits de l&rsquo;Homme (Trocad\u00e9ro) \u00e0 15h<br \/>\nArriv\u00e9e : Ambassade du Maroc (rue le Tasse Paris 16\u00e8me)<\/b>Venez nombreux soutenir le Mouvement Marocain du 20 f\u00e9vrier dans son<br \/>\ncombat pour la dignit\u00e9, la libert\u00e9, la d\u00e9mocratie et la justice sociale<\/p>\n<p><b>Soutenu par : AMF, ASDHOM, ATMF, FMVJ-France, Amis AMDH-Paris, APADM,<br \/>\nFSCME, RIAS, Voie D\u00e9mocratique, PSU, PADS, CAPDEMA, Cris des Marocains,<br \/>\nTAMAYNUT, Collectif des Amazighs de France pour le Changement D\u00e9mocratique<br \/>\nau Maroc, PCF, URIF-CGT, FSU-IDF, NPA, PIR, Forum Palestine Citoyennet\u00e9, PG,<br \/>\nManifeste des Libert\u00e9s, Solidarit\u00e9 Maroc 05, MRE-International.<\/b><br \/>\n<doc679|center><\/p>\n","protected":false},"excerpt":{"rendered":"<p>Le combat du Mouvement du 20 f\u00e9vrier pour un Maroc nouveau, un Maroc des droits de l&#8217;Homme, des libert\u00e9s, de la dignit\u00e9 et de la justice sociale continue et ne connait pas de tr\u00eave. En effet les manifestations se d\u00e9veloppent &hellip; <a href=\"https:\/\/www.atmf.org\/?p=2559\">Continue reading <span class=\"meta-nav\">&rarr;<\/span><\/a><\/p>\n","protected":false},"author":1,"featured_media":0,"comment_status":"closed","ping_status":"open","sticky":false,"template":"","format":"standard","meta":{"ngg_post_thumbnail":0,"_monsterinsights_skip_tracking":false,"_monsterinsights_sitenote_active":false,"_monsterinsights_sitenote_note":"","_monsterinsights_sitenote_category":0,"footnotes":""},"categories":[1],"tags":[],"class_list":["post-2559","post","type-post","status-publish","format-standard","hentry","category-non-classe"],"_links":{"self":[{"href":"https:\/\/www.atmf.org\/index.php?rest_route=\/wp\/v2\/posts\/2559","targetHints":{"allow":["GET"]}}],"collection":[{"href":"https:\/\/www.atmf.org\/index.php?rest_route=\/wp\/v2\/posts"}],"about":[{"href":"https:\/\/www.atmf.org\/index.php?rest_route=\/wp\/v2\/types\/post"}],"author":[{"embeddable":true,"href":"https:\/\/www.atmf.org\/index.php?rest_route=\/wp\/v2\/users\/1"}],"replies":[{"embeddable":true,"href":"https:\/\/www.atmf.org\/index.php?rest_route=%2Fwp%2Fv2%2Fcomments&post=2559"}],"version-history":[{"count":0,"href":"https:\/\/www.atmf.org\/index.php?rest_route=\/wp\/v2\/posts\/2559\/revisions"}],"wp:attachment":[{"href":"https:\/\/www.atmf.org\/index.php?rest_route=%2Fwp%2Fv2%2Fmedia&parent=2559"}],"wp:term":[{"taxonomy":"category","embeddable":true,"href":"https:\/\/www.atmf.org\/index.php?rest_route=%2Fwp%2Fv2%2Fcategories&post=2559"},{"taxonomy":"post_tag","embeddable":true,"href":"https:\/\/www.atmf.org\/index.php?rest_route=%2Fwp%2Fv2%2Ftags&post=2559"}],"curies":[{"name":"wp","href":"https:\/\/api.w.org\/{rel}","templated":true}]}}