{"id":2565,"date":"2011-09-19T15:34:30","date_gmt":"2011-09-19T15:34:30","guid":{"rendered":"http:\/\/new.atmf.org\/?p=2565"},"modified":"2011-09-19T15:34:30","modified_gmt":"2011-09-19T15:34:30","slug":"maroc-les-reformes-initiees-par-le-2","status":"publish","type":"post","link":"https:\/\/www.atmf.org\/?p=2565","title":{"rendered":"Maroc : les r\u00e9formes initi\u00e9es par le roi r\u00e9pondent-elles aux revendications du peuple marocain ?"},"content":{"rendered":"<p>Conf\u00e9rence &#8211; D\u00e9bat Anim\u00e9 par : <\/p>\n<p>Zineb El Rhazoui : Journaliste, membre du mouvement du 20 f\u00e9vrier, co-fondateur de MALI (Mouvement Alternatif pour les Libert\u00e9s Individuelles &#8211; Maroc) <\/p>\n<p>Ayad Ahram : Secr\u00e9taire g\u00e9n\u00e9ral de l&#8217;ASDHOM (Association de d\u00e9fense des droits de l&#8217;homme au Maroc)<\/p>\n<p> MJC Lillebonne : 14, rue du Cheval Blanc 54000 Nancy Mercredi 30 novembre 2011 \u00e0 20h. <\/p>\n<p><b>Entr\u00e9e libre<\/b><\/p>\n<p>Le d\u00e9but d&rsquo;ann\u00e9e 2011 a connu une intensification des r\u00e9voltes arabes avec la chute des pr\u00e9sidents tunisien et \u00e9gyptien. Le 20 f\u00e9vrier, inspir\u00e9s par ces exemples, des milliers de Marocains, descendent dans les rues pour entamer leur \u00ab r\u00e9volution \u00bb, \u00e0 l&#8217;appel du Mouvement du 20 f\u00e9vrier. Qu&#8217;ont-ils obtenus six mois apr\u00e8s le d\u00e9but de ce vent de r\u00e9volte au Maroc ? La r\u00e9forme de constitution, l&#8217;une des rares concessions \u00ab arrach\u00e9e \u00bb \u00e0 la monarchie marocaine a \u00e9t\u00e9 r\u00e9dig\u00e9e par le pouvoir et propos\u00e9e au r\u00e9f\u00e9rendum dans des conditions anti-d\u00e9mocratiques. Cette nouvelle constitution r\u00e9pond-elle aux revendications du peuple marocain et refl\u00e8te-t-elle r\u00e9ellement sa volont\u00e9 ?<\/p>\n<p><b>Organis\u00e9 par l&#8217;ATMF et soutenu par le comit\u00e9 de soutien au mouvement du 20 f\u00e9vrier de Nancy-Metz et par le collectif Nanc\u00e9ien de solidarit\u00e9 avec les peuples en lutte pour la d\u00e9mocratie, la libert\u00e9 et la justice sociale<\/b><\/p>\n<p><b>Lire le programme<\/b> : <doc683|center><\/p>\n","protected":false},"excerpt":{"rendered":"<p>Conf\u00e9rence &#8211; D\u00e9bat Anim\u00e9 par : Zineb El Rhazoui : Journaliste, membre du mouvement du 20 f\u00e9vrier, co-fondateur de MALI (Mouvement Alternatif pour les Libert\u00e9s Individuelles &#8211; Maroc) Ayad Ahram : Secr\u00e9taire g\u00e9n\u00e9ral de l&#8217;ASDHOM (Association de d\u00e9fense des droits &hellip; <a href=\"https:\/\/www.atmf.org\/?p=2565\">Continue reading <span class=\"meta-nav\">&rarr;<\/span><\/a><\/p>\n","protected":false},"author":1,"featured_media":0,"comment_status":"closed","ping_status":"open","sticky":false,"template":"","format":"standard","meta":{"ngg_post_thumbnail":0,"_monsterinsights_skip_tracking":false,"_monsterinsights_sitenote_active":false,"_monsterinsights_sitenote_note":"","_monsterinsights_sitenote_category":0,"footnotes":""},"categories":[1],"tags":[],"class_list":["post-2565","post","type-post","status-publish","format-standard","hentry","category-non-classe"],"_links":{"self":[{"href":"https:\/\/www.atmf.org\/index.php?rest_route=\/wp\/v2\/posts\/2565","targetHints":{"allow":["GET"]}}],"collection":[{"href":"https:\/\/www.atmf.org\/index.php?rest_route=\/wp\/v2\/posts"}],"about":[{"href":"https:\/\/www.atmf.org\/index.php?rest_route=\/wp\/v2\/types\/post"}],"author":[{"embeddable":true,"href":"https:\/\/www.atmf.org\/index.php?rest_route=\/wp\/v2\/users\/1"}],"replies":[{"embeddable":true,"href":"https:\/\/www.atmf.org\/index.php?rest_route=%2Fwp%2Fv2%2Fcomments&post=2565"}],"version-history":[{"count":0,"href":"https:\/\/www.atmf.org\/index.php?rest_route=\/wp\/v2\/posts\/2565\/revisions"}],"wp:attachment":[{"href":"https:\/\/www.atmf.org\/index.php?rest_route=%2Fwp%2Fv2%2Fmedia&parent=2565"}],"wp:term":[{"taxonomy":"category","embeddable":true,"href":"https:\/\/www.atmf.org\/index.php?rest_route=%2Fwp%2Fv2%2Fcategories&post=2565"},{"taxonomy":"post_tag","embeddable":true,"href":"https:\/\/www.atmf.org\/index.php?rest_route=%2Fwp%2Fv2%2Ftags&post=2565"}],"curies":[{"name":"wp","href":"https:\/\/api.w.org\/{rel}","templated":true}]}}