{"id":2571,"date":"2011-10-07T09:40:29","date_gmt":"2011-10-07T09:40:29","guid":{"rendered":"http:\/\/new.atmf.org\/?p=2571"},"modified":"2011-10-07T09:40:29","modified_gmt":"2011-10-07T09:40:29","slug":"tous-ensemble-avec-les-prisonniers-2","status":"publish","type":"post","link":"https:\/\/www.atmf.org\/?p=2571","title":{"rendered":"Tous ensemble avec les prisonniers politiques palestiniens en gr\u00e8ve de la faim"},"content":{"rendered":"<p>Nous, Palestiniens, et citoyens solidaires, exprimons notre soutien d\u00e9termin\u00e9 aux 3000 prisonniers palestiniens en gr\u00e8ve de la faim depuis le 27 septembre 2011. Nos fr\u00e8res, otages dans les ge\u00f4les de l&rsquo;occupation, protestent encore une fois en mettant leur sant\u00e9 et leur vie en danger contre leurs conditions de d\u00e9tentions inhumaines. Enferm\u00e9s, les r\u00e9sistants<br \/>\npalestiniens, hommes, femmes et enfants, subissent quotidiennement humiliations, privations, tortures physiques et mentales dans le but de briser tout \u00e9lan de r\u00e9sistance au sein de la population palestinienne.<br \/>\nIls r\u00e9clament l&rsquo;arr\u00eat imm\u00e9diat:<\/p>\n<p>-du recours abusif \u00e0 l&rsquo;isolement carc\u00e9ral,<br \/>\n-des interdictions arbitraires d&rsquo;acc\u00e8s \u00e0 l&rsquo;\u00e9ducation universitaire en prison,<br \/>\n-de l&rsquo;interdiction de recevoir des livres et des journaux,<br \/>\n-et de toutes formes de punition collective, (interdiction pour les familles de rendre visite aux prisonniers, perquisitions de nuit des cellules des prisonniers, refus d&rsquo;acc\u00e9der au traitement de sant\u00e9 de base.)<\/p>\n<p>Nous ne resterons pas sourds \u00e0 cet appel contre l&rsquo;injustice et la d\u00e9shumanisation que le syst\u00e8me<br \/>\ncolonial sioniste leur fait subir.<\/p>\n<p>La GUPS &#8211; Union G\u00e9n\u00e9rale des \u00c9tudiants de Palestine &#8211; appelle \u00e0 :<br \/>\nune journ\u00e9e de je\u00fbne solidaire afin de t\u00e9moigner de notre solidarit\u00e9 avec ces prisonniers.<\/p>\n<p><b>Dimanche 9 octobre 2011,<\/p>\n<p>de 8h \u00e0 20h<\/p>\n<p>(Prise de parole, actions \u00e0 14h30)<\/p>\n<p>PARVIS DES DROITS DE L&rsquo;HOMME TROCADERO PARIS<\/b><\/p>\n","protected":false},"excerpt":{"rendered":"<p>Nous, Palestiniens, et citoyens solidaires, exprimons notre soutien d\u00e9termin\u00e9 aux 3000 prisonniers palestiniens en gr\u00e8ve de la faim depuis le 27 septembre 2011. Nos fr\u00e8res, otages dans les ge\u00f4les de l&rsquo;occupation, protestent encore une fois en mettant leur sant\u00e9 et &hellip; <a href=\"https:\/\/www.atmf.org\/?p=2571\">Continue reading <span class=\"meta-nav\">&rarr;<\/span><\/a><\/p>\n","protected":false},"author":1,"featured_media":0,"comment_status":"closed","ping_status":"open","sticky":false,"template":"","format":"standard","meta":{"ngg_post_thumbnail":0,"_monsterinsights_skip_tracking":false,"_monsterinsights_sitenote_active":false,"_monsterinsights_sitenote_note":"","_monsterinsights_sitenote_category":0,"footnotes":""},"categories":[8],"tags":[],"class_list":["post-2571","post","type-post","status-publish","format-standard","hentry","category-archives"],"_links":{"self":[{"href":"https:\/\/www.atmf.org\/index.php?rest_route=\/wp\/v2\/posts\/2571","targetHints":{"allow":["GET"]}}],"collection":[{"href":"https:\/\/www.atmf.org\/index.php?rest_route=\/wp\/v2\/posts"}],"about":[{"href":"https:\/\/www.atmf.org\/index.php?rest_route=\/wp\/v2\/types\/post"}],"author":[{"embeddable":true,"href":"https:\/\/www.atmf.org\/index.php?rest_route=\/wp\/v2\/users\/1"}],"replies":[{"embeddable":true,"href":"https:\/\/www.atmf.org\/index.php?rest_route=%2Fwp%2Fv2%2Fcomments&post=2571"}],"version-history":[{"count":0,"href":"https:\/\/www.atmf.org\/index.php?rest_route=\/wp\/v2\/posts\/2571\/revisions"}],"wp:attachment":[{"href":"https:\/\/www.atmf.org\/index.php?rest_route=%2Fwp%2Fv2%2Fmedia&parent=2571"}],"wp:term":[{"taxonomy":"category","embeddable":true,"href":"https:\/\/www.atmf.org\/index.php?rest_route=%2Fwp%2Fv2%2Fcategories&post=2571"},{"taxonomy":"post_tag","embeddable":true,"href":"https:\/\/www.atmf.org\/index.php?rest_route=%2Fwp%2Fv2%2Ftags&post=2571"}],"curies":[{"name":"wp","href":"https:\/\/api.w.org\/{rel}","templated":true}]}}