{"id":2580,"date":"2011-11-22T14:10:03","date_gmt":"2011-11-22T14:10:03","guid":{"rendered":"http:\/\/new.atmf.org\/?p=2580"},"modified":"2011-11-22T14:10:03","modified_gmt":"2011-11-22T14:10:03","slug":"grand-rassemblement-le-mardi-29-2","status":"publish","type":"post","link":"https:\/\/www.atmf.org\/?p=2580","title":{"rendered":"Grand rassemblement le mardi 29 novembre 2011 \u00e0 18h"},"content":{"rendered":"<p>Collectif v\u00e9rit\u00e9 et Justice pour Ali Ziri.<br \/>\nAppel d&#8217;urgence \u00e0 un rassemblement <\/p>\n<p>Deux ans et demi apr\u00e8s la mort d&#8217;Ali Ziri, suite \u00e0 son interpellation par la police nationale d&#8217;Argenteuil, ce dossier est toujours au point mort. Rien n&#8217;a boug\u00e9.  Les policiers impliqu\u00e9s dans  la  mort  du  retrait\u00e9 alg\u00e9rien, \u00e2g\u00e9 de 69 ans, sont toujours en fonction. Ils continuent de  d\u00e9ambuler dans les quartiers et rues d&#8217;Argenteuil, assur\u00e9s de leur impunit\u00e9. C&#8217;est inadmissible ! <\/p>\n<p>Le 24 juillet 2009, l&#8217;Institut m\u00e9dico-l\u00e9gal de Paris rend les conclusions d&#8217;une autopsie, qui rel\u00e8ve l&#8217;existence de 27 h\u00e9matomes. \u00abAli Ziri est mort suite \u00e0 un arr\u00eat cardio-circulatoire d&#8217;origine hypoxique, g\u00e9n\u00e9r\u00e9 par suffocation et appui post\u00e9rieur dorsal. \u00bb. <\/p>\n<p>Le 15 avril 2011, les conclusions de nouveaux examens compl\u00e9mentaires affirment que \u00ab le manque de discernement des policiers a conduit \u00e0 des comportements qui n&#8217;\u00e9taient pas sans cons\u00e9quence sur l&#8217;\u00e9tat de sant\u00e9 de M. Ziri.\u00bb. Tous ces \u00e9l\u00e9ments confirment que des violences polici\u00e8res sont \u00e0 l&#8217;origine de la mort d&#8217;Ali Ziri. Et pourtant, rien n&#8217;a boug\u00e9. Pire encore,  tous les actes demand\u00e9s par les avocats de la famille ALi Ziri, comme l&#8217;audition des t\u00e9moins et des policiers par un juge d&#8217;instruction et la reconstitution des faits, ont \u00e9t\u00e9 refus\u00e9s par le Procureur de la r\u00e9publique de Pontoise. <\/p>\n<p>Le 1er d\u00e9cembre prochain, ce m\u00eame procureur devra rendre son r\u00e9quisitoire d\u00e9finitif \u00e0 propos de cette affaire. Il y a de fortes possibilit\u00e9s qu&#8217;il aille vers un non lieu, qui signifie la fin de l&#8217;instruction et l&#8217;abandon des poursuites.   <\/p>\n<p>                              C&#8217;est pourquoi le collectif appelle \u00e0 un<br \/>\n  RASSEMBLEMENT le mardi 29 novembre \u00e0 18h<br \/>\nAngle des rues Jeanne d&#8217;Arc et Antonin-Georges-Belin, non loin de la mairie d&#8217;Argenteuil. Le cort\u00e8ge se rendra ensuite devant la sous-pr\u00e9fecture d&#8217;Argenteuil.<br \/>\n Soyons nombreux pour exiger V\u00e9rit\u00e9 et Justice. <\/p>\n<p>Contact : ATMF, 26 bd. du G\u00e9n\u00e9ral-Leclerc 95100 Argenteuil. T\u00e9l.: fax: 01 39 80 45 40. Email : collectifaliziri@yahoo.fr<\/p>\n","protected":false},"excerpt":{"rendered":"<p>Collectif v\u00e9rit\u00e9 et Justice pour Ali Ziri. Appel d&#8217;urgence \u00e0 un rassemblement Deux ans et demi apr\u00e8s la mort d&#8217;Ali Ziri, suite \u00e0 son interpellation par la police nationale d&#8217;Argenteuil, ce dossier est toujours au point mort. Rien n&#8217;a boug\u00e9. &hellip; <a href=\"https:\/\/www.atmf.org\/?p=2580\">Continue reading <span class=\"meta-nav\">&rarr;<\/span><\/a><\/p>\n","protected":false},"author":1,"featured_media":0,"comment_status":"closed","ping_status":"open","sticky":false,"template":"","format":"standard","meta":{"ngg_post_thumbnail":0,"_monsterinsights_skip_tracking":false,"_monsterinsights_sitenote_active":false,"_monsterinsights_sitenote_note":"","_monsterinsights_sitenote_category":0,"footnotes":""},"categories":[1],"tags":[],"class_list":["post-2580","post","type-post","status-publish","format-standard","hentry","category-non-classe"],"_links":{"self":[{"href":"https:\/\/www.atmf.org\/index.php?rest_route=\/wp\/v2\/posts\/2580","targetHints":{"allow":["GET"]}}],"collection":[{"href":"https:\/\/www.atmf.org\/index.php?rest_route=\/wp\/v2\/posts"}],"about":[{"href":"https:\/\/www.atmf.org\/index.php?rest_route=\/wp\/v2\/types\/post"}],"author":[{"embeddable":true,"href":"https:\/\/www.atmf.org\/index.php?rest_route=\/wp\/v2\/users\/1"}],"replies":[{"embeddable":true,"href":"https:\/\/www.atmf.org\/index.php?rest_route=%2Fwp%2Fv2%2Fcomments&post=2580"}],"version-history":[{"count":0,"href":"https:\/\/www.atmf.org\/index.php?rest_route=\/wp\/v2\/posts\/2580\/revisions"}],"wp:attachment":[{"href":"https:\/\/www.atmf.org\/index.php?rest_route=%2Fwp%2Fv2%2Fmedia&parent=2580"}],"wp:term":[{"taxonomy":"category","embeddable":true,"href":"https:\/\/www.atmf.org\/index.php?rest_route=%2Fwp%2Fv2%2Fcategories&post=2580"},{"taxonomy":"post_tag","embeddable":true,"href":"https:\/\/www.atmf.org\/index.php?rest_route=%2Fwp%2Fv2%2Ftags&post=2580"}],"curies":[{"name":"wp","href":"https:\/\/api.w.org\/{rel}","templated":true}]}}