{"id":2586,"date":"2011-11-27T10:53:19","date_gmt":"2011-11-27T10:53:19","guid":{"rendered":"http:\/\/new.atmf.org\/?p=2586"},"modified":"2011-11-27T10:53:19","modified_gmt":"2011-11-27T10:53:19","slug":"les-forces-de-l-ordre-marocaines-2","status":"publish","type":"post","link":"https:\/\/www.atmf.org\/?p=2586","title":{"rendered":"Les forces de l&#8217;ordre marocaines et espagnoles complices dans la violence faite aux migrants"},"content":{"rendered":"<p>All\u00e9gations d&#8217;atteinte \u00e0 la s\u00e9curit\u00e9 et \u00e0 la vie \u00e0 proximit\u00e9 de Sebta<\/p>\n<p>Deux tentatives d&#8217;interception de migrants en mer par les forces de l&#8217;ordre marocaines et espagnoles ont conduit \u00e0 la noyade de plusieurs personnes et \u00e0 l&#8217;arrestation et au refoulement violents de dizaines de rescap\u00e9s. <\/p>\n<p>Citant des informations de la MAP, le quotidien Al Massae rapportait dans son \u00e9dition du 5-6 novembre 2011 le refoulement par les autorit\u00e9s marocaines, le 25 octobre, de 90 personnes et le 3 novembre, de 60 personnes qui tentaient de passer \u00e0 Sebta (Ceuta) par la mer.<\/p>\n<p>Les nombreux t\u00e9moignages recueillis par le GADEM permettent d&rsquo;affirmer que leurs interceptions en mer alors qu&#8217;ils cherchaient \u00e0 rejoindre Sebta ont \u00e9t\u00e9 particuli\u00e8rement violentes, et dans certains cas mortelles. Ces op\u00e9rations ont donn\u00e9 lieu \u00e0 des violences disproportionn\u00e9es et \u00e0 de nombreuses exactions. D&#8217;autres \u00e9v\u00e9nements similaires ant\u00e9rieurs et plus r\u00e9cents retracent le m\u00eame type de pratiques par les autorit\u00e9s marocaines et\/ou espagnoles qui portent une atteinte grave au droit \u00e0 la vie de ces personnes.<\/p>\n<p>Les 90 personnes refoul\u00e9es le 25 octobre \u00e0 la fronti\u00e8re alg\u00e9rienne sont les rescap\u00e9s d&rsquo;un naufrage provoqu\u00e9 suite \u00e0 l&rsquo;intervention conjointe des forces de s\u00e9curit\u00e9 espagnoles et marocaines pour intercepter  leur embarcation qui tentait  de contourner par la mer le grillage install\u00e9 sur la c\u00f4te entre Fnidq et Sebta. Si certains migrants ont r\u00e9ussi \u00e0 rejoindre le territoire sous contr\u00f4le espagnol, 10 \u00e0 15 personnes seraient mortes noy\u00e9es, selon des t\u00e9moignages concordants.<\/p>\n<p>Le 3 novembre, 74 personnes, ressortissants de diff\u00e9rents pays d&#8217;Afrique subsaharienne <em>(1)<\/em> ont tent\u00e9 de rejoindre Sebta \u00e0 la nage. Ils ont \u00e9t\u00e9 rattrap\u00e9s par les bateaux de la marine marocaine, alors que des tirs de balles en caoutchouc de la Guardia civil retardaient leur progression et que des civils marocains, apparemment incit\u00e9s par les forces de l&#8217;ordre marocaines, leur jetaient des pierres depuis le rivage. Seules 13 personnes ont pu rejoindre les eaux jouxtant Sebta. Les trois premi\u00e8res arriv\u00e9es ont \u00e9t\u00e9 imm\u00e9diatement remises par la Guardia civil aux forces auxiliaires marocaines, qui ont cependant refus\u00e9 de reprendre les 10 autres migrants.<\/p>\n<p>Les migrants interview\u00e9s par le GADEM, accusent des hommes en uniforme qui leur semblaient \u00eatre des militaires marocains de les avoir frapp\u00e9s et d&#8217;avoir enfonc\u00e9 la t\u00eate de certains sous l&rsquo;eau jusqu&rsquo;\u00e0 la limite de la noyade avant de les ramener \u00e0 terre, o\u00f9 ils les auraient d\u00e9pouill\u00e9s de leur argent et t\u00e9l\u00e9phones portables. <\/p>\n<p>Apr\u00e8s avoir \u00e9t\u00e9 emmen\u00e9s dans diff\u00e9rents commissariats des environs puis regroup\u00e9s dans celui de T\u00e9touan, ils ont \u00e9t\u00e9 transport\u00e9s en bus vers le commissariats d&#8217;Oujda puis finalement refoul\u00e9s \u00e0 la fronti\u00e8re avec l&rsquo;Alg\u00e9rie, \u00e0 l&rsquo;exception des 5 personnes, s\u00e9par\u00e9es du reste du groupe, car elles auraient \u00e9t\u00e9 gravement bless\u00e9es lors de l&#8217;op\u00e9ration d&#8217;arrestation. <\/p>\n<p>Selon les t\u00e9moignages recueillis, ces pratiques sont r\u00e9currentes <em>(1)<\/em> et accompagnent la chasse aux migrants dans les for\u00eats du nord du Maroc, les destructions r\u00e9guli\u00e8res des campements o\u00f9 se r\u00e9fugient les migrants<em>(2)<\/em> et les violences qui les accompagnent.<\/p>\n<p>Dans un communiqu\u00e9 rendu public le 9 septembre 2011<em>(3)<\/em>, le GADEM d\u00e9non\u00e7ait une s\u00e9rie de rafles op\u00e9r\u00e9es contre les migrants subsahariens \u00e0 Rabat et Nador en r\u00e9ponse \u00e0 la pression accrue exerc\u00e9e par l&rsquo;Espagne sur le Maroc. Le GADEM avertissait contre l&rsquo;intensification de la r\u00e9pression polici\u00e8re annonc\u00e9e par M. Khalid Zerouali, Responsable de l&rsquo;immigration et du contr\u00f4le des fronti\u00e8res au sein du minist\u00e8re de l&rsquo;Int\u00e9rieur.<\/p>\n<p>Le GADEM consid\u00e8re les exactions commises aux abords de Sebta comme le r\u00e9sultat de la complicit\u00e9 entre les autorit\u00e9s marocaines et espagnoles pour freiner l&rsquo;entr\u00e9e des migrants en Europe. Ces agissements violent manifestement diff\u00e9rentes des dispositions de la l\u00e9gislation marocaine (non-assistance \u00e0 personne en danger, violences, proc\u00e9dure de reconduite \u00e0 la fronti\u00e8re, droits de d\u00e9fense, protection contre les violences et les confiscations, etc.) et des Conventions internationales d\u00fbment ratifi\u00e9es par le Maroc.<\/p>\n<p>Ils soulignent \u00e9galement certaines pratiques courantes s&#8217;exer\u00e7ant depuis des ann\u00e9es en dehors de tout cadre l\u00e9gal, comme la remise imm\u00e9diate et collective par les autorit\u00e9s espagnoles aux autorit\u00e9s marocaines de migrants, sans examen de leur situation individuelle ni respect de l&#8217;obligation internationale de non refoulement des demandeurs d&#8217;asile.<\/p>\n<p>Le GADEM exhorte les autorit\u00e9s marocaines,  ainsi que les instances de d\u00e9fense des droits Humains en particulier le Conseil national des Droits de l&#8217;Homme (CNDH), \u00e0 prendre rapidement les mesures n\u00e9cessaires pour mettre un terme \u00e0 ces pratiques et pour veiller au respect des droits et de la dignit\u00e9 des \u00e9trangers au Maroc. La lumi\u00e8re doit \u00eatre faite sur les all\u00e9gations de violences perp\u00e9tr\u00e9es par ou en complicit\u00e9 avec les agents de l&#8217;Etat \u00e0 l&#8217;encontre de cette population, violences r\u00e9guli\u00e8rement d\u00e9nonc\u00e9es par le GADEM <em>(4)<\/em> et d&#8217;autres organisations. <\/p>\n<p>Contact : gademm@gmail.com <mailto:gademm@gmail.com>   <\/p>\n<p>________________________________<\/p>\n<p><em>(1)<\/em> Le GADEM a d&#8217;ailleurs d\u00e9j\u00e0 d\u00e9nonc\u00e9 ces pratiques. Consulter GADEM, \u00ab 11 naufrag\u00e9s rep\u00each\u00e9s dans la mer M\u00e9diterran\u00e9e et refoul\u00e9s \u00e0 la fronti\u00e8re alg\u00e9rienne 24 heures plus tard \u00bb, Communiqu\u00e9 du 23 septembre 2009<\/p>\n<p><em>(2)<\/em> L&#8217;association Prodhein a d\u00e9nonc\u00e9 le durcissement de la chasse aux migrants dans le nord du Maroc dans un communiqu\u00e9 publi\u00e9 le 17 novembre. Disponible sur http:\/\/www.cgtandalucia.org\/Melilla-Prodein-denuncia-el <http:\/\/www.cgtandalucia.org\/Melilla-Prodein-denuncia-el>  <\/p>\n<p>  &#8220; los llevan en cami\u00f3n, los hacen bajar en mitad de ninguna parte y los ahuyentan disparando al aire. Cuando se acercan a Argelia les espera un recibimiento similar, m\u00e1s tiros al aire para que se den la vuelta. Algunos logran salir de este limbo, otros ya no vuelven jam\u00e1s&#8221;.<em>(extrait)<\/em><\/p>\n<p><em>(3)<\/em> \u00ab Les forces de l&#8217;ordre marocaines vont pleinement reprendre leur rythme \u00e0 r\u00e9aliser leurs t\u00e2ches habituelles \u00bb : http:\/\/www.gadem-asso.org\/Les-forces-de-l-ordre-marocaines <http:\/\/www.gadem-asso.org\/Les-forces-de-l-ordre-marocaines> <\/p>\n<p><em>(4)<\/em>.Voir rubrique \u00ab communiqu\u00e9s\/rapports \u00bb du GADEM sur http:\/\/www.gadem-asso.org\/<\/p>\n<p>________________________________<\/p>\n<p><em>(1)<\/em> Maliens, S\u00e9n\u00e9galais, Ivoiriens, Camerounais, Togolais et Nig\u00e9rians<\/p>\n<p><http:\/\/menoressolos.blogspot.com\/2011\/01\/organizaciones-de-defensa-de-los.html><\/p>\n","protected":false},"excerpt":{"rendered":"<p>All\u00e9gations d&#8217;atteinte \u00e0 la s\u00e9curit\u00e9 et \u00e0 la vie \u00e0 proximit\u00e9 de Sebta Deux tentatives d&#8217;interception de migrants en mer par les forces de l&#8217;ordre marocaines et espagnoles ont conduit \u00e0 la noyade de plusieurs personnes et \u00e0 l&#8217;arrestation et &hellip; <a href=\"https:\/\/www.atmf.org\/?p=2586\">Continue reading <span class=\"meta-nav\">&rarr;<\/span><\/a><\/p>\n","protected":false},"author":1,"featured_media":0,"comment_status":"closed","ping_status":"open","sticky":false,"template":"","format":"standard","meta":{"ngg_post_thumbnail":0,"_monsterinsights_skip_tracking":false,"_monsterinsights_sitenote_active":false,"_monsterinsights_sitenote_note":"","_monsterinsights_sitenote_category":0,"footnotes":""},"categories":[1],"tags":[],"class_list":["post-2586","post","type-post","status-publish","format-standard","hentry","category-non-classe"],"_links":{"self":[{"href":"https:\/\/www.atmf.org\/index.php?rest_route=\/wp\/v2\/posts\/2586","targetHints":{"allow":["GET"]}}],"collection":[{"href":"https:\/\/www.atmf.org\/index.php?rest_route=\/wp\/v2\/posts"}],"about":[{"href":"https:\/\/www.atmf.org\/index.php?rest_route=\/wp\/v2\/types\/post"}],"author":[{"embeddable":true,"href":"https:\/\/www.atmf.org\/index.php?rest_route=\/wp\/v2\/users\/1"}],"replies":[{"embeddable":true,"href":"https:\/\/www.atmf.org\/index.php?rest_route=%2Fwp%2Fv2%2Fcomments&post=2586"}],"version-history":[{"count":0,"href":"https:\/\/www.atmf.org\/index.php?rest_route=\/wp\/v2\/posts\/2586\/revisions"}],"wp:attachment":[{"href":"https:\/\/www.atmf.org\/index.php?rest_route=%2Fwp%2Fv2%2Fmedia&parent=2586"}],"wp:term":[{"taxonomy":"category","embeddable":true,"href":"https:\/\/www.atmf.org\/index.php?rest_route=%2Fwp%2Fv2%2Fcategories&post=2586"},{"taxonomy":"post_tag","embeddable":true,"href":"https:\/\/www.atmf.org\/index.php?rest_route=%2Fwp%2Fv2%2Ftags&post=2586"}],"curies":[{"name":"wp","href":"https:\/\/api.w.org\/{rel}","templated":true}]}}