{"id":2606,"date":"2012-02-01T08:57:14","date_gmt":"2012-02-01T08:57:14","guid":{"rendered":"http:\/\/new.atmf.org\/?p=2606"},"modified":"2012-02-01T08:57:14","modified_gmt":"2012-02-01T08:57:14","slug":"communique-de-presse-suite-a-la-2","status":"publish","type":"post","link":"https:\/\/www.atmf.org\/?p=2606","title":{"rendered":"Communiqu\u00e9 de presse suite \u00e0 la d\u00e9pose de la plaque comm\u00e9morative Ali ZIRI"},"content":{"rendered":"<p>Le collectif \u00ab Justice et V\u00e9rit\u00e9 pour Ali ZIRI \u00bb, compos\u00e9 d&#8217;une trentaine d&#8217;associations, d&#8217;organisations politiques, syndicales et de citoyens, avec le soutien de personnalit\u00e9s diverses dont celles de M. Jacques Gaillot et M. St\u00e9phane Hessel, a pos\u00e9 une plaque en hommage \u00e0 M. Ali ZIRI, \u00e0 Argenteuil le 14 janvier 2012.<br \/>\nSur cette plaque, on peut lire : \u00ab Ali ZIRI, 69 ans, mort le 11 juin 2009 suite \u00e0 son interpellation par la police nationale ici-m\u00eame \u00bb.<br \/>\nIl nous est reproch\u00e9 d&#8217;avoir utilis\u00e9 les termes \u00ab suite \u00e0 son interpellation \u00bb :<br \/>\n &#8211; Chacun pourra constater que M. Ali ZIRI est d\u00e9c\u00e9d\u00e9 apr\u00e8s avoir \u00e9t\u00e9 interpell\u00e9 par des policiers nationaux rattach\u00e9s au commissariat d&#8217;Argenteuil.<br \/>\n &#8211; Chacun pourra constater que l&#8217;Institut M\u00e9dico-L\u00e9gal \u00e9tablit un lien entre la technique d&#8217;interpellation utilis\u00e9e et le d\u00e9c\u00e8s de M. Ali ZIRI.<br \/>\nIl nous est reproch\u00e9 d&#8217;avoir utilis\u00e9 les termes \u00ab interpellation par la police nationale \u00bb :<br \/>\n &#8211; Chacun admettra qu&#8217;une interpellation ne peut \u00eatre effectu\u00e9e que par des membres de la police nationale, et aucunement par l&#8217;institution qu&#8217;est la police nationale. Il n&#8217;y a donc pas de mise en cause de la police nationale dans son enti\u00e8ret\u00e9.<br \/>\nPour ces trois raisons, cette plaque n&#8217;est en rien diffamatoire et ne pr\u00e9juge en rien de la d\u00e9cision de justice concernant les policiers impliqu\u00e9s.<br \/>\nPour ces m\u00eames raisons, le collectif d\u00e9nonce la d\u00e9pose de cette plaque par la municipalit\u00e9.<br \/>\nCette m\u00eame municipalit\u00e9, qui nous avait permis de d\u00e9couvrir cette plaque en pr\u00e9sence de Monseigneur Jacques GAILLOT et d&#8217;environ 500 personnes, qui nous avait expliqu\u00e9 jusqu&#8217;alors que le contenu de cette plaque n&#8217;\u00e9tait en rien diffamatoire, et qui au final op\u00e8re une volte-face et c\u00e8de aux injonctions de Claude GUEANT.<\/p>\n<p>Nous avons conscience que notre cause d\u00e9range, mais nous ne c\u00e9derons pas, et c&#8217;est avec d\u00e9termination, sans r\u00e9pondre aux provocations d&#8217;o\u00f9 qu&#8217;elles viennent, que le collectif entend faire toute la v\u00e9rit\u00e9 et exiger justice pour la m\u00e9moire de M. Ali ZIRI.<\/p>\n<p>Nous appelons \u00e0 une conf\u00e9rence de presse le Lundi 6 f\u00e9vrier \u00e0 14 h30 \u00e0 l&#8217;endroit o\u00f9 se trouvait la plaque (Angle des rues Antonin-Georges-Belin et Jeanne d&#8217;Arc) et \u00e0 une mobilisation le samedi 11 f\u00e9vrier dans le parc de la Mairie d&#8217;Argenteuil \u00e0 14h00.<\/p>\n<p>Contact : ATMF 26, bd du G\u00e9n\u00e9ral Leclerc 95100<br \/>\nArgenteuil T\u00e9l\/fax : 01 39 80 45 40 Email: collectifaliziri@yahoo.fr<\/p>\n<p><img725|center><\/p>\n","protected":false},"excerpt":{"rendered":"<p>Le collectif \u00ab Justice et V\u00e9rit\u00e9 pour Ali ZIRI \u00bb, compos\u00e9 d&#8217;une trentaine d&#8217;associations, d&#8217;organisations politiques, syndicales et de citoyens, avec le soutien de personnalit\u00e9s diverses dont celles de M. Jacques Gaillot et M. St\u00e9phane Hessel, a pos\u00e9 une plaque &hellip; <a href=\"https:\/\/www.atmf.org\/?p=2606\">Continue reading <span class=\"meta-nav\">&rarr;<\/span><\/a><\/p>\n","protected":false},"author":1,"featured_media":0,"comment_status":"closed","ping_status":"open","sticky":false,"template":"","format":"standard","meta":{"ngg_post_thumbnail":0,"_monsterinsights_skip_tracking":false,"_monsterinsights_sitenote_active":false,"_monsterinsights_sitenote_note":"","_monsterinsights_sitenote_category":0,"footnotes":""},"categories":[1],"tags":[],"class_list":["post-2606","post","type-post","status-publish","format-standard","hentry","category-non-classe"],"_links":{"self":[{"href":"https:\/\/www.atmf.org\/index.php?rest_route=\/wp\/v2\/posts\/2606","targetHints":{"allow":["GET"]}}],"collection":[{"href":"https:\/\/www.atmf.org\/index.php?rest_route=\/wp\/v2\/posts"}],"about":[{"href":"https:\/\/www.atmf.org\/index.php?rest_route=\/wp\/v2\/types\/post"}],"author":[{"embeddable":true,"href":"https:\/\/www.atmf.org\/index.php?rest_route=\/wp\/v2\/users\/1"}],"replies":[{"embeddable":true,"href":"https:\/\/www.atmf.org\/index.php?rest_route=%2Fwp%2Fv2%2Fcomments&post=2606"}],"version-history":[{"count":0,"href":"https:\/\/www.atmf.org\/index.php?rest_route=\/wp\/v2\/posts\/2606\/revisions"}],"wp:attachment":[{"href":"https:\/\/www.atmf.org\/index.php?rest_route=%2Fwp%2Fv2%2Fmedia&parent=2606"}],"wp:term":[{"taxonomy":"category","embeddable":true,"href":"https:\/\/www.atmf.org\/index.php?rest_route=%2Fwp%2Fv2%2Fcategories&post=2606"},{"taxonomy":"post_tag","embeddable":true,"href":"https:\/\/www.atmf.org\/index.php?rest_route=%2Fwp%2Fv2%2Ftags&post=2606"}],"curies":[{"name":"wp","href":"https:\/\/api.w.org\/{rel}","templated":true}]}}