{"id":2609,"date":"2012-02-10T16:52:04","date_gmt":"2012-02-10T16:52:04","guid":{"rendered":"http:\/\/new.atmf.org\/?p=2609"},"modified":"2015-02-19T15:05:27","modified_gmt":"2015-02-19T14:05:27","slug":"le-conseil-d-etat-reconnait-que-le-2","status":"publish","type":"post","link":"https:\/\/www.atmf.org\/?p=2609","title":{"rendered":"Le Conseil d\u2019\u00c9tat reconna\u00eet que le droit \u00e0 l\u2019h\u00e9bergement d\u2019urgence est une libert\u00e9 fondamentale"},"content":{"rendered":"<p>Point presse \u00e0 17h avec notamment Albert Jacquard,<br \/>\nau DAL &#8211; 29 Av Ledru Rollin Paris 12e)<\/p>\n<p>Par un arr\u00eat historique rendu aujourd\u2019hui, suite \u00e0 une requ\u00eate du DAL et communiqu\u00e9 en d\u00e9but d\u2019apr\u00e8s midi, le Conseil d\u2019\u00c9tat a reconnu :<br \/>\n\u201c qu\u2019il appartient aux autorit\u00e9s de l\u2019\u00c9tat de mettre en \u0153uvre le droit \u00e0 l\u2019h\u00e9bergement d\u2019urgence reconnu par la loi \u00e0 toute personne sans abri qui se trouve en situation de d\u00e9tresse m\u00e9dicale, psychique et sociale; qu\u2019une carence caract\u00e9ris\u00e9e dans l\u2019accomplissement de cette t\u00e2che, peut, contrairement \u00e0 ce qu\u2019a estim\u00e9 le juge de r\u00e9f\u00e9r\u00e9 de premi\u00e8re instance, faire appara\u00eetre pour l\u2019application de l\u2019article L 521-2 du code de la justice administrative, une atteinte grave et manifestement ill\u00e9gale \u00e0 une libert\u00e9 fondamentale lorsqu\u2019elle entraine des cons\u00e9quences graves pour la personne int\u00e9ress\u00e9e\u201d.<\/p>\n<p>Cette d\u00e9cision permet \u00e0 toute personne sans abri, quelque soit sa situation administrative, qui a saisi en vain le dispositif de veille social (115 &#8230;) , de saisir le tribunal administratif en \u201cr\u00e9f\u00e9r\u00e9 libert\u00e9\u201d, et d\u2019obtenir une d\u00e9cision portant injonction \u00e0 l\u2019\u00c9tat de l\u2019h\u00e9berger.<\/p>\n<p>Cette d\u00e9cision est historique car elle ouvre enfin un recours effectif pour faire respecter les droits de tous les sans abris. En effet, si la loi \u00e9tait appliqu\u00e9e et respect\u00e9e, il n\u2019y aurait plus de sans abri dans notre pays.<br \/>\nCet Arr\u00eat impose \u00e0 l\u2019\u00c9tat de mettre en \u0153uvre tout les moyens n\u00e9cessaires \u00e0 leur accueil, et par ce fait, au maintien jusqu\u2019\u00e0 leur relogement.<\/p>\n<p>L\u2019importance du nombre sans abri, de personnes log\u00e9es dans des conditions de grande pr\u00e9carit\u00e9, et de logements vacants justifie d\u2019appliquer \u00e9galement la loi de r\u00e9quisition, en attendant de r\u00e9aliser massivement des logements sociaux, et de faire baisser le prix des logements et des loyers.<\/p>\n<p>DAL demande au Gouvernement de tirer imm\u00e9diatement les cons\u00e9quence de cette d\u00e9cision, en ordonnant aux Pr\u00e9fets de mobiliser et si n\u00e9cessaire r\u00e9quisitionner tout les locaux et logements permettant la mise en \u0153uvre des droits des sans abri, l\u2019accueil toute personne sans logis, et de ne plus en remettre un seul dans la rue contre sa volont\u00e9, et de suspendre les expulsions.<\/p>\n<p>Contact :<br \/>\nDAL : 06 09 59 19 74 &#8211; 01 40 27 92 98 \u2013 06 29 11 57 02 \u2013 01 42 78 22 00<\/p>\n<p>La d\u00e9cision sera bient\u00f4t disponible sur: http:\/\/www.droitaulogement.org\/<\/p>\n","protected":false},"excerpt":{"rendered":"<p>Point presse \u00e0 17h avec notamment Albert Jacquard, au DAL &#8211; 29 Av Ledru Rollin Paris 12e) Par un arr\u00eat historique rendu aujourd\u2019hui, suite \u00e0 une requ\u00eate du DAL et communiqu\u00e9 en d\u00e9but d\u2019apr\u00e8s midi, le Conseil d\u2019\u00c9tat a reconnu &hellip; <a href=\"https:\/\/www.atmf.org\/?p=2609\">Continue reading <span class=\"meta-nav\">&rarr;<\/span><\/a><\/p>\n","protected":false},"author":1,"featured_media":0,"comment_status":"closed","ping_status":"closed","sticky":false,"template":"","format":"standard","meta":{"ngg_post_thumbnail":0,"_monsterinsights_skip_tracking":false,"_monsterinsights_sitenote_active":false,"_monsterinsights_sitenote_note":"","_monsterinsights_sitenote_category":0,"footnotes":""},"categories":[1],"tags":[],"class_list":["post-2609","post","type-post","status-publish","format-standard","hentry","category-non-classe"],"_links":{"self":[{"href":"https:\/\/www.atmf.org\/index.php?rest_route=\/wp\/v2\/posts\/2609","targetHints":{"allow":["GET"]}}],"collection":[{"href":"https:\/\/www.atmf.org\/index.php?rest_route=\/wp\/v2\/posts"}],"about":[{"href":"https:\/\/www.atmf.org\/index.php?rest_route=\/wp\/v2\/types\/post"}],"author":[{"embeddable":true,"href":"https:\/\/www.atmf.org\/index.php?rest_route=\/wp\/v2\/users\/1"}],"replies":[{"embeddable":true,"href":"https:\/\/www.atmf.org\/index.php?rest_route=%2Fwp%2Fv2%2Fcomments&post=2609"}],"version-history":[{"count":1,"href":"https:\/\/www.atmf.org\/index.php?rest_route=\/wp\/v2\/posts\/2609\/revisions"}],"predecessor-version":[{"id":3283,"href":"https:\/\/www.atmf.org\/index.php?rest_route=\/wp\/v2\/posts\/2609\/revisions\/3283"}],"wp:attachment":[{"href":"https:\/\/www.atmf.org\/index.php?rest_route=%2Fwp%2Fv2%2Fmedia&parent=2609"}],"wp:term":[{"taxonomy":"category","embeddable":true,"href":"https:\/\/www.atmf.org\/index.php?rest_route=%2Fwp%2Fv2%2Fcategories&post=2609"},{"taxonomy":"post_tag","embeddable":true,"href":"https:\/\/www.atmf.org\/index.php?rest_route=%2Fwp%2Fv2%2Ftags&post=2609"}],"curies":[{"name":"wp","href":"https:\/\/api.w.org\/{rel}","templated":true}]}}