{"id":2610,"date":"2012-02-14T11:34:43","date_gmt":"2012-02-14T11:34:43","guid":{"rendered":"http:\/\/new.atmf.org\/?p=2610"},"modified":"2015-02-19T15:06:01","modified_gmt":"2015-02-19T14:06:01","slug":"appel-citoyen-des-residents-2","status":"publish","type":"post","link":"https:\/\/www.atmf.org\/?p=2610","title":{"rendered":"APPEL CITOYEN DES RESIDENTS ETRANGERS AUX CANDIDATS AUX ELECTIONS PRESIDENTIELLES ET LEGISLATIVES"},"content":{"rendered":"<p>Nous, r\u00e9sidents \u00e9trangers extra communautaires, bien que participant<br \/>\npleinement \u00e0 la vie culturelle, sociale, \u00e9conomique, \u00e9cologique et solidaire de la Cit\u00e9, demeurons toujours exclus du droit \u00e9l\u00e9mentaire \u00e0 la participation d\u00e9mocratique, \u00e0 savoir le droit de vote et d\u2019\u00e9ligibilit\u00e9<br \/>\naux \u00e9lections locales.<\/p>\n<p>Respectueux des lois r\u00e9publicaines, et contribuant au rayonnement de la soci\u00e9t\u00e9 fran\u00e7aise, nous demandons ce socle l\u00e9gal afin de pouvoir faire exister notre choix.<\/p>\n<p>Sans \u00e9galit\u00e9 civique, il est impossible d\u2019imaginer une avanc\u00e9e s\u00e9rieuse vers un n\u00e9cessaire \u00ab mieux vivre ensemble \u00bb et un gain en coh\u00e9sion sociale qui b\u00e9n\u00e9ficiera \u00e0 une R\u00e9publique ayant plus que jamais besoin de davantage de libert\u00e9, d\u2019\u00e9galit\u00e9, de fraternit\u00e9 et de justice.<\/p>\n<p>La citoyennet\u00e9, c\u2019est-\u00e0-dire le droit \u00e0 une parole politique, se situe sur le m\u00eame rang que le droit \u00e0 la sant\u00e9 ou au logement. Dans une d\u00e9mocratie, ce droit est indissociable de l\u2019individu.<\/p>\n<p>Rien n\u2019emp\u00eache que dans les collectivit\u00e9s locales les \u00e9trangers puissent disposer des modalit\u00e9s n\u00e9cessaires pour faire valoir leur citoyennet\u00e9.<\/p>\n<p>Dans nos territoires, la citoyennet\u00e9 de r\u00e9sidence peut ouvrir la voie \u00e0 une int\u00e9gration qui serait pleine et volontaire. Ayant choisi de vivre en France, nous voulons \u00eatre consid\u00e9r\u00e9s comme des citoyens \u00e0 part enti\u00e8re l\u00e0 o\u00f9 nous r\u00e9sidons.<\/p>\n<p>Le S\u00e9nat, le 8 d\u00e9cembre dernier, a vot\u00e9 un texte donnant le droit de vote et d\u2019\u00e9ligibilit\u00e9 aux r\u00e9sidents \u00e9trangers aux \u00e9lections communales. Aujourd\u2019hui, nous voulons interpeller les candidats aux \u00e9lections pr\u00e9sidentielles et l\u00e9gislatives, pour qu\u2019ils s\u2019engagent \u00e0 voter un texte<br \/>\nde loi qui accordera enfin aux r\u00e9sidents \u00e9trangers extra communautaires le droit de vote et d\u2019\u00e9ligibilit\u00e9 aux \u00e9lections locales.<\/p>\n<p>Les r\u00e9sidents \u00e9trangers membres du Conseil Fran\u00e7ais de la Citoyennet\u00e9 de R\u00e9sidence<\/p>\n<p>&lt;img728|center&gt;<\/p>\n","protected":false},"excerpt":{"rendered":"<p>Nous, r\u00e9sidents \u00e9trangers extra communautaires, bien que participant pleinement \u00e0 la vie culturelle, sociale, \u00e9conomique, \u00e9cologique et solidaire de la Cit\u00e9, demeurons toujours exclus du droit \u00e9l\u00e9mentaire \u00e0 la participation d\u00e9mocratique, \u00e0 savoir le droit de vote et d\u2019\u00e9ligibilit\u00e9 aux &hellip; <a href=\"https:\/\/www.atmf.org\/?p=2610\">Continue reading <span class=\"meta-nav\">&rarr;<\/span><\/a><\/p>\n","protected":false},"author":1,"featured_media":0,"comment_status":"closed","ping_status":"closed","sticky":false,"template":"","format":"standard","meta":{"ngg_post_thumbnail":0,"_monsterinsights_skip_tracking":false,"_monsterinsights_sitenote_active":false,"_monsterinsights_sitenote_note":"","_monsterinsights_sitenote_category":0,"footnotes":""},"categories":[82,42],"tags":[],"class_list":["post-2610","post","type-post","status-publish","format-standard","hentry","category-communiques","category-votation-citoyenne"],"_links":{"self":[{"href":"https:\/\/www.atmf.org\/index.php?rest_route=\/wp\/v2\/posts\/2610","targetHints":{"allow":["GET"]}}],"collection":[{"href":"https:\/\/www.atmf.org\/index.php?rest_route=\/wp\/v2\/posts"}],"about":[{"href":"https:\/\/www.atmf.org\/index.php?rest_route=\/wp\/v2\/types\/post"}],"author":[{"embeddable":true,"href":"https:\/\/www.atmf.org\/index.php?rest_route=\/wp\/v2\/users\/1"}],"replies":[{"embeddable":true,"href":"https:\/\/www.atmf.org\/index.php?rest_route=%2Fwp%2Fv2%2Fcomments&post=2610"}],"version-history":[{"count":1,"href":"https:\/\/www.atmf.org\/index.php?rest_route=\/wp\/v2\/posts\/2610\/revisions"}],"predecessor-version":[{"id":3284,"href":"https:\/\/www.atmf.org\/index.php?rest_route=\/wp\/v2\/posts\/2610\/revisions\/3284"}],"wp:attachment":[{"href":"https:\/\/www.atmf.org\/index.php?rest_route=%2Fwp%2Fv2%2Fmedia&parent=2610"}],"wp:term":[{"taxonomy":"category","embeddable":true,"href":"https:\/\/www.atmf.org\/index.php?rest_route=%2Fwp%2Fv2%2Fcategories&post=2610"},{"taxonomy":"post_tag","embeddable":true,"href":"https:\/\/www.atmf.org\/index.php?rest_route=%2Fwp%2Fv2%2Ftags&post=2610"}],"curies":[{"name":"wp","href":"https:\/\/api.w.org\/{rel}","templated":true}]}}