{"id":2611,"date":"2012-02-22T10:41:49","date_gmt":"2012-02-22T10:41:49","guid":{"rendered":"http:\/\/new.atmf.org\/?p=2611"},"modified":"2015-02-19T15:06:47","modified_gmt":"2015-02-19T14:06:47","slug":"7eme-edition-de-la-semaine-2","status":"publish","type":"post","link":"https:\/\/www.atmf.org\/?p=2611","title":{"rendered":"7\u00e8me \u00e9dition de la Semaine Anticoloniale"},"content":{"rendered":"<p>C&rsquo;est en d\u00e9nonciation de la loi du 23 f\u00e9vrier 2005 sur \u00abl\u2019apport positif de la colonisation\u00bb qu&rsquo;est n\u00e9e la Semaine Anticoloniale.<\/p>\n<p>Le 23 F\u00e9vrier 2012 s&rsquo;ouvrira, \u00e0 l&rsquo;initiative de Sortir du Colonialisme la 7\u00e8me \u00e9dition de la Semaine Anticoloniale, qui se conclura le 17 mars par une Marche Solidaire des peuples en lutte co-organis\u00e9e avec le collectif D&rsquo;ailleurs Nous Sommes d&rsquo;Ici.<\/p>\n<p>2012, ann\u00e9e de la c\u00e9l\u00e9bration du cinquantenaire de l&rsquo;anniversaire de l&rsquo;Alg\u00e9rie, au centre du programme de cette Semaine Anticoloniale, et dont le coffret de 4 CD: Alg\u00e9rie Musiques Rebelles, en pr\u00e9vente sur le site, fait entendre les chants.<\/p>\n<p>De nombreux \u00e9v\u00e8nements vont s&rsquo;y tenir: colloques, projections de films, concerts, et La Bellevilloise accueillera le Salon Anticolonial, au cours duquel seront d\u00e9cern\u00e9s les prix du livre anticolonial, du Colonialiste de l&rsquo;ann\u00e9e et celui de la Fran\u00e7afrique.<\/p>\n<p>La Semaine d\u00e9borde enfin du cadre parisien Paris pour s&rsquo;ouvrir en r\u00e9gions, avec de nombreuses initiatives, festives ou militantes.<\/p>\n<p>Le programme d\u00e9taill\u00e9 est consultable sur le site : www.anticolonial.net<\/p>\n<p>&lt;img729|center&gt;<\/p>\n","protected":false},"excerpt":{"rendered":"<p>C&rsquo;est en d\u00e9nonciation de la loi du 23 f\u00e9vrier 2005 sur \u00abl\u2019apport positif de la colonisation\u00bb qu&rsquo;est n\u00e9e la Semaine Anticoloniale. Le 23 F\u00e9vrier 2012 s&rsquo;ouvrira, \u00e0 l&rsquo;initiative de Sortir du Colonialisme la 7\u00e8me \u00e9dition de la Semaine Anticoloniale, qui &hellip; <a href=\"https:\/\/www.atmf.org\/?p=2611\">Continue reading <span class=\"meta-nav\">&rarr;<\/span><\/a><\/p>\n","protected":false},"author":1,"featured_media":0,"comment_status":"closed","ping_status":"closed","sticky":false,"template":"","format":"standard","meta":{"ngg_post_thumbnail":0,"_monsterinsights_skip_tracking":false,"_monsterinsights_sitenote_active":false,"_monsterinsights_sitenote_note":"","_monsterinsights_sitenote_category":0,"footnotes":""},"categories":[5],"tags":[],"class_list":["post-2611","post","type-post","status-publish","format-standard","hentry","category-solidarite-internationale"],"_links":{"self":[{"href":"https:\/\/www.atmf.org\/index.php?rest_route=\/wp\/v2\/posts\/2611","targetHints":{"allow":["GET"]}}],"collection":[{"href":"https:\/\/www.atmf.org\/index.php?rest_route=\/wp\/v2\/posts"}],"about":[{"href":"https:\/\/www.atmf.org\/index.php?rest_route=\/wp\/v2\/types\/post"}],"author":[{"embeddable":true,"href":"https:\/\/www.atmf.org\/index.php?rest_route=\/wp\/v2\/users\/1"}],"replies":[{"embeddable":true,"href":"https:\/\/www.atmf.org\/index.php?rest_route=%2Fwp%2Fv2%2Fcomments&post=2611"}],"version-history":[{"count":1,"href":"https:\/\/www.atmf.org\/index.php?rest_route=\/wp\/v2\/posts\/2611\/revisions"}],"predecessor-version":[{"id":3285,"href":"https:\/\/www.atmf.org\/index.php?rest_route=\/wp\/v2\/posts\/2611\/revisions\/3285"}],"wp:attachment":[{"href":"https:\/\/www.atmf.org\/index.php?rest_route=%2Fwp%2Fv2%2Fmedia&parent=2611"}],"wp:term":[{"taxonomy":"category","embeddable":true,"href":"https:\/\/www.atmf.org\/index.php?rest_route=%2Fwp%2Fv2%2Fcategories&post=2611"},{"taxonomy":"post_tag","embeddable":true,"href":"https:\/\/www.atmf.org\/index.php?rest_route=%2Fwp%2Fv2%2Ftags&post=2611"}],"curies":[{"name":"wp","href":"https:\/\/api.w.org\/{rel}","templated":true}]}}