{"id":2612,"date":"2012-02-26T10:37:47","date_gmt":"2012-02-26T10:37:47","guid":{"rendered":"http:\/\/new.atmf.org\/?p=2612"},"modified":"2015-02-19T15:07:03","modified_gmt":"2015-02-19T14:07:03","slug":"contre-les-attaques-de-la-centrale-2","status":"publish","type":"post","link":"https:\/\/www.atmf.org\/?p=2612","title":{"rendered":"CONTRE LES ATTAQUES DE LA CENTRALE  SYNDICALE"},"content":{"rendered":"<p>L&rsquo;<b>ATMF<\/b> se joint \u00e0 l&rsquo;appel de soutien \u00e0 l&rsquo;UGTT et \u00e0 la condamnation des agressions dont elle a \u00e9t\u00e9 victme.<br \/>\nL&rsquo;ATMF, tout en d\u00e9non\u00e7ant ces agressions, et en exigeant leur arr\u00eat, demande le respect de toutes les formes d\u2019expression d\u00e9mocratique en Tunisie.<br \/>\nL&rsquo;ATMF exige le respect des libert\u00e9s fondamentales et particuli\u00e8rement la libert\u00e9 syndicale dont le droit de gr\u00e8ve fait partie int\u00e9grante et la libert\u00e9 d\u2019expression.<br \/>\nL&rsquo;ATMF demande aux pouvoirs publics d\u2019assumer leurs responsabilit\u00e9s et de prot\u00e9ger les syndicalistes de l\u2019U.G.T.T. des attaques de ces milices aux ordres de la contre r\u00e9volution qui veut la saborder.<\/p>\n<p>ATMF &#8211; Bureau National<br \/>\nParis 26.02.2012<\/p>\n<p>==================================================<\/p>\n<p>Paris, le 25 f\u00e9vrier 2012<\/p>\n<p>L\u2019Union g\u00e9n\u00e9rale tunisienne du travail (U.G.T.T.) subit depuis quelques jours des attaques de milices int\u00e9gristes et salafistes ayant eu pour cibles les locaux de la centrale syndicale \u00e0 travers le pays dont le si\u00e8ge national \u00e0 Tunis.<\/p>\n<p>L\u2019U.G.T.T. consid\u00e8re que l\u2019objectif poursuivi par ces \u00abagressions orchestr\u00e9es et syst\u00e9matis\u00e9es contre l\u2019int\u00e9grit\u00e9 de la plus ancienne des organisations de la soci\u00e9t\u00e9 civile tunisienne \u00bb est de nuire \u00e0 la centrale syndicale, de ternir son image aux yeux de l\u2019opinion publique et de jeter le discr\u00e9dit en l\u2019accusant de bloquer l\u2019\u00e9conomie du pays par son soutien aux mouvements sociaux.<\/p>\n<p>Les attaques contre la centrale syndicale ont commenc\u00e9 \u00e0 la suite de la gr\u00e8ve g\u00e9n\u00e9rale des agents municipaux, par des d\u00e9p\u00f4ts d&rsquo;immondices devant les locaux syndicaux puis par des tentatives d&rsquo;incendie, de mise \u00e0 sac et de d\u00e9gradations des si\u00e8ges des ses sections locales et r\u00e9gionale de F\u00e9riana, Le Kef, Kairouan, Monastir et Menzel Bouzelfa. L\u2019U.G.T.T. est pleinement dans son r\u00f4le, celui de d\u00e9fendre les droits des travailleurs et travailleuses tunisien(ne)s dans leur lutte pour l\u2019am\u00e9lioration de leurs conditions de vie. Le lui reprocher rel\u00e8ve d\u2019une volont\u00e9 d\u2019\u00e9touffer l\u2019action syndicale dont elle est le garant.<\/p>\n<p>L&rsquo;U.G.T.T. a d\u00e9nonc\u00e9 ces d\u00e9rives et a \u00abaverti contre les dangers de monter l&rsquo;opinion publique contre l\u2019U.G.T.T. par certaines parties au pouvoir qui visent \u00e0 instaurer une nouvelle dictature dans le pays et \u00e0 tous les niveaux \u00bb. Ces attaques constituent une mise en cause du droit de gr\u00e8ve, droit constitutionnel, et de la lutte des travailleur(se)s pour l\u2019am\u00e9lioration de leur condition et en vue de la satisfaction de leurs revendications l\u00e9gitimes.<\/p>\n<p>Ces attaques contre l\u2019U.G.T.T. font partie d\u2019un processus et ont \u00e9t\u00e9 pr\u00e9c\u00e9d\u00e9es par des campagnes m\u00e9diatiques de d\u00e9stabilisation subies par la centrale syndicale depuis le 14\/01\/2011. Elles font partie d&rsquo;un processus d&rsquo;incrimination des luttes sociales et des agressions r\u00e9p\u00e9t\u00e9es des dipl\u00f4m\u00e9s ch\u00f4meurs, des journalistes, des m\u00e9dias, d\u2019universitaires, des intellectuels, des organisations d\u00e9mocratiques et de mise en cause du droit de manifestation. Cela montre la volont\u00e9 d\u00e9lib\u00e9r\u00e9e des forces de la contre r\u00e9volution de saboter le processus d\u00e9mocratique issu de la R\u00e9volution tunisienne et de mettre en cause les acquis du peuple tunisien.<\/p>\n<p>Il n\u2019y a plus de doute, ces agressions syst\u00e9matiques des forces du progr\u00e8s et de la d\u00e9mocratie ont pour seul objectif la mise au pas du peuple tunisien et de la soci\u00e9t\u00e9 civile d\u00e9mocratique et en particulier l\u2019U.G.T.T.<\/p>\n<p>Nous, signataires :<\/p>\n<p>\u00d8 D\u00e9non\u00e7ons le silence assourdissant du gouvernement et certaines de ses composantes qui se rendent complices et comptables de la d\u00e9gradation du climat social et politique dans le pays.<\/p>\n<p>\u00d8 Exigeons l\u2019arr\u00eat des agressions contre l\u2019U.G.T.T. et demandons le respect de toutes les formes d\u2019expression d\u00e9mocratique en Tunisie.<br \/>\n\u00d8 Nous exigeons aussi le respect des libert\u00e9s fondamentales et particuli\u00e8rement la libert\u00e9 syndicale dont le droit de gr\u00e8ve fait partie int\u00e9grante et la libert\u00e9 d\u2019expression.<br \/>\n\u00d8 Demandons aux pouvoirs publics d\u2019assumer leurs responsabilit\u00e9s et de prot\u00e9ger les syndicalistes de l\u2019U.G.T.T. des attaques de ces milices aux ordres de la contre r\u00e9volution qui veut la saborder.<\/p>\n<p>Premiers signataires :<br \/>\nADTF &#8211; ATF \u2013 CRLDHT &#8211; Dynamique Citoyenne des Tunisiens \u00e0 L&rsquo;Etranger (DCTE) &#8211; Ettajdid \/ France Ettakatol\/France \u2013 FTCR \u2013 MCTF \u2013 PCOT\/France \u2013PDP\/France &#8211; PTT\/France &#8211; UTIT-IdF \u2013<\/p>\n<p><b>METTING DE SOUTIEN \u00e0 L\u2019U.G.T.T.<\/b><\/p>\n<p>JEUDI 1er MARS 2012 \u00e0 18H30<\/p>\n<p>Salle jean Jaur\u00e8s, Bourse du Travail 3 rue du Ch\u00e2teau d\u2019eau &#8211; M\u00e9tro R\u00e9publique<\/p>\n<p>Avec la pr\u00e9sence d\u2019un membre dirigeant de l\u2019U.G.T.T.<\/p>\n<p>https:\/\/picasaweb.google.com\/114600362942396530293\/CONTRELESATTAQUESDELACENTRALESYNDICALEUGTT#<\/p>\n","protected":false},"excerpt":{"rendered":"<p>L&rsquo;ATMF se joint \u00e0 l&rsquo;appel de soutien \u00e0 l&rsquo;UGTT et \u00e0 la condamnation des agressions dont elle a \u00e9t\u00e9 victme. L&rsquo;ATMF, tout en d\u00e9non\u00e7ant ces agressions, et en exigeant leur arr\u00eat, demande le respect de toutes les formes d\u2019expression d\u00e9mocratique &hellip; <a href=\"https:\/\/www.atmf.org\/?p=2612\">Continue reading <span class=\"meta-nav\">&rarr;<\/span><\/a><\/p>\n","protected":false},"author":1,"featured_media":0,"comment_status":"closed","ping_status":"closed","sticky":false,"template":"","format":"standard","meta":{"ngg_post_thumbnail":0,"_monsterinsights_skip_tracking":false,"_monsterinsights_sitenote_active":false,"_monsterinsights_sitenote_note":"","_monsterinsights_sitenote_category":0,"footnotes":""},"categories":[82,79],"tags":[],"class_list":["post-2612","post","type-post","status-publish","format-standard","hentry","category-communiques","category-maghreb"],"_links":{"self":[{"href":"https:\/\/www.atmf.org\/index.php?rest_route=\/wp\/v2\/posts\/2612","targetHints":{"allow":["GET"]}}],"collection":[{"href":"https:\/\/www.atmf.org\/index.php?rest_route=\/wp\/v2\/posts"}],"about":[{"href":"https:\/\/www.atmf.org\/index.php?rest_route=\/wp\/v2\/types\/post"}],"author":[{"embeddable":true,"href":"https:\/\/www.atmf.org\/index.php?rest_route=\/wp\/v2\/users\/1"}],"replies":[{"embeddable":true,"href":"https:\/\/www.atmf.org\/index.php?rest_route=%2Fwp%2Fv2%2Fcomments&post=2612"}],"version-history":[{"count":1,"href":"https:\/\/www.atmf.org\/index.php?rest_route=\/wp\/v2\/posts\/2612\/revisions"}],"predecessor-version":[{"id":3286,"href":"https:\/\/www.atmf.org\/index.php?rest_route=\/wp\/v2\/posts\/2612\/revisions\/3286"}],"wp:attachment":[{"href":"https:\/\/www.atmf.org\/index.php?rest_route=%2Fwp%2Fv2%2Fmedia&parent=2612"}],"wp:term":[{"taxonomy":"category","embeddable":true,"href":"https:\/\/www.atmf.org\/index.php?rest_route=%2Fwp%2Fv2%2Fcategories&post=2612"},{"taxonomy":"post_tag","embeddable":true,"href":"https:\/\/www.atmf.org\/index.php?rest_route=%2Fwp%2Fv2%2Ftags&post=2612"}],"curies":[{"name":"wp","href":"https:\/\/api.w.org\/{rel}","templated":true}]}}