{"id":2615,"date":"2012-02-29T14:58:57","date_gmt":"2012-02-29T14:58:57","guid":{"rendered":"http:\/\/new.atmf.org\/?p=2615"},"modified":"2015-02-19T15:23:29","modified_gmt":"2015-02-19T14:23:29","slug":"argenteuil-l-espace-femmes-2","status":"publish","type":"post","link":"https:\/\/www.atmf.org\/?p=2615","title":{"rendered":"Argenteuil : L\u2019Espace Femmes Citoyennes"},"content":{"rendered":"<p>A l&rsquo;occasion de la journ\u00e9e mondiale de lutte pour les droits des femmes, l&rsquo;ensemble des adh\u00e9rentes de l&rsquo;espace femmes citoyennes ont le plaisir de vous inviter au repas citoyen et solidaire le 8 mars 2012 de 12h \u00e0 14h30 \u00e0 l&rsquo;espace Nelson Mandela \u00e0 Argenteuil.<\/p>\n<p>Ce repas sera suivi le m\u00eame jour, d&rsquo;une rencontre-d\u00e9bat \u00e0 18h \u00e0 l&rsquo;espace Nelson Mandela sous le th\u00e8me: \u00ab\u00a0Femmes en lutte et citoyennet\u00e9\u00a0\u00bb en pr\u00e9sence de sociologues de qualit\u00e9 qui ont beaucoup travaill\u00e9 la question du genre, nous vous proposons de venir vous ressourcer autour de cette th\u00e9matique.<\/p>\n<p>Dans l&rsquo;attente de vous accueillir, acceptez nos salutations respectueuses.<\/p>\n<p>Invitations en pi\u00e8ces-jointes<\/p>\n<p>Pour l&rsquo;ATMF:<br \/>\nFouzia HAMHAMI<br \/>\nR\u00e9f\u00e9rente espace femmes citoyennes<br \/>\nT\u00e9l:0139804540<\/p>\n<p>&lt;doc731|center&gt;<\/p>\n<p>&lt;doc738|center&gt;<\/p>\n","protected":false},"excerpt":{"rendered":"<p>A l&rsquo;occasion de la journ\u00e9e mondiale de lutte pour les droits des femmes, l&rsquo;ensemble des adh\u00e9rentes de l&rsquo;espace femmes citoyennes ont le plaisir de vous inviter au repas citoyen et solidaire le 8 mars 2012 de 12h \u00e0 14h30 \u00e0 &hellip; <a href=\"https:\/\/www.atmf.org\/?p=2615\">Continue reading <span class=\"meta-nav\">&rarr;<\/span><\/a><\/p>\n","protected":false},"author":1,"featured_media":0,"comment_status":"closed","ping_status":"closed","sticky":false,"template":"","format":"standard","meta":{"ngg_post_thumbnail":0,"_monsterinsights_skip_tracking":false,"_monsterinsights_sitenote_active":false,"_monsterinsights_sitenote_note":"","_monsterinsights_sitenote_category":0,"footnotes":""},"categories":[89,107],"tags":[],"class_list":["post-2615","post","type-post","status-publish","format-standard","hentry","category-argenteuil","category-droit-des-femmes"],"_links":{"self":[{"href":"https:\/\/www.atmf.org\/index.php?rest_route=\/wp\/v2\/posts\/2615","targetHints":{"allow":["GET"]}}],"collection":[{"href":"https:\/\/www.atmf.org\/index.php?rest_route=\/wp\/v2\/posts"}],"about":[{"href":"https:\/\/www.atmf.org\/index.php?rest_route=\/wp\/v2\/types\/post"}],"author":[{"embeddable":true,"href":"https:\/\/www.atmf.org\/index.php?rest_route=\/wp\/v2\/users\/1"}],"replies":[{"embeddable":true,"href":"https:\/\/www.atmf.org\/index.php?rest_route=%2Fwp%2Fv2%2Fcomments&post=2615"}],"version-history":[{"count":1,"href":"https:\/\/www.atmf.org\/index.php?rest_route=\/wp\/v2\/posts\/2615\/revisions"}],"predecessor-version":[{"id":3290,"href":"https:\/\/www.atmf.org\/index.php?rest_route=\/wp\/v2\/posts\/2615\/revisions\/3290"}],"wp:attachment":[{"href":"https:\/\/www.atmf.org\/index.php?rest_route=%2Fwp%2Fv2%2Fmedia&parent=2615"}],"wp:term":[{"taxonomy":"category","embeddable":true,"href":"https:\/\/www.atmf.org\/index.php?rest_route=%2Fwp%2Fv2%2Fcategories&post=2615"},{"taxonomy":"post_tag","embeddable":true,"href":"https:\/\/www.atmf.org\/index.php?rest_route=%2Fwp%2Fv2%2Ftags&post=2615"}],"curies":[{"name":"wp","href":"https:\/\/api.w.org\/{rel}","templated":true}]}}