{"id":2626,"date":"2012-03-19T08:16:03","date_gmt":"2012-03-19T08:16:03","guid":{"rendered":"http:\/\/new.atmf.org\/?p=2626"},"modified":"2015-02-19T15:33:26","modified_gmt":"2015-02-19T14:33:26","slug":"un-autre-maghreb-est-possible-2","status":"publish","type":"post","link":"https:\/\/www.atmf.org\/?p=2626","title":{"rendered":"UN AUTRE MAGHREB EST POSSIBLE"},"content":{"rendered":"<p>Dans le cadre des pr\u00e9paratifs de la rencontre du 7 et 8 avril \u00e0 Oujda (fronti\u00e8re maroco-alg\u00e9rienne), les associations de l&rsquo;immigration* vous invitent \u00e0 participer \u00e0 la rencontre &#8211; d\u00e9bat sur la situation des migrants subsahariens au Maghreb et la question des fronti\u00e8res ferm\u00e9es entre l&rsquo;Alg\u00e9rie et le Maroc.<\/p>\n<p>RENCONTRE &#8211; D\u00c9BAT<\/p>\n<p>JEUDI 22 MARS 2012 de 19H \u00e0 21H<\/p>\n<p><b>Bourse du Travail, <\/b><\/p>\n<p>( 85 RUE CHARLOT<br \/>\n75003 PARIS<br \/>\nM\u00e9tro : R\u00e9publique &#8211; Filles du Calvaire)<\/p>\n<p><b>Intervenants<\/b> :<\/p>\n<p>Fabien Didier Y\u00e9n\u00e9, pr\u00e9sident du Collectif des communaut\u00e9s subsahariennes au Maroc (CCSM), auteur de \u00ab\u00a0Migrant au pied du mur\u00a0\u00bb<\/p>\n<p>Camille Sari, \u00e9conomiste, auteur de \u00ab Alg\u00e9rie-Maroc : quelles convergences \u00e9conomiques ? \u00bb<\/p>\n<p>Willy Bayanga, pr\u00e9sident du Conseil des migrants-France.<\/p>\n<p>Bamba, coordination 75.<\/p>\n<p>Saddik Guitoune, coordination nationale Alif, CSP-92<\/p>\n<p>D\u00e9bat anim\u00e9 par Mouhieddine Cherbib<\/p>\n<p><iframe loading=\"lazy\" title=\"H\u00e9di Guella\/Babour Zammar\/\" frameborder=\"0\" width=\"500\" height=\"375\" src=\"https:\/\/geo.dailymotion.com\/player.html?video=x76xsg&#038;\" allowfullscreen allow=\"autoplay; fullscreen; picture-in-picture; web-share\"><\/iframe><\/p>\n<p>(En Hommage \u00e0 H\u00e9di Gulla, qui vient de nous quitter)<\/p>\n<p>&#8212;&#8212;&#8212;&#8212;&#8212;&#8212;&#8212;&#8212;&#8212;&#8212;&#8212;&#8212;&#8212;&#8212;<\/p>\n<p>* Association des Maghr\u00e9bins de France (ATMF), Association des Marocains en France (AMF), Association de d\u00e9fense des droits de l&rsquo;homme au Maroc (ASDHOM), Comit\u00e9 pour le respect des libert\u00e9s et des droits de l&rsquo;homme en Tunisie (CRLDHT), F\u00e9d\u00e9ration des Tunisiens pour une citoyennet\u00e9 des deux rives (FTCR), Association des Tunisiens en France (ATF), Association D\u00e9mocratique des Tunisiens en France (ADTF), Collectif des communaut\u00e9s subsahariennes au Maroc, Elhogra, Manifeste des libert\u00e9s, ATTAC, MRAP, FCMA, FCME, Coordination national des sans-papiers, Alif, CSP92, Immigration D\u00e9mocratie D\u00e9veloppement, Naoura -Belgique, Conseil des migrants-France, Union des Travailleurs Immigr\u00e9s Tunisiens-PIF.<\/p>\n<p>&#8212;&#8212;&#8212;&#8212;&#8211;<\/p>\n<p>Contacts :<\/p>\n<p>Driss el-Kerchi (ATMF) : 0622504800<\/p>\n<p>Mouhieddine Cherbib (FTCR) : 0615577914<\/p>\n<p>Tewfik Allal (Manifeste des libert\u00e9s) : 06 81 60 65 43<\/p>\n","protected":false},"excerpt":{"rendered":"<p>Dans le cadre des pr\u00e9paratifs de la rencontre du 7 et 8 avril \u00e0 Oujda (fronti\u00e8re maroco-alg\u00e9rienne), les associations de l&rsquo;immigration* vous invitent \u00e0 participer \u00e0 la rencontre &#8211; d\u00e9bat sur la situation des migrants subsahariens au Maghreb et la &hellip; <a href=\"https:\/\/www.atmf.org\/?p=2626\">Continue reading <span class=\"meta-nav\">&rarr;<\/span><\/a><\/p>\n","protected":false},"author":1,"featured_media":0,"comment_status":"closed","ping_status":"closed","sticky":false,"template":"","format":"standard","meta":{"ngg_post_thumbnail":0,"_monsterinsights_skip_tracking":false,"_monsterinsights_sitenote_active":false,"_monsterinsights_sitenote_note":"","_monsterinsights_sitenote_category":0,"footnotes":""},"categories":[79],"tags":[],"class_list":["post-2626","post","type-post","status-publish","format-standard","hentry","category-maghreb"],"_links":{"self":[{"href":"https:\/\/www.atmf.org\/index.php?rest_route=\/wp\/v2\/posts\/2626","targetHints":{"allow":["GET"]}}],"collection":[{"href":"https:\/\/www.atmf.org\/index.php?rest_route=\/wp\/v2\/posts"}],"about":[{"href":"https:\/\/www.atmf.org\/index.php?rest_route=\/wp\/v2\/types\/post"}],"author":[{"embeddable":true,"href":"https:\/\/www.atmf.org\/index.php?rest_route=\/wp\/v2\/users\/1"}],"replies":[{"embeddable":true,"href":"https:\/\/www.atmf.org\/index.php?rest_route=%2Fwp%2Fv2%2Fcomments&post=2626"}],"version-history":[{"count":1,"href":"https:\/\/www.atmf.org\/index.php?rest_route=\/wp\/v2\/posts\/2626\/revisions"}],"predecessor-version":[{"id":3300,"href":"https:\/\/www.atmf.org\/index.php?rest_route=\/wp\/v2\/posts\/2626\/revisions\/3300"}],"wp:attachment":[{"href":"https:\/\/www.atmf.org\/index.php?rest_route=%2Fwp%2Fv2%2Fmedia&parent=2626"}],"wp:term":[{"taxonomy":"category","embeddable":true,"href":"https:\/\/www.atmf.org\/index.php?rest_route=%2Fwp%2Fv2%2Fcategories&post=2626"},{"taxonomy":"post_tag","embeddable":true,"href":"https:\/\/www.atmf.org\/index.php?rest_route=%2Fwp%2Fv2%2Ftags&post=2626"}],"curies":[{"name":"wp","href":"https:\/\/api.w.org\/{rel}","templated":true}]}}