{"id":2633,"date":"2012-04-04T11:17:53","date_gmt":"2012-04-04T11:17:53","guid":{"rendered":"http:\/\/new.atmf.org\/?p=2633"},"modified":"2015-02-19T15:50:00","modified_gmt":"2015-02-19T14:50:00","slug":"inter-collectif-de-solidarite-avec-2","status":"publish","type":"post","link":"https:\/\/www.atmf.org\/?p=2633","title":{"rendered":"Inter-collectif de solidarit\u00e9 avec les luttes des peuples du monde arabe (Inter-co)"},"content":{"rendered":"<p>L\u2018inter-collectif est n\u00e9 \u00e0 l\u2019occasion des r\u00e9volutions populaires des peuples du monde arabe. Il s\u2019est form\u00e9 dans le prolongement de collectifs de chaque pays concern\u00e9 par ces mouvements.<\/p>\n<p>L\u2019inter-collectif a permis ainsi d\u2019engager des actions de solidarit\u00e9 regroupant \u00e0 la fois ces collectifs avec des associations, syndicats et partis politiques fran\u00e7ais.<\/p>\n<p>Ces soul\u00e8vements populaires t\u00e9moignent des aspirations profondes de ces peuples \u00e0 la d\u00e9mocratie, \u00e0 un \u00c9tat de droit, \u00e0 la Justice sociale, la souverainet\u00e9, la dignit\u00e9.<\/p>\n<p>Ces r\u00e9gimes issus du nationalisme arabe sont \u00e0 bout de souffle. Certains ont c\u00e9d\u00e9 comme la Tunisie, l\u2019\u00c9gypte et le Y\u00e9men par la pouss\u00e9e populaire ou sous les bombardements de l\u2019OTAN en ce qui concerne<br \/>\nla Libye. D\u2019autres, comme la Syrie, r\u00e9siste en employant la force et en menant une r\u00e9pression f\u00e9roce dans un contexte r\u00e9gional o\u00f9 se confrontent des strat\u00e9gies de puissance m\u00eal\u00e9es \u00e0 des contradictions<br \/>\nid\u00e9ologiques et religieuses. L\u2019Arabie Saoudite et le Qatar sont intervenus pour casser militairement le soul\u00e8vement au Bahre\u00efn. Dans d\u2019autres pays, comme au Maroc ou en Alg\u00e9rie, l\u2019exigence d\u00e9mocratique<br \/>\nreste puissante, m\u00eame si en l\u2019\u00e9tat, elle n\u2019a pas encore trouv\u00e9 de d\u00e9bouch\u00e9s politiques.<\/p>\n<p>L\u2019inter-collectif soutient tous ces mouvements d\u00e9mocratiques dans le monde arabe. Il s\u2019oppose \u00e0 toute intervention \u00e9trang\u00e8re. Il appuie toutes les forces progressistes dans ces pays face aux nouveaux pouvoirs qui tenteraient de s\u2019en prendre aux libert\u00e9s publiques et individuelles et notamment aux droits des<br \/>\nfemmes.<\/p>\n<p>Cette situation nouvelle qui pr\u00e9vaut dans cette r\u00e9gion nous interpelle tous. Quelle politique devra d\u00e9velopper la France dans cette r\u00e9gion du monde ?<br \/>\nEt d\u2019abord, en cette ann\u00e9e 2012, celle des 50 ans de l\u2019Ind\u00e9pendance de l\u2019Alg\u00e9rie et des 100 ans du Protectorat fran\u00e7ais sur le Maroc, la France se doit de reconna\u00eetre sa responsabilit\u00e9 dans les crimes d\u2019Etat<br \/>\ndans toute la p\u00e9riode du colonialisme perp\u00e9tu\u00e9s contre les peuples de la r\u00e9gion.<\/p>\n<p>Nous avons extrait cinq questions qui se rattachent aux grands domaines de la politique fran\u00e7aise et aux<br \/>\nattentes de ces peuples :<\/p>\n<p>&#8211; La question palestinienne<\/p>\n<p>&#8211; La Syrie<\/p>\n<p>&#8211; La politique d\u2019immigration<\/p>\n<p>&#8211; Les relations \u00e9conomiques<\/p>\n<p>&#8211; Les questions du nucl\u00e9aire au Moyen-Orient<\/p>\n<p><b>1. La question palestinienne<\/b><\/p>\n<p>C\u2019est le coeur de toutes les probl\u00e9matiques du Proche-Orient et de la conflictualit\u00e9 r\u00e9gionale et internationale.<br \/>\nVous engagerez-vous pour que la France prenne des initiatives pour en finir avec la politique de colonisation et d\u2019occupation des territoires palestiniens men\u00e9e par Isra\u00ebl ?<br \/>\nPrendrez-vous des initiatives, et lesquelles, pour que la France reconnaisse l\u2019\u00c9tat de Palestine, \u00e0 cot\u00e9 de l\u2019\u00c9tat d\u2019Isra\u00ebl, un \u00c9tat palestinien souverain, dans ses fronti\u00e8res de 1967, avec J\u00e9rusalem-Est pour capitale, et l\u2019application de la r\u00e9solution 194 qui pr\u00f4ne le droit au retour des r\u00e9fugi\u00e9s ?<br \/>\nSoutiendrez-vous l\u2019entr\u00e9e de plein droit de l\u2019\u00c9tat palestinien aux Nations-Unies ?<\/p>\n<p><b>2. La Syrie<\/b><\/p>\n<p>La situation en Syrie reste dramatique, un an apr\u00e8s le d\u00e9but des premi\u00e8res manifestations contre le r\u00e9gime de Bachar El Assad.<br \/>\nLa menace d\u2019une guerre civile grandit de jour en jour, qui pourrait avoir des cons\u00e9quences catastrophiques pour le peuple syrien entra\u00eenant le Liban dans cette spirale meurtri\u00e8re, et pousser \u00e0 une intervention militaire \u00e9trang\u00e8re.<br \/>\nFace \u00e0 cette situation et \u00e0 l\u2019impasse actuelle, l\u2019opposition reste divis\u00e9e et ne parvient pas \u00e0 se rassembler face au pouvoir. Les diff\u00e9rents courants de l\u2019opposition, m\u00eame si ils sont divis\u00e9s sur les modalit\u00e9s et les strat\u00e9gies, restent unanimes pour exiger la fin du r\u00e9gime de Bachar El assad.<br \/>\nLe Conseil de s\u00e9curit\u00e9 de l\u2019ONU, quant \u00e0 lui, reste incapable de surmonter ses divisions.<br \/>\nQuelles initiatives, quelles actions envisageriez-vous afin de mettre un terme \u00e0 la violence ? Quelles interventions la France pourrait-elle envisager pour la recherche d\u2019une solution politique qui \u00e9pargne le<br \/>\npeuple syrien de nouvelles violences et permette d\u2019assurer un changement de r\u00e9gime ?<\/p>\n<p><b>3. Politique d\u2019immigration<\/b><\/p>\n<p>Plusieurs pays des rives sud de la M\u00e9diterran\u00e9e, comme la Tunisie, le Maroc, la Libye ont pass\u00e9 des<br \/>\naccords avec l\u2019Union europ\u00e9enne pour assurer le contr\u00f4le des flux migratoires provenant de leur pays, des pays du Sahel, et des populations chass\u00e9es par la mis\u00e8re et les violences.<br \/>\nPar son dispositif, FRONTEX, l\u2019Union europ\u00e9enne s\u2019est assur\u00e9e, contre des aides financi\u00e8res, de l\u2019engagement de plusieurs de ces gouvernements pour la mise en oeuvre de cette politique de refoulement<br \/>\naux cons\u00e9quences souvent tragiques.<br \/>\nQue pr\u00e9conisez-vous comme politique en mati\u00e8re du droit \u00e0 la circulation des personnes et de l\u2019accueil des migrants en France ?<\/p>\n<p><b>4. Relations \u00e9conomiques<\/b><\/p>\n<p>L\u2019Union europ\u00e9enne et la France ont contract\u00e9 de nombreux accords avec les pays de la rive sud de la M\u00e9diterran\u00e9e.<br \/>\nTous les accords \u00e9conomiques ont \u00e9t\u00e9 d\u2019inspiration lib\u00e9rale, entra\u00eenant privatisation, baisse des d\u00e9penses publiques, exon\u00e9rations fiscales et sociales, pression sur les salaires et les droits sociaux\u2026<br \/>\nLes cons\u00e9quences sociales ont \u00e9t\u00e9 lourdes pour les peuples : ch\u00f4mage massif des jeunes, bas salaires, absence de protection sociale\u2026<br \/>\nPar ailleurs, plusieurs de ces pays supportent encore aujourd\u2019hui un poids financier consid\u00e9rable correspondant au montant de la dette, contract\u00e9e par les anciens dirigeants, comme en Tunisie et en \u00c9gypte.<br \/>\nQuelle politique d\u00e9velopperez-vous en mati\u00e8re de relations \u00e9conomiques entre la France, l\u2019Union europ\u00e9enne et ces pays ?<br \/>\n\u00cates-vous d\u2019accord avec la proposition avanc\u00e9e par de nombreuses associations de la soci\u00e9t\u00e9 civile, des syndicats pour un moratoire de la dette afin d\u2019en examiner l\u2019origine, moratoire pouvant aller jusqu\u2019\u00e0 son<br \/>\nannulation pour la partie de celle-ci reconnue comme n\u2019ayant \u00e9t\u00e9 profitable qu\u2019aux membres du pouvoir d\u00e9chu ?<\/p>\n<p>Quelles mesures prendrez-vous pour obliger les soci\u00e9t\u00e9s, dont le si\u00e8ge social est en France, \u00e0 respecter les droits syndicaux et sociaux dans le monde arabe ?<\/p>\n<p><b>5. Moyen-Orient : Zone d\u00e9nucl\u00e9aris\u00e9e<\/b><\/p>\n<p>Faire du Moyen-Orient, une zone d\u00e9nucl\u00e9aris\u00e9e est un objectif adopt\u00e9 par l\u2019Assembl\u00e9e g\u00e9n\u00e9rale de l\u2019ONU, dont la France.<br \/>\nOr, aujourd\u2019hui, existe \u00e0 la fois un risque de prolif\u00e9ration avec les tentatives suppos\u00e9es de l\u2019Iran de se doter de l\u2019arme nucl\u00e9aire et de l\u2019autre Isra\u00ebl qui poss\u00e8de un arsenal nucl\u00e9aire cons\u00e9quent.<br \/>\nPar ailleurs, d\u2019autres pays seraient en mesure de se lancer dans le processus d\u2019accession \u00e0 la puissance nucl\u00e9aire comme la Turquie, l\u2019Arabie Saoudite ou l\u2019\u00c9gypte.<br \/>\nQue pr\u00e9conisez-vous pour engager une action afin d\u2019\u00e9liminer tout risque de prolif\u00e9ration et pour la suppression de tout arme nucl\u00e9aire existante dans cette r\u00e9gion ? D\u2019une mani\u00e8re plus g\u00e9n\u00e9rale, quelle est votre position sur l\u2019existence du nucl\u00e9aire fran\u00e7ais et les actions \u00e0 mener pour favoriser un d\u00e9sarmement nucl\u00e9aire au plan mondial ?<\/p>\n<p>NB: Le questionnaire adress\u00e9s aux candidats \u00e0 l&rsquo;\u00e9lection pr\u00e9sidentielle 2012.<br \/>\n\u00c0 Mesdames :<br \/>\nEva Joly<br \/>\nNathalie Arthaud<br \/>\net \u00e0 Messieurs :<br \/>\nPhilippe Poutou<br \/>\nJean-Luc M\u00e9lenchon<br \/>\nFran\u00e7ois Hollande<br \/>\nFran\u00e7ois Bayrou<br \/>\nNicolas Sarkozy<\/p>\n","protected":false},"excerpt":{"rendered":"<p>L\u2018inter-collectif est n\u00e9 \u00e0 l\u2019occasion des r\u00e9volutions populaires des peuples du monde arabe. Il s\u2019est form\u00e9 dans le prolongement de collectifs de chaque pays concern\u00e9 par ces mouvements. L\u2019inter-collectif a permis ainsi d\u2019engager des actions de solidarit\u00e9 regroupant \u00e0 la &hellip; <a href=\"https:\/\/www.atmf.org\/?p=2633\">Continue reading <span class=\"meta-nav\">&rarr;<\/span><\/a><\/p>\n","protected":false},"author":1,"featured_media":0,"comment_status":"closed","ping_status":"closed","sticky":false,"template":"","format":"standard","meta":{"ngg_post_thumbnail":0,"_monsterinsights_skip_tracking":false,"_monsterinsights_sitenote_active":false,"_monsterinsights_sitenote_note":"","_monsterinsights_sitenote_category":0,"footnotes":""},"categories":[79],"tags":[],"class_list":["post-2633","post","type-post","status-publish","format-standard","hentry","category-maghreb"],"_links":{"self":[{"href":"https:\/\/www.atmf.org\/index.php?rest_route=\/wp\/v2\/posts\/2633","targetHints":{"allow":["GET"]}}],"collection":[{"href":"https:\/\/www.atmf.org\/index.php?rest_route=\/wp\/v2\/posts"}],"about":[{"href":"https:\/\/www.atmf.org\/index.php?rest_route=\/wp\/v2\/types\/post"}],"author":[{"embeddable":true,"href":"https:\/\/www.atmf.org\/index.php?rest_route=\/wp\/v2\/users\/1"}],"replies":[{"embeddable":true,"href":"https:\/\/www.atmf.org\/index.php?rest_route=%2Fwp%2Fv2%2Fcomments&post=2633"}],"version-history":[{"count":1,"href":"https:\/\/www.atmf.org\/index.php?rest_route=\/wp\/v2\/posts\/2633\/revisions"}],"predecessor-version":[{"id":3306,"href":"https:\/\/www.atmf.org\/index.php?rest_route=\/wp\/v2\/posts\/2633\/revisions\/3306"}],"wp:attachment":[{"href":"https:\/\/www.atmf.org\/index.php?rest_route=%2Fwp%2Fv2%2Fmedia&parent=2633"}],"wp:term":[{"taxonomy":"category","embeddable":true,"href":"https:\/\/www.atmf.org\/index.php?rest_route=%2Fwp%2Fv2%2Fcategories&post=2633"},{"taxonomy":"post_tag","embeddable":true,"href":"https:\/\/www.atmf.org\/index.php?rest_route=%2Fwp%2Fv2%2Ftags&post=2633"}],"curies":[{"name":"wp","href":"https:\/\/api.w.org\/{rel}","templated":true}]}}