{"id":2634,"date":"2012-04-04T23:10:35","date_gmt":"2012-04-04T23:10:35","guid":{"rendered":"http:\/\/new.atmf.org\/?p=2634"},"modified":"2015-02-19T15:50:53","modified_gmt":"2015-02-19T14:50:53","slug":"bn-du-21-janvier-2012-cr-2","status":"publish","type":"post","link":"https:\/\/www.atmf.org\/?p=2634","title":{"rendered":"Compte rendu du Bureau National du samedi 21 janvier 2012"},"content":{"rendered":"<p>&lt;doc749|center&gt;<\/p>\n<p>R\u00e9union du Bureau national\/Commission congr\u00e8s<\/p>\n<p>Samedi 21 Janvier 2012<\/p>\n<p>Relev\u00e9 des d\u00e9cisions<\/p>\n<p>Pr\u00e9sents : HAMHAMI Fouzia \u2013 HAR Fatima &#8211; BENZIDIA Aziz\u2013 EL HADRACHI Laarbi \u2013 EL IDRISSI Nasser \u2013 FAOUZI Ahmed \u2013 NAOUMI Abderrahim \u2013 HOSNI Farid \u2013 NEMRI Mohamed<\/p>\n<p>Observateurs : TAIAU Mustafa, Hicham<\/p>\n<p>Excus\u00e9s : BRAUD Florence \u2013 BRETON Josette &#8211; BATLANI Nouredine<\/p>\n<p>Absents : MAHLOUL Nouredine- JAKKA Mohamed \u2013 MOUSSALI Abdelrani<\/p>\n<p>Le quorum est atteint<\/p>\n<p>Ordre du jour :<\/p>\n<p>I \u2013 Approbation du dernier compte-rendu<\/p>\n<p>Le dernier compte-rendu de la r\u00e9union du BN est approuv\u00e9 \u00e0 l\u2019unanimit\u00e9<\/p>\n<p>II \u2013 Informations des associations membres<\/p>\n<p>Argenteuil : Pose d\u2019une plaque comm\u00e9morative de Ali Ziri \u2013 Accompagnement de jeunes tunisiens sans papiers.<\/p>\n<p>Nancy : Organise le festival du Bout des Rives autour du 10 novembre 2012, sur le th\u00e8me \u00ab des droits des migrants vieillissants \u00bb. Il serait int\u00e9ressant que des associations membres s\u2019associent pour inviter des artistes, \u00e9ventuellement du Maghreb.<\/p>\n<p>Paris : 17 mars, manif \u00e0 Paris contre la discrimination et le colonialisme organis\u00e9e par le collectif \u00ab nous sommes d\u2019ailleurs et d\u2019ici \u00bb<\/p>\n<p>Bagneux : 8 f\u00e9vrier, manifestation de \u00ab 4 heures pour la paix \u00bb.<\/p>\n<p>Strasbourg : \u0152uvre avec d\u2019autres associations pour que la mairie inaugure une Place \u00e0 la m\u00e9moire des \u00e9v\u00e9nements du 17 oct. 1961.<\/p>\n<p>21 mars d\u00e9bat sur les migrants. En novembre 2012, une journ\u00e9e avec toutes les forces qui ont soutenues les r\u00e9volutions \u00ab maghreb mashreq \u00bb.<\/p>\n<p>Aix : 17 d\u00e9c. 2011, journ\u00e9e pour c\u00e9l\u00e9brer les r\u00e9volutions arabes.<\/p>\n<p>III \u2013 11\u00e8me Congr\u00e8s<\/p>\n<p>Le samedi 26, dimanche 27 et lundi (matin) 28 mai 2012. Le lieu est confirm\u00e9 : Paris ( m\u00eame local ou s\u2019est d\u00e9roul\u00e9 notre 30 \u00e8me anniversaire).<\/p>\n<p>Th\u00e8me principal \u00e0 retenir : D\u00e9veloppement et consolidation des associations membres, mutualisation des moyens et des actions.<\/p>\n<p>Faire un bilan critique des actions de l\u2019ATMF nationale et des associations membres.<\/p>\n<p>Faire \u00e9merger des axes prioritaires sur lesquels nous travaillerons : Discrimination ? Migrants vieillissants ? \u2026<\/p>\n<p>Slogan du congr\u00e8s propos\u00e9 : \u00ab L\u2019 hogra (l\u2019humiliation), \u00e7a suffit : pour l\u2019\u00e9galit\u00e9 des droits et la libert\u00e9 \u00bb.<\/p>\n<p>D\u00e9cisions :<\/p>\n<p>1 \u2013 Le rapport moral et d\u2019activit\u00e9 :<\/p>\n<p>&#8211; Rapport global : Farid \u2013 Driss \u2013 Nasser et Ahmed<\/p>\n<p>&#8211; R\u00e9volutions arabes : Fatima et Fouzi<\/p>\n<p>&#8211; Mission Palestine :<\/p>\n<p>&#8211; T\u00e9moignage Maroc : Nasser et Abderrahim<\/p>\n<p>&#8211; Rencontre Nationale : Nasser<\/p>\n<p>&#8211; 30i\u00e8me anniversaire : Nasser et Abderrahim<\/p>\n<p>2 \u2013 Rapport financier : Radi<\/p>\n<p>3 \u2013 Commission pour mettre \u00e0 jour les statuts et le r\u00e8glement int\u00e9rieur : Larbi et Farid<\/p>\n<p>4 \u2013 Rapport d\u2019activit\u00e9 des associations membres : Nasser<\/p>\n<p>Les sections doivent envoyer les coupures de presse. Chaque section doit fournir un rapport synth\u00e9tique de 2 pages maximum. Nasser pourra se d\u00e9placer aux associations pour aider \u00e0 remplir des demandes de subventions en cours ou \u00e0 venir, et aider \u00e0 soutenir sur les documents \u00e0 transmettre au national.<\/p>\n<p>5 \u2013 Bilan financier des associations membres : Nasser<\/p>\n<p>Chaque association doit envoyer les bilans financiers des ann\u00e9es 2009 ; 2010 et 2011.<\/p>\n<p>6 \u2013 Projets de motions et orientations :<\/p>\n<p>&#8211; R\u00e9seau Femmes et projet Picri, Bilan et perspectives : Fouzia H<\/p>\n<p>&#8211; Texte sur les chibanis : Mohamed Ouchekradi, \u00e9tant un axe fondamental de notre combat, tous les militants et les personnes ressources peuvent s\u2019associer \u00e0 Mohamed pour \u00e9laborer ce texte.<\/p>\n<p>&#8211; Texte sur les discriminations, l\u2019islamophobie, \u00e9tat des lieux et propositions : Abderrahim<\/p>\n<p>&#8211; Texte sur les jeunes : Fouzi<\/p>\n<p>&#8211; D\u00e9veloppement et consolidation des associations membres, mutualisation des moyens et des actions : driss<\/p>\n<p>&#8211; Rapprochement avec les associations partenaires : Driss<\/p>\n<p>&#8211; Solidarit\u00e9 avec les pays le Maghreb et le proche orient : Fouzi et Fatima<\/p>\n<p>&#8211; Situation des migrants subsahariens dans le Maghreb : Driss<\/p>\n<p>PS : Les noms mentionn\u00e9s en face de chaque motion ne sont que des r\u00e9f\u00e9rents, tous les militants peuvent apporter leur collaboration \u00e0 l\u2019\u00e9laboration de ces motions.<\/p>\n<p>IV \u2013 Interpeller les candidats aux \u00e9lections pr\u00e9sidentielles<\/p>\n<p>Lettre ouverte aux candidats int\u00e9grant les points suivants : Driss et Nasser<\/p>\n<p>&#8211; Droit de vote des \u00e9trangers<\/p>\n<p>&#8211; Droits des chibanis<\/p>\n<p>&#8211; Situation des migrants subsahariens dans le Maghreb et le r\u00f4le du gouvernement fran\u00e7ais dans cette situation<\/p>\n<p>V \u2013 Situation financi\u00e8re et fonctionnement<\/p>\n<p>1 \u2013 Demandes de subvention :<\/p>\n<p>L\u2019ATMF nationale n\u2019a pas su diversifier ses ressources financi\u00e8res, elle a un seul financeur, l\u2019ACSE.<\/p>\n<p>Une rencontre avec l\u2019ACSE a eu lieu le 18 janvier 2012. L\u2019ACSE attend le rapport d\u2019\u00e9valuation de la convention triennale des trois ann\u00e9es pr\u00e9c\u00e9dentes, et le rapport de l\u2019audit que l\u2019ATMF a subi pour prendre des d\u00e9cisions.<\/p>\n<p>Pour diversifier son financement, nous avons d\u00e9pos\u00e9 3 dossiers \u00e0 l\u2019ACSE, \u00e0 la mairie de Paris et au conseil r\u00e9gional. D\u2019autres pistes de financement sont explor\u00e9es : Fond europ\u00e9en, dossiers ponctuels.<\/p>\n<p>Actuellement, l\u2019association n\u2019a pas les moyens de fonctionner. Un pr\u00eat de 15 000 \u20ac est contract\u00e9 aupr\u00e8s de l\u2019ATMF d\u2019Argenteuil. Une demande de pr\u00eat bancaire sera d\u00e9pos\u00e9e. En attendant, les associations membres sont sollicit\u00e9es pour apporter un soutien au national soit sous forme de pr\u00eat soit sous forme don.<\/p>\n<p>2 \u2013 Remboursement de la somme de 10 000 \u20ac:<\/p>\n<p>Envoyer un courrier \u00e0 Mostafa (CALIMA), et Ali (ancien coordonateur), pour la r\u00e9gularisation de cette situation.<\/p>\n<p>VI \u2013 Divers :<\/p>\n<p>1) Le BN r\u00e9uni ce jour valide la r\u00e9int\u00e9gration enti\u00e8re de Mohamed ouchekradi au sein de l\u2019ATMF. Toutes les bonnes volont\u00e9s et les ressources sont les bienvenues.<\/p>\n<p>2) Suite aux absences r\u00e9p\u00e9t\u00e9es de Noureddine Mahloul, le BN charge le secr\u00e9taire adjoint, Ahmed Fouzi, de prendre en charge le poste de secr\u00e9taire national.<\/p>\n<p>VII \u2013Autres informations :<\/p>\n<p>1) 4 f\u00e9vrier 2012 : Rencontre \u00e0 Paris sur les migrants vieillissants<\/p>\n<p>2) 6,7, 8 avril 2012 : rencontre \u00e0 Oujda sur la situation des migrants subsahariens.<\/p>\n<p>3) 17, 18, 19 f\u00e9vrier 2012 : rencontre du comit\u00e9 de suivi du forum social maghr\u00e9bin<\/p>\n<p>VIII \u2013 Prochaine r\u00e9union :<\/p>\n<p>Prochaine r\u00e9union du CA : Samedi 24 mars 2012 \u00e0 14h<\/p>\n<p>Le pr\u00e9sident, driss elkherchi<\/p>\n","protected":false},"excerpt":{"rendered":"<p>&lt;doc749|center&gt; R\u00e9union du Bureau national\/Commission congr\u00e8s Samedi 21 Janvier 2012 Relev\u00e9 des d\u00e9cisions Pr\u00e9sents : HAMHAMI Fouzia \u2013 HAR Fatima &#8211; BENZIDIA Aziz\u2013 EL HADRACHI Laarbi \u2013 EL IDRISSI Nasser \u2013 FAOUZI Ahmed \u2013 NAOUMI Abderrahim \u2013 HOSNI Farid \u2013 &hellip; <a href=\"https:\/\/www.atmf.org\/?p=2634\">Continue reading <span class=\"meta-nav\">&rarr;<\/span><\/a><\/p>\n","protected":false},"author":1,"featured_media":0,"comment_status":"closed","ping_status":"closed","sticky":false,"template":"","format":"standard","meta":{"ngg_post_thumbnail":0,"_monsterinsights_skip_tracking":false,"_monsterinsights_sitenote_active":false,"_monsterinsights_sitenote_note":"","_monsterinsights_sitenote_category":0,"footnotes":""},"categories":[1],"tags":[],"class_list":["post-2634","post","type-post","status-publish","format-standard","hentry","category-non-classe"],"_links":{"self":[{"href":"https:\/\/www.atmf.org\/index.php?rest_route=\/wp\/v2\/posts\/2634","targetHints":{"allow":["GET"]}}],"collection":[{"href":"https:\/\/www.atmf.org\/index.php?rest_route=\/wp\/v2\/posts"}],"about":[{"href":"https:\/\/www.atmf.org\/index.php?rest_route=\/wp\/v2\/types\/post"}],"author":[{"embeddable":true,"href":"https:\/\/www.atmf.org\/index.php?rest_route=\/wp\/v2\/users\/1"}],"replies":[{"embeddable":true,"href":"https:\/\/www.atmf.org\/index.php?rest_route=%2Fwp%2Fv2%2Fcomments&post=2634"}],"version-history":[{"count":1,"href":"https:\/\/www.atmf.org\/index.php?rest_route=\/wp\/v2\/posts\/2634\/revisions"}],"predecessor-version":[{"id":3307,"href":"https:\/\/www.atmf.org\/index.php?rest_route=\/wp\/v2\/posts\/2634\/revisions\/3307"}],"wp:attachment":[{"href":"https:\/\/www.atmf.org\/index.php?rest_route=%2Fwp%2Fv2%2Fmedia&parent=2634"}],"wp:term":[{"taxonomy":"category","embeddable":true,"href":"https:\/\/www.atmf.org\/index.php?rest_route=%2Fwp%2Fv2%2Fcategories&post=2634"},{"taxonomy":"post_tag","embeddable":true,"href":"https:\/\/www.atmf.org\/index.php?rest_route=%2Fwp%2Fv2%2Ftags&post=2634"}],"curies":[{"name":"wp","href":"https:\/\/api.w.org\/{rel}","templated":true}]}}