{"id":2643,"date":"2012-05-03T14:10:31","date_gmt":"2012-05-03T14:10:31","guid":{"rendered":"http:\/\/new.atmf.org\/?p=2643"},"modified":"2015-02-20T13:46:57","modified_gmt":"2015-02-20T12:46:57","slug":"1er-mai-2012-lancement-de-la1538-2","status":"publish","type":"post","link":"https:\/\/www.atmf.org\/?p=2643","title":{"rendered":"1er Mai 2012\u00a0: lancement de la campagne de r\u00e9gularisation des sans papiers(e) au Maroc\u00a0: \u00a0"},"content":{"rendered":"<p>C\u2019est sous cette banderole et pour cette revendication que le CMM a manifest\u00e9 aujourd\u2019hui 1 mai 2012 depuis sa cr\u00e9ation en 2005, apr\u00e8s la trag\u00e9die de Ceuta et M\u00e9lilia.<\/p>\n<p>Plus de 160 personnes venues de Casa, Mohammedia, Temara-Rabat \u2013Sale, F\u00e8s, Nador, Oujda femmes, enfants, hommes et des amis(e ) marocains ont d\u00e9fil\u00e9 avec la classe ouvri\u00e8re de la place Bab El Had jusqu\u2019au Parlement. L\u00e0, des femmes sans -papi\u00e8res ont exhorte les parlementaires de tous les partis politiques repr\u00e9sentant \u00e0 l\u2019Assembl\u00e9e Nationale, pour rappeler leur responsabilit\u00e9 sur la situation de \u00ab\u00a0survivance\u00a0\u00bb de leur quotidien. En fait, elles ont repris l\u2019essentiel du discours prononc\u00e9 par le porte- parole de notre Conseil \u00e0 la tribune syndicale avant le d\u00e9marrage du d\u00e9fil\u00e9.<\/p>\n<p>A cette occasion historique, nous saluons fraternellement les organisations syndicales ouvri\u00e8res et les associations des droits humains pour leur solidarit\u00e9 active envers les migrants(e) au Maroc.<br \/>\nNous saluons avec respect la lutte des peuples Marocain, Maghr\u00e9bin et \u00e0 travers le monde, contre les oligarchies \u00e9conomico-financi\u00e8res qui pillent les richesses de nos pays et nous poussent \u00e0 l\u2019errance, y compris par des guerres fratricides entre nos peuples avec la complicit\u00e9 coupable des gouvernants de nos pays.<\/p>\n<p>Nous renouvelons notre appel, solennellement, \u00e0 tous les \u00e9pris (e) de justice et les d\u00e9mocrates au Maroc, au Maghreb, dans nos pays d\u2019origine et partout dans le monde pour soutenir notre campagne de r\u00e9gularisation des sans papiers (e) au Maroc et dans tous les pays du Maghreb.<\/p>\n<p>Nous n\u2019acceptons plus la chasse \u00e0 l\u2019homme et la jungle urbaine que la police m\u00e8ne contre nous, partout, de jour comme de nuit.<\/p>\n<p>D\u00e9sormais \u00e0 partir de ce 1er mai 2012, nous nous organisons en r\u00e9seau de solidarit\u00e9 Sud-sud, Nord-sud. Car si aujourd\u2019hui nous \u00e9tions plus du triple de manifestant(e)s que ce que nous attendions, demain nous serons plus encore au Maroc, au Maghreb et ailleurs.<\/p>\n<p>Dans la d\u00e9marche de nos revendications et de nos objectifs essentiels\u00a0:<\/p>\n<p>1.Nous voulons porter plainte r\u00e9elle et symbolique contre les Etats de l\u2019Union Europ\u00e9enne pour \u00ab\u00a0traitement d\u00e9gradant et inhumain\u00a0\u00bb commis sur les personnes et\u00a0\/ ou sur les groupes de personnes\u00a0;<\/p>\n<p>2.Nous voulons \u00eatre r\u00e9gularis\u00e9s l\u00e9galement avec le respecte de nos droits fondamentaux\u00a0;<\/p>\n<p>3.Nous voulons un moratoire imm\u00e9diat contre les expulsions massives et \/ ou individuelles\u00a0;<br \/>\n4. Nous voulons que nos b\u00e9b\u00e9s et nos enfants abandonn\u00e9s, nos femmes enceintes, et nos malades soient soign\u00e9s comme tout \u00eatre\u00a0humain ;<br \/>\n5.Nous voulons que les ressortissants (e) oblig\u00e9s de se rendre \u00e0 Dakhla tous le trois mois pour le cachet sur leurs passeports puissent le faire aupr\u00e8s des autorit\u00e9s locales;<br \/>\n6.Nous voulons une d\u00e9claration solennelle des chefs d\u2019Etats maghr\u00e9bins et africains en termes d\u2019accueil et d\u2019hospitalit\u00e9, de g\u00e9n\u00e9rosit\u00e9 et de fraternit\u00e9, pour l\u2019acc\u00e8s \u00e0 l\u2019\u00e9galit\u00e9 des droits, pour toutes et tous, et pour le droit \u00e0 la libert\u00e9 de circuler et de s\u2019installer pour tous.<\/p>\n<p>Le conseil des Migrants \u2013 Maroc<br \/>\nContact Marcel AMIYETO<br \/>\nPorte \u2013parole<br \/>\n00212533812684<br \/>\n00212659065030<\/p>\n<p>&lt;img754|center&gt;<\/p>\n<p>&lt;img755|center&gt;<\/p>\n<p>&lt;img756|center&gt;<\/p>\n<p>&lt;img757|center&gt;<\/p>\n","protected":false},"excerpt":{"rendered":"<p>C\u2019est sous cette banderole et pour cette revendication que le CMM a manifest\u00e9 aujourd\u2019hui 1 mai 2012 depuis sa cr\u00e9ation en 2005, apr\u00e8s la trag\u00e9die de Ceuta et M\u00e9lilia. Plus de 160 personnes venues de Casa, Mohammedia, Temara-Rabat \u2013Sale, F\u00e8s, &hellip; <a href=\"https:\/\/www.atmf.org\/?p=2643\">Continue reading <span class=\"meta-nav\">&rarr;<\/span><\/a><\/p>\n","protected":false},"author":1,"featured_media":0,"comment_status":"closed","ping_status":"closed","sticky":false,"template":"","format":"standard","meta":{"ngg_post_thumbnail":0,"_monsterinsights_skip_tracking":false,"_monsterinsights_sitenote_active":false,"_monsterinsights_sitenote_note":"","_monsterinsights_sitenote_category":0,"footnotes":""},"categories":[82,79,43],"tags":[],"class_list":["post-2643","post","type-post","status-publish","format-standard","hentry","category-communiques","category-maghreb","category-sans-papiers"],"_links":{"self":[{"href":"https:\/\/www.atmf.org\/index.php?rest_route=\/wp\/v2\/posts\/2643","targetHints":{"allow":["GET"]}}],"collection":[{"href":"https:\/\/www.atmf.org\/index.php?rest_route=\/wp\/v2\/posts"}],"about":[{"href":"https:\/\/www.atmf.org\/index.php?rest_route=\/wp\/v2\/types\/post"}],"author":[{"embeddable":true,"href":"https:\/\/www.atmf.org\/index.php?rest_route=\/wp\/v2\/users\/1"}],"replies":[{"embeddable":true,"href":"https:\/\/www.atmf.org\/index.php?rest_route=%2Fwp%2Fv2%2Fcomments&post=2643"}],"version-history":[{"count":1,"href":"https:\/\/www.atmf.org\/index.php?rest_route=\/wp\/v2\/posts\/2643\/revisions"}],"predecessor-version":[{"id":3338,"href":"https:\/\/www.atmf.org\/index.php?rest_route=\/wp\/v2\/posts\/2643\/revisions\/3338"}],"wp:attachment":[{"href":"https:\/\/www.atmf.org\/index.php?rest_route=%2Fwp%2Fv2%2Fmedia&parent=2643"}],"wp:term":[{"taxonomy":"category","embeddable":true,"href":"https:\/\/www.atmf.org\/index.php?rest_route=%2Fwp%2Fv2%2Fcategories&post=2643"},{"taxonomy":"post_tag","embeddable":true,"href":"https:\/\/www.atmf.org\/index.php?rest_route=%2Fwp%2Fv2%2Ftags&post=2643"}],"curies":[{"name":"wp","href":"https:\/\/api.w.org\/{rel}","templated":true}]}}