{"id":2651,"date":"2012-06-14T17:18:02","date_gmt":"2012-06-14T17:18:02","guid":{"rendered":"http:\/\/new.atmf.org\/?p=2651"},"modified":"2015-02-20T14:21:28","modified_gmt":"2015-02-20T13:21:28","slug":"appel-des-associations-et-2","status":"publish","type":"post","link":"https:\/\/www.atmf.org\/?p=2651","title":{"rendered":"APPEL DES ASSOCIATIONS ET ORGANISATIONS POLITIQUES D\u00c9MOCRATIQUES TUNISIENNES"},"content":{"rendered":"<p>POUR L\u2019ARR\u00caT DES EXACTIONS DES SALAFISTES ET DES NERVIS ET CONTRE LES MENACES EXERC\u00c9ES SUR LES LIBERT\u00c9S EN TUNISIE<\/p>\n<p>POUR LA D\u00c9FENSE DES LIBERT\u00c9S INDIVIDUELLES<\/p>\n<p>CONTRE LA GUERRE DE RELIGION IMPOS\u00c9E PAR LES SALAFISTES<\/p>\n<p>Paris le 13 juin 2012,<\/p>\n<p>Les associations et organisations politiques d\u00e9mocratiques tunisiennes en France, appellent \u00e0 un rassemblement, pr\u00e9s de l\u2019Ambassade de Tunisie pour condamner les violences perp\u00e9tr\u00e9es simultan\u00e9ment, ces deux derniers jours, par des nervis et des groupes extr\u00e9mistes religieux.<\/p>\n<p>Apr\u00e8s avoir s\u00e9vi ces derniers temps, entre autres, contre les journalistes, les intellectuels, syndicalistes, les enseignants, les militants d\u00e9mocrates et les artistes, les salafistes et les nervis ont d\u00e9truit et lac\u00e9r\u00e9 des \u0153uvres d\u2019art, jug\u00e9es blasph\u00e9matoires, lors d\u2019une exposition intitul\u00e9e \u00ab le Printemps des Arts \u00bb au palais d\u2019Abdellia, \u00e0 la Marsa.<\/p>\n<p>Les violences se sont ensuite propag\u00e9es, dans les quartiers populaires de la ville de Tunis : Intilaka, Ettadhamen et Essijoumi, ainsi que dans les villes de la banlieue nord : La Marsa, Carthage et le Kram, semant la panique et le d\u00e9sarroi durant la nuit. Elles ont \u00e9galement atteint les gouvernorats de Jendouba, Sousse, Monastir et Tatouine. Suite \u00e0 quoi, un couvre-feu nocturne a \u00e9t\u00e9 institu\u00e9 \u00e0 Tunis et dans quatre r\u00e9gions.<\/p>\n<p>Ces groupes se sont aussi attaqu\u00e9s au Tribunal de Tunis \u00e0 Essejoumi, o\u00f9 ils ont incendi\u00e9 le bureau du procureur. A Jendouba, ville du nord-ouest tunisien, des groupes salafistes ont incendi\u00e9 le si\u00e8ge r\u00e9gional du syndicat U.G.T.T. (Union G\u00e9n\u00e9rale Tunisienne du Travail) et les si\u00e8ges de trois partis politiques : le parti communiste des ouvriers de Tunisie, le mouvement des patriotes d\u00e9mocrates et le parti r\u00e9publicain. Il faut rappeler que les groupes salafistes accompagn\u00e9s de casseurs, ont d\u00e9j\u00e0 attaqu\u00e9 \u00e0 Jendouba plusieurs locaux de la police et des d\u00e9bits de boissons alcoolis\u00e9es. Ces groupes b\u00e9n\u00e9ficient depuis plusieurs mois, d\u2019une r\u00e9elle impunit\u00e9, et ce malgr\u00e9 la gravit\u00e9 de leurs actes.<\/p>\n<p>Les signataires de cet appel d\u00e9noncent ces actes graves, attentatoires aux libert\u00e9s et \u00e0 la d\u00e9mocratie qui surviennent apr\u00e8s l&rsquo;appel, relay\u00e9 par des chefs salafistes tunisiens, du chef d&rsquo;al-Qa\u00efda, Aymen Adhawahiri, au soul\u00e8vement des Tunisiens pour l\u2019instauration de la Charia en Tunisie.<\/p>\n<p>Ils condamnent ceux qui appellent \u00e0 l\u2019affrontement religieux et qui utilisent ill\u00e9galement les mosqu\u00e9es comme bases arri\u00e8re, pour propager leurs discours haineux.<\/p>\n<p>Les signataires exigent du gouvernement, la prise de mesures urgentes, pour neutraliser ces semeurs de troubles, violents et intol\u00e9rants, qu&rsquo;ils soient d\u2019ailleurs, salafistes ou casseurs au service des contre-r\u00e9volutionnaires, et qui s\u2019attaquent \u00e0 tous ce qui ne partagent pas leurs convictions fascistes.<\/p>\n<p>Nous mettons en garde le gouvernement contre la poursuite de ces violences organis\u00e9es par des salafistes et des nervis, et lui rappelons qu\u2019il est le garant de la s\u00e9curit\u00e9 de toutes les personnes et les biens.<\/p>\n<p>Les signataires refusent que la Tunisie devienne un champ de bataille, ce qui aurait des cons\u00e9quences d\u00e9sastreuses pour le d\u00e9veloppement \u00e9conomique et r\u00e9affirment la n\u00e9cessaire ouverture de notre pays, au reste du monde.<\/p>\n<p>Les signataires appellent les d\u00e9mocrates et les d\u00e9fenseurs des droits de l\u2019homme tunisiens de Tunisie ou \u00e0 l&rsquo;\u00c9tranger, ainsi que nos amis Maghr\u00e9bins et Machrequins, Fran\u00e7ais et Europ\u00e9ens qui se sont mobilis\u00e9s avec nous pour chasser le dictateur Ben Ali, \u00e0 se mobiliser encore une fois, pour la d\u00e9fense de la tol\u00e9rance, des libert\u00e9s et de la d\u00e9mocratie en Tunisie.<\/p>\n<p>Cette mobilisation est urgente, pour contrecarrer les violences des salafistes, des casseurs et de leurs commanditaires et pour d\u00e9fendre les libert\u00e9s ; de cr\u00e9ation, de croyance et d\u2019expression, de presse, syndicale et associative.<\/p>\n<p>&#8211; POUR L\u2019ARR\u00caT DE LA VIOLENCE DES SALAFISTES ET DES NERVIS EN TUNISIE<\/p>\n<p>&#8211; POUR LE RESPECT DES LIBERT\u00c9S ET DES DROITS DE L\u2019HOMME EN TUNISIE<\/p>\n<p>&#8211; POUR LES OBJECTIFS DE LA R\u00c9VOLUTION : DIGNIT\u00c9, TRAVAIL ET LIBERT\u00c9<\/p>\n<p><b>VENDREDI 15 JUIN 2012 A PARTIR DE 18H30<\/b><\/p>\n<p>Pr\u00e9s de L&rsquo;AMBASSADE DE TUNISIE<\/p>\n<p>PLACE ANDRE TARDIEU SORTIE DU METRO ST. FRANCOIS XAVIER (ligne 13)<\/p>\n<p>&#8211; Premiers signataires:<\/p>\n<p>Association D\u00e9mocratique des Tunisiens en France (A.D.T.F.)<\/p>\n<p>Association Interculturelle de production, de Diffusion et de<br \/>\nDocumentation Audiovisuelles -(A.I.D.D.A.)<\/p>\n<p>Association des Tunisiennes et des Tunisiens en Suisse<\/p>\n<p>Association des Tunisiens du Nord de France (A.T.N.F.)<\/p>\n<p>Collectif Culture &#8211; Cr\u00e9ation &#8211; Citoyennet\u00e9 (Collectif 3C)<\/p>\n<p>Collectif des Femmes Tunisiennes<\/p>\n<p>Comit\u00e9 pour le Respect des Libert\u00e9s et des Droits de l&rsquo;Homme en Tunisie (C.R.L.D.H.T.)<\/p>\n<p>Ettakatol \/ France<\/p>\n<p>Courant R\u00e9formateur -P.D.P.<\/p>\n<p>F\u00e9d\u00e9ration des Tunisiens pour une Citoyennet\u00e9 des deux Rives ( F.T.C.R.)<\/p>\n<p>Association Filigrane<\/p>\n<p>Mouvement Citoyen des Tunisiens en France (M.C.T.F.)<\/p>\n<p>Mouvement des Patriotes D\u00e9mocrates (M.O.P.A.D. (Watad) \/<br \/>\nFrance )<\/p>\n<p>Parti Communiste des Ouvriers de Tunisie ( P.C.O.T.)<\/p>\n<p>Parti R\u00e9publicain &#8211; Tunisie<\/p>\n<p>R\u00e9seau Euro-Maghr\u00e9bin Culture et Citoyennet\u00e9 (R.E.M.C.C.)<\/p>\n<p>Union des Tunisiens pour une Action Citoyenne (U.T.A.C.)<\/p>\n<p>Union des Travailleurs Immigr\u00e9s Tunisiens (U.T.I.T.)<\/p>\n<p>W.D. 15<\/p>\n<p>Avec le soutien de :<\/p>\n<p>&#8211; Associations :<\/p>\n<p>Agir pour le changement et la d\u00e9mocratie en Alg\u00e9rie (A.C.D.A.)<\/p>\n<p>Association des Citoyens des Originaires de Turquie (A.C.O.R.T.)<\/p>\n<p>Association \u00c9galit\u00e9 Toulouse Mirail<\/p>\n<p>Association Marocaine des Droits de l&rsquo;Homme \/ Paris (A.M.D.H.)<\/p>\n<p>Association des Marocains en France (A.M.F.)<\/p>\n<p>Association des Familles des Prisonniers et Disparus Sahraoui (A.F.A.P.R.E.D.E.S.A. \/ France)<\/p>\n<p>Association de Soutien aux Droits de l&rsquo; Homme au Maroc (A.S.D.H.O.M.)<\/p>\n<p>Association des Travailleurs Maghr\u00e9bins en France (A.T.M.F.)<\/p>\n<p>Centre d&rsquo;\u00e9tudes et d&rsquo;initiatives de solidarit\u00e9 internationale (C.E.D.E.T.I.M)<\/p>\n<p>Centre Euro-M\u00e9diterran\u00e9en Migration et D\u00e9veloppement (E.M.C.E.M.O. \/ Pays-Bas)<\/p>\n<p>Collectif Nationale pour les Droits des Femmes<\/p>\n<p>Comit\u00e9 International de Soutien aux Syndicats Autonome (C.I.S.A.)<\/p>\n<p>Ensemble, Vivre, Travailler et Coop\u00e9rer (E.V.T.C.)<\/p>\n<p>Forum Citoyen -Monde Arabe (F.C.M.A).<\/p>\n<p>Forum Citoyennet\u00e9 Solidarit\u00e9 des Marocains en Europe (F.C.S.M.E.)<\/p>\n<p>Forum Palestine Citoyennet\u00e9<\/p>\n<p>Inter-collectif de Solidarit\u00e9 avec les Luttes des Peuples du Monde arabe (Inter-Co)<\/p>\n<p>Le Manifeste des Libert\u00e9s<\/p>\n<p>Ligue Fran\u00e7aise des Droits de l&rsquo; Homme (LDH)<\/p>\n<p>Mouvement pour une Citoyennet\u00e9 Active (M.C.A.)<\/p>\n<p>Mouvement de la Paix<\/p>\n<p>Na&rsquo;oura \/ Bruxelles<\/p>\n<p>R\u00e9seau Euro-M\u00e9diterran\u00e9en des Droits de l&rsquo; Homme (R.E.M.D.H.)<\/p>\n<p>SOS Migrants \/ Bruxelles<\/p>\n<p>V\u00e9rit\u00e9 et justice Pour l&rsquo;Alg\u00e9rie<\/p>\n<p>Parti de la Voie D\u00e9mocratique \/ Paris<\/p>\n<p>&#8211; Syndicats :<\/p>\n<p>C.F.D.T.<\/p>\n<p>C.G.T.<\/p>\n<p>Force Ouvri\u00e8re<\/p>\n<p>Union syndicale Solidaires.<\/p>\n<p>U.N.S.A.<\/p>\n<p>&#8211; Partis :<\/p>\n<p>Les Alternatifs<\/p>\n<p>Europe \u00c9cologie les Verts (E.E.L.V.)<\/p>\n<p>F\u00e9d\u00e9ration pour une Alternative Sociale et \u00c9cologique (F.A.S.E.)<\/p>\n<p>Gauche Unitaire (G.U.)<\/p>\n<p>Nouveau Parti Anti-capitaliste (N.P.A.)<\/p>\n<p>Parti Communiste Fran\u00e7ais (P.C.F.)<\/p>\n<p>Parti de Gauche (P.G.)<\/p>\n<p>Parti Socialiste (P.S.)<\/p>\n<p>&#8212;&#8212;&#8212;&#8212;&#8212;&#8212;&#8212;&#8212;&#8212;&#8212;&#8212;&#8212;&#8212;&#8212;<br \/>\nPour signer cette appel : t.benhiba@gmail.com<\/p>\n","protected":false},"excerpt":{"rendered":"<p>POUR L\u2019ARR\u00caT DES EXACTIONS DES SALAFISTES ET DES NERVIS ET CONTRE LES MENACES EXERC\u00c9ES SUR LES LIBERT\u00c9S EN TUNISIE POUR LA D\u00c9FENSE DES LIBERT\u00c9S INDIVIDUELLES CONTRE LA GUERRE DE RELIGION IMPOS\u00c9E PAR LES SALAFISTES Paris le 13 juin 2012, Les &hellip; <a href=\"https:\/\/www.atmf.org\/?p=2651\">Continue reading <span class=\"meta-nav\">&rarr;<\/span><\/a><\/p>\n","protected":false},"author":1,"featured_media":0,"comment_status":"closed","ping_status":"closed","sticky":false,"template":"","format":"standard","meta":{"ngg_post_thumbnail":0,"_monsterinsights_skip_tracking":false,"_monsterinsights_sitenote_active":false,"_monsterinsights_sitenote_note":"","_monsterinsights_sitenote_category":0,"footnotes":""},"categories":[79],"tags":[],"class_list":["post-2651","post","type-post","status-publish","format-standard","hentry","category-maghreb"],"_links":{"self":[{"href":"https:\/\/www.atmf.org\/index.php?rest_route=\/wp\/v2\/posts\/2651","targetHints":{"allow":["GET"]}}],"collection":[{"href":"https:\/\/www.atmf.org\/index.php?rest_route=\/wp\/v2\/posts"}],"about":[{"href":"https:\/\/www.atmf.org\/index.php?rest_route=\/wp\/v2\/types\/post"}],"author":[{"embeddable":true,"href":"https:\/\/www.atmf.org\/index.php?rest_route=\/wp\/v2\/users\/1"}],"replies":[{"embeddable":true,"href":"https:\/\/www.atmf.org\/index.php?rest_route=%2Fwp%2Fv2%2Fcomments&post=2651"}],"version-history":[{"count":1,"href":"https:\/\/www.atmf.org\/index.php?rest_route=\/wp\/v2\/posts\/2651\/revisions"}],"predecessor-version":[{"id":3362,"href":"https:\/\/www.atmf.org\/index.php?rest_route=\/wp\/v2\/posts\/2651\/revisions\/3362"}],"wp:attachment":[{"href":"https:\/\/www.atmf.org\/index.php?rest_route=%2Fwp%2Fv2%2Fmedia&parent=2651"}],"wp:term":[{"taxonomy":"category","embeddable":true,"href":"https:\/\/www.atmf.org\/index.php?rest_route=%2Fwp%2Fv2%2Fcategories&post=2651"},{"taxonomy":"post_tag","embeddable":true,"href":"https:\/\/www.atmf.org\/index.php?rest_route=%2Fwp%2Fv2%2Ftags&post=2651"}],"curies":[{"name":"wp","href":"https:\/\/api.w.org\/{rel}","templated":true}]}}