{"id":2652,"date":"2012-06-15T15:11:07","date_gmt":"2012-06-15T15:11:07","guid":{"rendered":"http:\/\/new.atmf.org\/?p=2652"},"modified":"2015-02-20T14:16:04","modified_gmt":"2015-02-20T13:16:04","slug":"atmf-strasbourg-le-samedi-16-juin-2","status":"publish","type":"post","link":"https:\/\/www.atmf.org\/?p=2652","title":{"rendered":"Rassemblement silencieux pour le peuple syrie"},"content":{"rendered":"<p>&lt;img770|center&gt;<br \/>\n<b>Rassemblement silencieux pour le peuple syrien<\/b><\/p>\n<p><b>Samedi 16 juin 2012 \u00e0 16h<\/b>, Place Kleber<\/p>\n<p>Afin de d\u00e9noncer les massacres perp\u00e9tr\u00e9s actuellement en Syrie, l\u2019inertie internationale et la banalisation de la situation qui s\u2019installe dans l\u2019esprit du public avec le triste d\u00e9compte du nombre des victimes, le Comit\u00e9 Syrien \u00e0 Strasbourg , compos\u00e9 d\u2019expatri\u00e9s syriens, appelle \u00e0 un rassemblement silencieux, le samedi 16 juin 2012 \u00e0 16h, Place Kleber.<\/p>\n<p>Venez nombreux apporter votre soutien au peuple syrien qui souffre pour d\u00e9fendre les valeurs universelles auxquelles il aspire. Les droits de l\u2019homme, la justice et la dignit\u00e9 humaine ne sont pas n\u00e9gociables.<\/p>\n<p>Un citoyen fran\u00e7ais d\u2019origine syrienne et vivant en Alsace vient d\u2019avoir la triste nouvelle : Sa maison \u00e0 Homs vient d\u2019\u00eatre d\u00e9truite alors que la famille de son fr\u00e8re s\u2019y \u00e9tait abrit\u00e9e apr\u00e8s avoir d\u00fb fuir leur propre quartier qui \u00e9tait la cible du r\u00e9gime. Un obus aveugle s\u2019est abattu sur la pi\u00e8ce principale\u2026sa famille s\u2019en est miraculeusement sortie mais les d\u00e9g\u00e2ts sont consid\u00e9rables et beaucoup de ses biens ont \u00e9t\u00e9 brul\u00e9s. Fuir et avoir la peur au ventre c\u2019est le quotidien des Syriens victimes d\u2019un r\u00e9gime sanguinaire.<br \/>\n&#8212;&#8212;&#8212;&#8212;&#8212;&#8212;&#8212;&#8212;&#8212;&#8212;&#8212;&#8212;&#8212;&#8212;&#8212;&#8212;&#8212;-<br \/>\nPour suivre l\u2019actualit\u00e9 Syrienne, consulter le compte Facebook de<br \/>\nla Communaut\u00e9 Syrienne \u00e0 Strasbourg : https:\/\/www.facebook.com\/SYRSTRAS<br \/>\n&#8212;&#8212;&#8212;&#8212;&#8212;&#8212;&#8212;&#8212;&#8212;&#8212;&#8212;&#8212;&#8212;&#8212;&#8212;<br \/>\nL\u2019ATMF Strasbourg soutient le Comit\u00e9 Syrien \u00e0 Strasbourg.<\/p>\n","protected":false},"excerpt":{"rendered":"<p>&lt;img770|center&gt; Rassemblement silencieux pour le peuple syrien Samedi 16 juin 2012 \u00e0 16h, Place Kleber Afin de d\u00e9noncer les massacres perp\u00e9tr\u00e9s actuellement en Syrie, l\u2019inertie internationale et la banalisation de la situation qui s\u2019installe dans l\u2019esprit du public avec le &hellip; <a href=\"https:\/\/www.atmf.org\/?p=2652\">Continue reading <span class=\"meta-nav\">&rarr;<\/span><\/a><\/p>\n","protected":false},"author":1,"featured_media":0,"comment_status":"closed","ping_status":"closed","sticky":false,"template":"","format":"standard","meta":{"ngg_post_thumbnail":0,"_monsterinsights_skip_tracking":false,"_monsterinsights_sitenote_active":false,"_monsterinsights_sitenote_note":"","_monsterinsights_sitenote_category":0,"footnotes":""},"categories":[80],"tags":[],"class_list":["post-2652","post","type-post","status-publish","format-standard","hentry","category-moyen-orient"],"_links":{"self":[{"href":"https:\/\/www.atmf.org\/index.php?rest_route=\/wp\/v2\/posts\/2652","targetHints":{"allow":["GET"]}}],"collection":[{"href":"https:\/\/www.atmf.org\/index.php?rest_route=\/wp\/v2\/posts"}],"about":[{"href":"https:\/\/www.atmf.org\/index.php?rest_route=\/wp\/v2\/types\/post"}],"author":[{"embeddable":true,"href":"https:\/\/www.atmf.org\/index.php?rest_route=\/wp\/v2\/users\/1"}],"replies":[{"embeddable":true,"href":"https:\/\/www.atmf.org\/index.php?rest_route=%2Fwp%2Fv2%2Fcomments&post=2652"}],"version-history":[{"count":1,"href":"https:\/\/www.atmf.org\/index.php?rest_route=\/wp\/v2\/posts\/2652\/revisions"}],"predecessor-version":[{"id":3359,"href":"https:\/\/www.atmf.org\/index.php?rest_route=\/wp\/v2\/posts\/2652\/revisions\/3359"}],"wp:attachment":[{"href":"https:\/\/www.atmf.org\/index.php?rest_route=%2Fwp%2Fv2%2Fmedia&parent=2652"}],"wp:term":[{"taxonomy":"category","embeddable":true,"href":"https:\/\/www.atmf.org\/index.php?rest_route=%2Fwp%2Fv2%2Fcategories&post=2652"},{"taxonomy":"post_tag","embeddable":true,"href":"https:\/\/www.atmf.org\/index.php?rest_route=%2Fwp%2Fv2%2Ftags&post=2652"}],"curies":[{"name":"wp","href":"https:\/\/api.w.org\/{rel}","templated":true}]}}