{"id":2657,"date":"2012-06-26T14:21:47","date_gmt":"2012-06-26T14:21:47","guid":{"rendered":"http:\/\/new.atmf.org\/?p=2657"},"modified":"2015-02-20T14:14:09","modified_gmt":"2015-02-20T13:14:09","slug":"rassemblement-non-a-l-expulsion-2","status":"publish","type":"post","link":"https:\/\/www.atmf.org\/?p=2657","title":{"rendered":"RASSEMBLEMENT NON A L&rsquo;EXPULSION HONTEUSE DE L&rsquo;ANCIEN PREMIER MINISTRE LIBYEN BAGHDADI MAHMOUDI PAR LE GOUVERNEMENT TUNISIEN"},"content":{"rendered":"<p>Les associations et organisations politiques signataires attach\u00e9es \u00e0 la d\u00e9fense des libert\u00e9s, de la d\u00e9mocratie et au respect des droits de l&rsquo;Homme d\u00e9noncent vigoureusement l&rsquo;extradition de l&rsquo;ancien premier ministre libyen par le gouvernement tunisien contre la volont\u00e9 expresse du pr\u00e9sident de la R\u00e9publique tunisienne.<\/p>\n<p>S&rsquo;il est certain que Mahmoudi en tant que dirigeant de notoire de la dictature de Kadhafi est responsable d\u2019innombrables crimes odieux commis contre le peuple libyen fr\u00e8re, il n&rsquo;en demeure pas moins qu&rsquo;il a droit comme tout un chacun a un proc\u00e8s \u00e9quitable o\u00f9 les r\u00e8gles du droit sont appliqu\u00e9s et respect\u00e9s ce qui n&rsquo;est pas le cas actuellement.<br \/>\nDe plus Mamoudi risque des mauvais traitements et la torture.<\/p>\n<p>Passant outre les appels des organisations nationales et internationales des droits de l&rsquo;Homme, le gouvernement a pr\u00e9f\u00e9r\u00e9 faire courir de graves risques \u00e0 une vie humaine et c\u00e9der \u00e0 des marchandages.<\/p>\n<p>Le gouvernement a choisit de passer en force et de provoquer une crise morale, institutionnelle et politique et tourner le dos aux acquis de la r\u00e9volution en mati\u00e8re de libert\u00e9, de d\u00e9mocratie et de respect des droits de l&rsquo;Homme.<\/p>\n<p>A l&rsquo;occasion de la visite du Premier Ministre en France, les signataires appellent \u00e0 un rassemblement et demandent qu&rsquo;une d\u00e9l\u00e9gation soit re\u00e7u pour exprimer de vive voix notre vive r\u00e9probation sur de tels pratiques qui ternissent l&rsquo;image de la Tunisie.<\/p>\n<p><b>RASSEMBLEMENT<br \/>\nLE JEUDI 28 JUIN 2012 \u00e0 18 heures<\/b><\/p>\n<p>Sortie du m\u00e9tro St Fran\u00e7ois Xavier (ligne 13)<\/p>\n<p>&#8212;&#8212;&#8212;&#8212;&#8212;&#8212;&#8212;&#8212;&#8212;&#8212;&#8212;&#8212;&#8212;&#8212;&#8211;<br \/>\n<b>Premiers signataires<\/b> : ADTF \u2013 AIDDA \u2013 ATNF \u2013 CETUMA \u2013 Collectif 3C &#8211; CRLDHT \u2013 Familia Tounsa &#8211; FILIGRANES &#8211; FTCR \u2013 MASSAR \/ France \u2013 Mouvement Citoyen des Tunisiens en France (MCTF) \u2013 MOPAD \/ FRANCE &#8211; PCOT &#8211; PARTI EL JAMHOURI \/ FRANCE &#8211; R\u00e9seau Euro-Maghr\u00e9bin Citoyennet\u00e9 et Culture (REMCC) \u2013 UTAC &#8211; UTIT &#8211; V\u00c9RIT\u00c9 ET JUSTICE POUR FARHAT HACHED<\/p>\n<p>Soutenu par : Les Alternatifs \u2013 ATMF \u2013 FASE \u2013 Le Manifeste des Libert\u00e9s &#8211; PCF &#8211; PCOF<\/p>\n","protected":false},"excerpt":{"rendered":"<p>Les associations et organisations politiques signataires attach\u00e9es \u00e0 la d\u00e9fense des libert\u00e9s, de la d\u00e9mocratie et au respect des droits de l&rsquo;Homme d\u00e9noncent vigoureusement l&rsquo;extradition de l&rsquo;ancien premier ministre libyen par le gouvernement tunisien contre la volont\u00e9 expresse du pr\u00e9sident &hellip; <a href=\"https:\/\/www.atmf.org\/?p=2657\">Continue reading <span class=\"meta-nav\">&rarr;<\/span><\/a><\/p>\n","protected":false},"author":1,"featured_media":0,"comment_status":"closed","ping_status":"closed","sticky":false,"template":"","format":"standard","meta":{"ngg_post_thumbnail":0,"_monsterinsights_skip_tracking":false,"_monsterinsights_sitenote_active":false,"_monsterinsights_sitenote_note":"","_monsterinsights_sitenote_category":0,"footnotes":""},"categories":[79],"tags":[],"class_list":["post-2657","post","type-post","status-publish","format-standard","hentry","category-maghreb"],"_links":{"self":[{"href":"https:\/\/www.atmf.org\/index.php?rest_route=\/wp\/v2\/posts\/2657","targetHints":{"allow":["GET"]}}],"collection":[{"href":"https:\/\/www.atmf.org\/index.php?rest_route=\/wp\/v2\/posts"}],"about":[{"href":"https:\/\/www.atmf.org\/index.php?rest_route=\/wp\/v2\/types\/post"}],"author":[{"embeddable":true,"href":"https:\/\/www.atmf.org\/index.php?rest_route=\/wp\/v2\/users\/1"}],"replies":[{"embeddable":true,"href":"https:\/\/www.atmf.org\/index.php?rest_route=%2Fwp%2Fv2%2Fcomments&post=2657"}],"version-history":[{"count":1,"href":"https:\/\/www.atmf.org\/index.php?rest_route=\/wp\/v2\/posts\/2657\/revisions"}],"predecessor-version":[{"id":3354,"href":"https:\/\/www.atmf.org\/index.php?rest_route=\/wp\/v2\/posts\/2657\/revisions\/3354"}],"wp:attachment":[{"href":"https:\/\/www.atmf.org\/index.php?rest_route=%2Fwp%2Fv2%2Fmedia&parent=2657"}],"wp:term":[{"taxonomy":"category","embeddable":true,"href":"https:\/\/www.atmf.org\/index.php?rest_route=%2Fwp%2Fv2%2Fcategories&post=2657"},{"taxonomy":"post_tag","embeddable":true,"href":"https:\/\/www.atmf.org\/index.php?rest_route=%2Fwp%2Fv2%2Ftags&post=2657"}],"curies":[{"name":"wp","href":"https:\/\/api.w.org\/{rel}","templated":true}]}}