{"id":2659,"date":"2012-07-01T00:03:33","date_gmt":"2012-07-01T00:03:33","guid":{"rendered":"http:\/\/new.atmf.org\/?p=2659"},"modified":"2015-02-20T15:30:48","modified_gmt":"2015-02-20T14:30:48","slug":"1er-congres-national-constitutif-2","status":"publish","type":"post","link":"https:\/\/www.atmf.org\/?p=2659","title":{"rendered":"1er Congr\u00e8s National Constitutif des Travailleurs Immigr\u00e9s du Maroc"},"content":{"rendered":"<p>Cher e s camarades et ami(e)s congressistes<\/p>\n<p>L&rsquo;ATMF vous salue tr\u00e8s chaleureusement.<\/p>\n<p>L&rsquo;ATMF salue le travail acharn\u00e9 des hommes et des femmes migrants.<\/p>\n<p>L&rsquo;ATMF salue la r\u00e9sistance et le combat des migrantes et migrants au<br \/>\nMaroc, r\u00e9sistance et combat malgr\u00e9 les intimidations dont vous \u00eates victimes, malgr\u00e9 le traitement inhumain, malgr\u00e9 les arrestations et la violence des autorit\u00e9s marocaines, malgr\u00e9 la chasse \u00e0 l&rsquo;homme dont les migrant e s sont victimes, malgr\u00e9 la traque telle des b\u00eates sauvages, malgr\u00e9 la chasse au noir, les ratonnades et les expulsions violentes.<\/p>\n<p>L&rsquo;ATMF salue le courage et le soutien des associations marocaines, des d\u00e9fenseurs des droits de l&rsquo;homme, qui ont toujours exprim\u00e9 leur soutien et leur solidarit\u00e9 avec les migrant(e)s au Maroc.<\/p>\n<p>L&rsquo;ATMF salue l&rsquo;acte fondateur de l&rsquo;action syndicale pos\u00e9e par l&rsquo;ODT, sa direction comme l&rsquo;ensemble de ses militantes et militants, pour int\u00e9grer en tant que partie int\u00e9grante la lutte des travailleuses et travailleurs migrant(e)s, au sein du mouvement syndical marocain.<\/p>\n<p>Nous en sommes fiers et cela nous honore tous.<\/p>\n<p>Nous esp\u00e9rons et nous appelons solennellement l&rsquo;ensemble des autres organisations syndicales ouvri\u00e8res marocaines \u00e0 organiser en leur sein la d\u00e9fense des travailleuses et des travailleurs sans distinction d&rsquo;origine, de nationalit\u00e9 ou de religion.<\/p>\n<p>Cela a \u00e9t\u00e9 l&rsquo;histoire que nous avons partag\u00e9e, nous en tant que populations maghr\u00e9bines \u00e0 l&rsquo;\u00e9tranger, avec d&rsquo;autres peuples et leurs forces d\u00e9mocratiques, pour exiger en Europe, l&rsquo;\u00e9galit\u00e9 des droits et une citoyennet\u00e9 \u00e0 part enti\u00e8re. Il est donc simplement normal que le peuple marocain et ses forces d\u00e9mocratiques agissent vis \u00e0 vis des migrants de la m\u00eame mani\u00e8re ici au Maroc.<\/p>\n<p>Nous avons tenu notre 11 \u00e8me congr\u00e8s, le mois dernier \u00e0 Paris avec pour slogan \u00a0\u00bb 30 ann\u00e9es de lutte pour l&rsquo;\u00e9galit\u00e9 des droits, citoyen n e \u00e0 part enti\u00e8re, aujourd&rsquo;hui plus que jamais\u00a0\u00bb. Lors de ce congr\u00e8s, nous avons adopt\u00e9 une motion sur les migrants qui appelait essentiellement \u00e0 :<\/p>\n<p>\uf0d8 l&rsquo;arr\u00eat imm\u00e9diat des expulsions et de la chasse \u00e0 l&rsquo;homme<\/p>\n<p>\uf0d8 le respect de la convention internationale des droits des migrants<\/p>\n<p>\uf0d8 la libert\u00e9 de circulation et d&rsquo;installation partout et pour tous<\/p>\n<p>\uf0d8 le respect de la dignit\u00e9 des migrantes, des migrants et de leurs enfants<\/p>\n<p>\uf0d8 la lutte contre toutes les formes de racisme et de discrimination dont sont victimes les migrants<\/p>\n<p>\uf0d8 la maghr\u00e9binisation des revendications.<\/p>\n<p>Comme vous le savez, des associations des migrants subsahariens, des associations marocaines, tunisiennes, alg\u00e9riennes, le forum social maghr\u00e9bin et des associations de l&rsquo;immigration en Europe, toutes ces forces organisent le 6\/7 octobre \u00e0 Oujda, une rencontre sur la situation des migrants et sur l&rsquo;ouverture des fronti\u00e8res. Vous \u00eates donc d&rsquo;ores et d\u00e9j\u00e0 cordialement et naturellement invit\u00e9s \u00e0 participer \u00e0 cette rencontre.<\/p>\n<p>Nous vous saluons tr\u00e8s fraternellement, et souhaitons les meilleurs r\u00e9sultats \u00e0 vos travaux de ce premier congr\u00e8s constitutif du collectif syndical des travailleurs immigr\u00e9s au Maroc (CSTIM).<\/p>\n<p>Le bureau national de l&rsquo;ATMF<\/p>\n<p>&#8212;&#8212;&#8212;&#8212;&#8212;&#8212;&#8212;&#8212;&#8212;&#8212;&#8212;&#8212;&#8212;&#8212;&#8212;&#8212;&#8212;-<br \/>\nAPPEL A LA PARTICIPATION.<\/p>\n<p>Le 1er Juillet 2012 se tiendra \u00e0 Rabat le 1er congr\u00e8s national des travailleurs (es) migrants (es) du Maroc organis\u00e9 par le Collectif des travailleurs immigr\u00e9s du Maroc membre de l\u2019Organisation D\u00e9mocratique du Travail en sigle ODT sur les droits des travailleurs migrants et les membres de leurs familles sous le th\u00e8me : \u00ab Nous aussi \u2026, nous avons des droits \u2026 \u00bb<\/p>\n<p>Cette rencontre a pour but d\u2019\u00e9tudier et d\u2019analyser la situation des travailleurs (es) migrants (es) du Maroc.<\/p>\n<p>Depuis de tr\u00e8s nombreuses ann\u00e9es ,les personnes migrantes venues des 4 coins du monde en g\u00e9n\u00e9ral et particuli\u00e8rement de l\u2019Afrique sub &#8211; saharienne travaillent dans plusieurs secteurs de l\u2019\u00e9conomie marocaine et participent au d\u00e9veloppement du tissu socio-\u00e9conomique du Royaume dans des domaines aussi vari\u00e9s que la construction, la communication, la restauration, l\u2019h\u00f4tellerie, la p\u00e2tisserie, la boulangerie, l\u2019enseignement (\u00e9cole priv\u00e9e), le m\u00e9nage ( domestique), l\u2019agriculture, la coiffure, la couture, la marbrerie, le sport, l\u2019artisanat, etc.\u2026 Malheureusement, ils n\u2019ont aucun droit et ne sont m\u00eame pas prot\u00e9g\u00e9s par la loi r\u00e9gissant les travailleurs selon la convention internationale sur les droits des travailleurs migrants et les membres de leur famille.<\/p>\n<p>Les femmes travailleuses migrantes sont particuli\u00e8rement vuln\u00e9rables \u00e0 l\u2019exploitation et aux mauvais traitements y compris la violence fond\u00e9e sur ce genre.<\/p>\n<p>Cette rencontre est aussi l\u2019occasion de r\u00e9fl\u00e9chir sur la place des travailleurs (es) migrants (es) au sein de la soci\u00e9t\u00e9 marocaine. La r\u00e9flexion entend \u00e9galement aborder la question de l\u2019immigration entre la politique migratoire et l\u2019apport des migrants au d\u00e9veloppement des pays d\u2019accueil (Royaume du Maroc).<\/p>\n<p>Quatre axes seront d\u00e9velopp\u00e9s au cours de ce congr\u00e8s par les intervenants \u00e0 savoir :<\/p>\n<p>\u2022 les droits des travailleurs migrants selon les conventions internationales et la l\u00e9gislation marocaine (code de travail marocain).<\/p>\n<p>\u2022 Les effets de la politique migratoire sur les travailleurs (es) immigr\u00e9s.<\/p>\n<p>\u2022 Les femmes travailleuses migrantes et l\u2019esclavage moderne (cas des domestiques).<\/p>\n<p>\u2022 L\u2019exploitation des migrants dans le travail pr\u00e9caire.<\/p>\n<p>Apr\u00e8s l\u2019audition de ces th\u00e8mes, les congressistes poursuivront les travaux dans les ateliers autog\u00e9r\u00e9s sur les th\u00e9matiques suivant :<\/p>\n<p>1. le d\u00e9veloppement des capacit\u00e9s scolaires et sociales des enfants des migrants au Maroc.<\/p>\n<p>2. Le Maroc riche de ses migrants.<\/p>\n<p>3. La probl\u00e9matique des travailleurs immigr\u00e9s du Maroc.<\/p>\n<p>Le Collectif des Travailleurs Immigr\u00e9s \/ ODT appelle tous les travailleurs, travailleuses, immigr\u00e9s du Maroc, les organisations des droits humains et d\u2019appui \u00e0 l\u2019immigration, des chercheurs universitaires, des \u00e9tudiants, \u00e9tudiantes, stagiaires, entrepreneurs, journalistes, refugi\u00e9s, demandeurs d\u2019asile, et toutes les personnes concern\u00e9es de venir participer \u00e0 ce 1er congr\u00e8s pour d\u00e9battre sur ces questions.<\/p>\n<p>&#8212;&#8212;&#8212;&#8212;&#8212;&#8212;&#8212;&#8212;&#8212;<br \/>\nContact : 0659065030 &amp; 0533812684<\/p>\n<p>Marcel AMIYETO<\/p>\n<p>Email : odt.travailleursimmigres@gmail.com<\/p>\n","protected":false},"excerpt":{"rendered":"<p>Cher e s camarades et ami(e)s congressistes L&rsquo;ATMF vous salue tr\u00e8s chaleureusement. L&rsquo;ATMF salue le travail acharn\u00e9 des hommes et des femmes migrants. L&rsquo;ATMF salue la r\u00e9sistance et le combat des migrantes et migrants au Maroc, r\u00e9sistance et combat malgr\u00e9 &hellip; <a href=\"https:\/\/www.atmf.org\/?p=2659\">Continue reading <span class=\"meta-nav\">&rarr;<\/span><\/a><\/p>\n","protected":false},"author":1,"featured_media":0,"comment_status":"closed","ping_status":"closed","sticky":false,"template":"","format":"standard","meta":{"ngg_post_thumbnail":0,"_monsterinsights_skip_tracking":false,"_monsterinsights_sitenote_active":false,"_monsterinsights_sitenote_note":"","_monsterinsights_sitenote_category":0,"footnotes":""},"categories":[82,79],"tags":[],"class_list":["post-2659","post","type-post","status-publish","format-standard","hentry","category-communiques","category-maghreb"],"_links":{"self":[{"href":"https:\/\/www.atmf.org\/index.php?rest_route=\/wp\/v2\/posts\/2659","targetHints":{"allow":["GET"]}}],"collection":[{"href":"https:\/\/www.atmf.org\/index.php?rest_route=\/wp\/v2\/posts"}],"about":[{"href":"https:\/\/www.atmf.org\/index.php?rest_route=\/wp\/v2\/types\/post"}],"author":[{"embeddable":true,"href":"https:\/\/www.atmf.org\/index.php?rest_route=\/wp\/v2\/users\/1"}],"replies":[{"embeddable":true,"href":"https:\/\/www.atmf.org\/index.php?rest_route=%2Fwp%2Fv2%2Fcomments&post=2659"}],"version-history":[{"count":1,"href":"https:\/\/www.atmf.org\/index.php?rest_route=\/wp\/v2\/posts\/2659\/revisions"}],"predecessor-version":[{"id":3371,"href":"https:\/\/www.atmf.org\/index.php?rest_route=\/wp\/v2\/posts\/2659\/revisions\/3371"}],"wp:attachment":[{"href":"https:\/\/www.atmf.org\/index.php?rest_route=%2Fwp%2Fv2%2Fmedia&parent=2659"}],"wp:term":[{"taxonomy":"category","embeddable":true,"href":"https:\/\/www.atmf.org\/index.php?rest_route=%2Fwp%2Fv2%2Fcategories&post=2659"},{"taxonomy":"post_tag","embeddable":true,"href":"https:\/\/www.atmf.org\/index.php?rest_route=%2Fwp%2Fv2%2Ftags&post=2659"}],"curies":[{"name":"wp","href":"https:\/\/api.w.org\/{rel}","templated":true}]}}