{"id":2665,"date":"2012-07-28T11:12:49","date_gmt":"2012-07-28T11:12:49","guid":{"rendered":"http:\/\/new.atmf.org\/?p=2665"},"modified":"2015-02-20T14:25:48","modified_gmt":"2015-02-20T13:25:48","slug":"maroc-escalade-de-la-repression-2","status":"publish","type":"post","link":"https:\/\/www.atmf.org\/?p=2665","title":{"rendered":"MAROC : ESCALADE DE LA R\u00c9PRESSION"},"content":{"rendered":"<p>Depuis le 20 f\u00e9vrier 2011, des jeunes et des moins jeunes toutes couches sociales, convictions et appartenances politiques, syndicales, associatives, personnelles. Confondues descendent r\u00e9guli\u00e8rement dans les rues de plusieurs villes du Maroc. C&rsquo;est toujours de mani\u00e8re pacifique qu&rsquo;ils expriment leur d\u00e9sir de libert\u00e9, de dignit\u00e9 et de d\u00e9mocratie. Ils ne veulent rien l\u00e2cher pour que l\u2019avenir de leur pays profite \u00e0 sa jeunesse, pour que soit \u00e9radiqu\u00e9 tout signe de soumission et de m\u00e9pris des peuples.<\/p>\n<p>Le pouvoir marocain, apr\u00e8s avoir cr\u00e9\u00e9 l\u2019amalgame, instrumentalis\u00e9 les convictions de chacun, utilise de mani\u00e8re progressive sa politique de r\u00e9pression par l&rsquo;interm\u00e9diaire au d\u00e9but des baltagias et actuellement par une r\u00e9pression directe des forces de l&rsquo;ordre de mani\u00e8re quasi syst\u00e9matique : hier \u00e0 Tanger ou Fes, un autre jour \u00e0 Rabat, aujourd&rsquo;hui \u00e0 Casablanca et dans diff\u00e9rents villages, arr\u00eatant des citoyens, des jeunes \u00e0 la veille de leurs examens de baccalaur\u00e9at, poursuivant des militants politiques ou de droits humains, les tabassant et laissant les marques de blessures et de violence que montre nettement. Un nombre important de vid\u00e9os circulant sur la toile<\/p>\n<p>Une s\u00e9rie de proc\u00e8s sont planifi\u00e9s, des proc\u00e8s iniques organis\u00e9es \u00e0 la va vite pour incarc\u00e9rer des jeunes. Est-ce cette escalade de violence et r\u00e9pression que l\u2019on constatait depuis octobre 2011 ? Au del\u00e0 du mouvement du 20 f\u00e9vrier, ce sont des attaques sauvages contre des populations de village qui vivent dans la quasi indiff\u00e9rence des pouvoirs publiques.<\/p>\n<p>Exploitant une situation internationale de violence innommable, le r\u00e9gime marocain proc\u00e8de dans le silence des opinions nationale et internationale \u00e0 une r\u00e9pression cibl\u00e9e par moments et g\u00e9n\u00e9ralis\u00e9e \u00e0 d&rsquo;autres.<\/p>\n<p>Ces derniers jours, \u00e0 la manifestation du 22 juillet 2012 dans le quartier populaire de Casablanca \u00e0 Sidi Elbernoussi, cette violence s&rsquo;est acc\u00e9l\u00e9r\u00e9e : des dizaines d&rsquo;arrestations et de bless\u00e9s, le quartier a \u00e9t\u00e9 quadrill\u00e9 par les forces de r\u00e9pression. D\u2019autres villes ont connu la m\u00eame escalade de violence comme c\u2019est le cas \u00e0 El Jadida.<\/p>\n<p>Le mois dernier, les 16 et 17 juin 2012 : encore une fois, parce que les habitants de Chlihat s&rsquo;\u00e9taient mobilis\u00e9s contre l\u2019oubli, le d\u00e9laissement et les investissements \u00e9trangers qui les ont abandonn\u00e9s, les forces de l\u2019ordre arrivent en force ont envahi ce village, traqu\u00e9 et arr\u00eat\u00e9 des jeunes, bouscul\u00e9 des femmes\u2026 Pr\u00e8s de 32 citoyens \u00e9taient jug\u00e9s ce 24 juillet 2012.<\/p>\n<p>Face \u00e0 ces attaques et cette r\u00e9pression \u00e0 r\u00e9p\u00e9tition que l\u2019on a toujours tent\u00e9 d\u2019occulter on ne peut plus dire aujourd\u2019hui, gr\u00e2ce aux nouvelles formes de communication, \u00ab on ne le savait pas \u00bb.<\/p>\n<p>Face \u00e0 cette recrudescence de la r\u00e9pression, la solidarit\u00e9 avec ses victimes est indispensable de m\u00eame que la condamnation des attaques sauvages et des arrestations de jeunes du mouvement du 20 f\u00e9vrier.<\/p>\n<p>Le principe d&rsquo;universalit\u00e9 des droits humains n\u00e9cessite de chaque personne \u00e9prise de libert\u00e9 et de droit \u00e0 d\u00e9noncer les atteintes \u00e0 la libert\u00e9 d&rsquo;expression dans chaque r\u00e9gion du monde o\u00f9 celle-ci est remise en cause.<\/p>\n<p><b>SOLIDARITE AVEC TOUTES LES VICTIMES DE LA REPRESSION<br \/>\nEXIGEONS LEUR LIBERATION IMM\u00c9DIATE<\/b><\/p>\n<p>Premiers signataires :<\/p>\n<p>&#8211; PADS-Europe-,<br \/>\n&#8211; ANNAHJ ADDIMOCRATI-Europe-,<br \/>\n&#8211; PSU -France-<br \/>\n&#8211; FTCR,<br \/>\n&#8211; AMF,<br \/>\n&#8211; ATMF,<br \/>\n&#8211; ASDHOM,<br \/>\n&#8211; FCSME,<br \/>\n&#8211; CRLDHT,<br \/>\n&#8211; FMVJ-France,<br \/>\n&#8211; AMDH Paris,<br \/>\n&#8211; FCMA,<br \/>\n&#8211; FORUM PALESTINE CITOYENNETE,<br \/>\n&#8211; MRAP,<br \/>\n&#8211; SOS Esclaves (Mauritanie),<br \/>\n&#8211; M20F-IF<br \/>\n&#8211; Union Syndicale Solidaire<br \/>\n&#8211; Europe Ecologie les Verts,<br \/>\n&#8211; FASE,<br \/>\n&#8211; Rouges Vifs 13,<br \/>\n&#8211; Mouvement pour une Alternative Sociale Ecologique et D\u00e9mocratique,<br \/>\n&#8211; Les Alternatifs,<br \/>\n&#8211; PCF<br \/>\n&#8211; PG<br \/>\n&#8211; NPA<\/p>\n","protected":false},"excerpt":{"rendered":"<p>Depuis le 20 f\u00e9vrier 2011, des jeunes et des moins jeunes toutes couches sociales, convictions et appartenances politiques, syndicales, associatives, personnelles. Confondues descendent r\u00e9guli\u00e8rement dans les rues de plusieurs villes du Maroc. C&rsquo;est toujours de mani\u00e8re pacifique qu&rsquo;ils expriment leur &hellip; <a href=\"https:\/\/www.atmf.org\/?p=2665\">Continue reading <span class=\"meta-nav\">&rarr;<\/span><\/a><\/p>\n","protected":false},"author":1,"featured_media":0,"comment_status":"closed","ping_status":"closed","sticky":false,"template":"","format":"standard","meta":{"ngg_post_thumbnail":0,"_monsterinsights_skip_tracking":false,"_monsterinsights_sitenote_active":false,"_monsterinsights_sitenote_note":"","_monsterinsights_sitenote_category":0,"footnotes":""},"categories":[79],"tags":[],"class_list":["post-2665","post","type-post","status-publish","format-standard","hentry","category-maghreb"],"_links":{"self":[{"href":"https:\/\/www.atmf.org\/index.php?rest_route=\/wp\/v2\/posts\/2665","targetHints":{"allow":["GET"]}}],"collection":[{"href":"https:\/\/www.atmf.org\/index.php?rest_route=\/wp\/v2\/posts"}],"about":[{"href":"https:\/\/www.atmf.org\/index.php?rest_route=\/wp\/v2\/types\/post"}],"author":[{"embeddable":true,"href":"https:\/\/www.atmf.org\/index.php?rest_route=\/wp\/v2\/users\/1"}],"replies":[{"embeddable":true,"href":"https:\/\/www.atmf.org\/index.php?rest_route=%2Fwp%2Fv2%2Fcomments&post=2665"}],"version-history":[{"count":1,"href":"https:\/\/www.atmf.org\/index.php?rest_route=\/wp\/v2\/posts\/2665\/revisions"}],"predecessor-version":[{"id":3365,"href":"https:\/\/www.atmf.org\/index.php?rest_route=\/wp\/v2\/posts\/2665\/revisions\/3365"}],"wp:attachment":[{"href":"https:\/\/www.atmf.org\/index.php?rest_route=%2Fwp%2Fv2%2Fmedia&parent=2665"}],"wp:term":[{"taxonomy":"category","embeddable":true,"href":"https:\/\/www.atmf.org\/index.php?rest_route=%2Fwp%2Fv2%2Fcategories&post=2665"},{"taxonomy":"post_tag","embeddable":true,"href":"https:\/\/www.atmf.org\/index.php?rest_route=%2Fwp%2Fv2%2Ftags&post=2665"}],"curies":[{"name":"wp","href":"https:\/\/api.w.org\/{rel}","templated":true}]}}