{"id":2667,"date":"2012-08-08T15:27:59","date_gmt":"2012-08-08T15:27:59","guid":{"rendered":"http:\/\/new.atmf.org\/?p=2667"},"modified":"2015-02-20T15:44:57","modified_gmt":"2015-02-20T14:44:57","slug":"la-sauvegarde-des-droits-des-2","status":"publish","type":"post","link":"https:\/\/www.atmf.org\/?p=2667","title":{"rendered":"APPEL A UN RASSEMBLEMENT POUR LA SAUVEGARDE DES DROITS DES FEMMES TUNISIENNES"},"content":{"rendered":"<p>Le 13 ao\u00fbt 1956, a eu lieu, la promulgation du Code du Statut Personnel (CSP), code qui fait toujours figure d\u2019exception et qui continue d\u2019occuper dans la r\u00e9gion arabe et maghr\u00e9bine une place tout \u00e0 fait \u00e0 part. Aucun des codes du statut personnel ou de la famille qui lui ont succ\u00e9d\u00e9 ne peut lui \u00eatre compar\u00e9.<\/p>\n<p>Lors des \u00e9lections de l\u2019Assembl\u00e9e Constituante du 23 octobre 2011, le code \u00e9lectoral a impos\u00e9 la parit\u00e9 sur les listes, ce qui constitue une premi\u00e8re dans le monde arabe et ailleurs.<\/p>\n<p>Mais aujourd\u2019hui, sous le gouvernement provisoire, et alors que la r\u00e9daction de la constitution est en cours, les droits et acquis de la femme tunisienne sont plus que jamais en danger.<\/p>\n<p>Dans une des versions de l\u2019article 27, vot\u00e9e par douze d\u00e9put\u00e9s d\u2019Ennahdha et deux du C.P.R, la femme est d\u00e9finie par rapport \u00e0 l\u2019homme, et non comme individu \u00e0 part enti\u00e8re. Elle est ainsi consid\u00e9r\u00e9e comme sa \u00ab partenaire \u00bb et son \u00ab compl\u00e9ment \u00bb.<\/p>\n<p>Farida LABIDI, d\u00e9put\u00e9e Ennahdha et pr\u00e9sidente de la commission Libert\u00e9s et droits, a m\u00eame dit qu\u2019il \u00ab n\u2019y avait pas d\u2019\u00e9galit\u00e9 absolue entre homme et femme \u00bb.<\/p>\n<p>On entend m\u00eame, parler ici et l\u00e0, d\u2019un possible retour de la polygamie. Et encore, ne parlons pas des salafistes qui font r\u00e9gner la terreur et qui se prennent pour les soldats de Dieu, un peu partout.<\/p>\n<p>Il est donc urgent d\u2019agir et de r\u00e9clamer haut et fort, une \u00e9galit\u00e9 parfaite entre les femmes et les hommes et d\u2019inscrire cette \u00e9galit\u00e9, dans le marbre de la constitution.<\/p>\n<p>Il faut dans la Tunisie post-r\u00e9volutionnaire, r\u00e9volutionner les mentalit\u00e9s : Apr\u00e8s avoir franchi le cap de la contraception et de l\u2019avortement, il serait grand temps d\u2019appliquer l\u2019\u00e9galit\u00e9 dans l\u2019h\u00e9ritage entre les femmes et les hommes et de dire qu\u2019\u00e0 devoirs \u00e9gaux, droits \u00e9gaux.<\/p>\n<p>Nous appelons donc, tous les d\u00e9mocrates, toutes les femmes et tous les hommes \u00e0 se rassembler le lundi 13 ao\u00fbt 2011 \u00e0 18H, \u00e0 la place Fontaine des Innocents (les Halles, 1er art.), pour d\u00e9fendre les droits et acquis des femmes et rappeler que plus de cinquante ans apr\u00e8s la promulgation du C.S.P, le combat est toujours d\u2019actualit\u00e9 pour \u00e9liminer toutes les formes de discrimination et de violence \u00e0 l\u2019\u00e9gard des femmes !<\/p>\n<p>En soutien avec les organisatrices et organisateurs de la manifestation du 13 ao\u00fbt \u00e0 Tunis, nous c\u00e9l\u00e9brons la \u00ab La Journ\u00e9e nationale de la femme \u00bb et d\u00e9dions ce rassemblement \u00e0 toutes les citoyennes et citoyens tunisiens et \u00e0 toutes et tous ceux qui luttent pour la r\u00e9alisation des objectifs de la R\u00e9volution et particuli\u00e8rement pour l&rsquo;\u00e9galit\u00e9 r\u00e9elle des droits entre les femmes et les hommes!<\/p>\n<p>&#8212; POUR LA D\u00c9FENSE DU DROIT DES FEMMES TUNISIENNES<br \/>\n&#8212; POUR L&rsquo;\u00c9GALIT\u00c9 R\u00c9ELLE DES DROITS FEMMES &#8211; HOMMES<br \/>\n&#8212; POUR LA D\u00c9FENSE DES LIBERT\u00c9S ET LE RESPECT DES DROITS DE L&rsquo;HOMME EN TUNISIE<\/p>\n<p><b>RASSEMBLEMENT LE LUNDI 13 AO\u00dbT 2012 A 18 H<\/b><\/p>\n<p>A PLACE DE LA FONTAINE DES INNOCENTS (pr\u00e9 du forum des Halles)<\/p>\n<p>M\u00e9tro : Ch\u00e2telet, les Halles<\/p>\n<p>&#8212;&#8212;&#8212;&#8212;&#8212;&#8212;&#8212;&#8212;&#8212;&#8212;&#8212;&#8212;&#8212;&#8212;&#8212;&#8212;&#8212;<br \/>\n<b>Premiers signataires<\/b> :<br \/>\n&#8211; AIDDA<br \/>\n&#8211; Collectif 3 C<br \/>\n&#8211; CRLDHT<br \/>\n&#8211; F.T.C.R.<br \/>\n&#8211; A.T.M.F<\/p>\n","protected":false},"excerpt":{"rendered":"<p>Le 13 ao\u00fbt 1956, a eu lieu, la promulgation du Code du Statut Personnel (CSP), code qui fait toujours figure d\u2019exception et qui continue d\u2019occuper dans la r\u00e9gion arabe et maghr\u00e9bine une place tout \u00e0 fait \u00e0 part. Aucun des &hellip; <a href=\"https:\/\/www.atmf.org\/?p=2667\">Continue reading <span class=\"meta-nav\">&rarr;<\/span><\/a><\/p>\n","protected":false},"author":1,"featured_media":0,"comment_status":"closed","ping_status":"closed","sticky":false,"template":"","format":"standard","meta":{"ngg_post_thumbnail":0,"_monsterinsights_skip_tracking":false,"_monsterinsights_sitenote_active":false,"_monsterinsights_sitenote_note":"","_monsterinsights_sitenote_category":0,"footnotes":""},"categories":[107,79],"tags":[],"class_list":["post-2667","post","type-post","status-publish","format-standard","hentry","category-droit-des-femmes","category-maghreb"],"_links":{"self":[{"href":"https:\/\/www.atmf.org\/index.php?rest_route=\/wp\/v2\/posts\/2667","targetHints":{"allow":["GET"]}}],"collection":[{"href":"https:\/\/www.atmf.org\/index.php?rest_route=\/wp\/v2\/posts"}],"about":[{"href":"https:\/\/www.atmf.org\/index.php?rest_route=\/wp\/v2\/types\/post"}],"author":[{"embeddable":true,"href":"https:\/\/www.atmf.org\/index.php?rest_route=\/wp\/v2\/users\/1"}],"replies":[{"embeddable":true,"href":"https:\/\/www.atmf.org\/index.php?rest_route=%2Fwp%2Fv2%2Fcomments&post=2667"}],"version-history":[{"count":1,"href":"https:\/\/www.atmf.org\/index.php?rest_route=\/wp\/v2\/posts\/2667\/revisions"}],"predecessor-version":[{"id":3380,"href":"https:\/\/www.atmf.org\/index.php?rest_route=\/wp\/v2\/posts\/2667\/revisions\/3380"}],"wp:attachment":[{"href":"https:\/\/www.atmf.org\/index.php?rest_route=%2Fwp%2Fv2%2Fmedia&parent=2667"}],"wp:term":[{"taxonomy":"category","embeddable":true,"href":"https:\/\/www.atmf.org\/index.php?rest_route=%2Fwp%2Fv2%2Fcategories&post=2667"},{"taxonomy":"post_tag","embeddable":true,"href":"https:\/\/www.atmf.org\/index.php?rest_route=%2Fwp%2Fv2%2Ftags&post=2667"}],"curies":[{"name":"wp","href":"https:\/\/api.w.org\/{rel}","templated":true}]}}