{"id":2668,"date":"2012-08-16T11:03:46","date_gmt":"2012-08-16T11:03:46","guid":{"rendered":"http:\/\/new.atmf.org\/?p=2668"},"modified":"2015-02-20T15:45:11","modified_gmt":"2015-02-20T14:45:11","slug":"communique-des-associations-et-des-2","status":"publish","type":"post","link":"https:\/\/www.atmf.org\/?p=2668","title":{"rendered":"Communiqu\u00e9 des associations et des organisations politiques d\u00e9mocratiques de l\u2019immigration marocaine en France"},"content":{"rendered":"<p>Depuis sa d\u00e9signation, suite \u00e0 la mascarade \u00e9lectorale l\u00e9gislative du 25 novembre 2011, la coalition gouvernementale, conduite par les islamistes du PJD, se r\u00e9v\u00e8le jour apr\u00e8s jour, un ex\u00e9cutant enthousiaste des politiques r\u00e9pressives, antid\u00e9mocratiques et antipopulaires du pouvoir Makhz\u00e9nien au Maroc.<\/p>\n<p>Sous pr\u00e9texte de r\u00e9tablir l\u2019autorit\u00e9 de l\u2019Etat, l\u2019Etat au Maroc m\u00e8ne une vraie politique r\u00e9pressive contre le peuple marocain et ses mouvements d\u00e9mocratiques, sociaux et populaires.<\/p>\n<p>L\u2019offensive r\u00e9pressive contre les mouvements protestataires pacifiques a atteint, ces derni\u00e8res semaines une grande escalade. Les arrestations arbitraires, les enl\u00e8vements, l\u2019atteinte au droit de manifester pacifiquement et l\u2019orchestration des tribunaux du pouvoir pour juger les militant-e-s du mouvement du 20 f\u00e9vrier, le mouvement des ch\u00f4meurs et d\u2019autres mouvements sociaux, syndicaux et politiques nous rappellent les phases sombres de l\u2019histoire r\u00e9cente de notre pays.<\/p>\n<p>Pire, les r\u00e9centes d\u00e9clarations d\u00e9magogiques du \u00ab chef du gouvernement marocain \u00bb se r\u00e9f\u00e9rant \u00e0 l\u2019islam et \u00ab au pardon de dieux \u00bb pour l\u00e9gitimer l\u2019impunit\u00e9 en faveur des crimes \u00e0 caract\u00e8re politiques et \u00e9conomiques sont tr\u00e8s inqui\u00e9tantes. Elles d\u00e9voilent non seulement la vraie nature antid\u00e9mocratique du r\u00e9gime mais \u00e9galement son incapacit\u00e9 de rompre avec son pass\u00e9 sanguinaire des ann\u00e9es de plomb. Elles constituent une machine arri\u00e8re en mati\u00e8re des droits humains et un recul sur les acquis arrach\u00e9s durant des d\u00e9cennies de luttes par l\u2019ensemble des d\u00e9mocrates marocains de l\u2019int\u00e9rieur comme de l\u2019ext\u00e9rieur du pays. Ces d\u00e9clarations, qui ont fait tomber le masque du PJD, tendent \u00e0 renforcer le despotisme du MAKHZEN et la corruption g\u00e9n\u00e9ralis\u00e9e \u00e0 toutes les \u00e9chelles de l\u2019appareil de l\u2019Etat marocain.<\/p>\n<p>Cette offensive intervient dans un contexte \u00e9conomique et sociale marqu\u00e9 par l\u2019aggravation de la mis\u00e8re et l\u2019appauvrissement du peuple marocain : Augmentation des tarifs des produits p\u00e9troliers qui a engendr\u00e9 une flamb\u00e9e des prix des denr\u00e9es alimentaires de premi\u00e8res n\u00e9cessit\u00e9s portant ainsi un coup cinglant au pouvoir d\u2019achat des larges couches de la population. L\u2019aggravation de l\u2019endettement du Maroc par un nouveau pr\u00eat de 6,2 milliard de dollars aupr\u00e8s du FMI ce qui renforcera d\u2019avantage la d\u00e9pendance de notre pays des institutions financi\u00e8res et des pays imp\u00e9rialistes. Atteinte au droit de gr\u00e8ve, \u00e0 la retraite, \u00e0 la gratuit\u00e9 de l\u2019enseignement public sup\u00e9rieur\u2026<\/p>\n<p>Face \u00e0 cette situation d\u00e9gradante que vit notre peuple, nous, associations et organisations politiques d\u00e9mocratiques marocaines agissant au sein de l\u2019immigration marocaine en France :<\/p>\n<p>&#8211; Saluons le succ\u00e8s et la r\u00e9ussite de la journ\u00e9e militante nationale du mouvement marocain du 20 f\u00e9vrier qui s\u2019est d\u00e9roul\u00e9e samedi 11 ao\u00fbt 2012 \u00e0 l\u2019initiative du Conseil National d\u2019Appui au Mouvement du 20 f\u00e9vrier et appuyons celle annonc\u00e9e pour la date du 26 ao\u00fbt 2012<\/p>\n<p>&#8211; Soutenons les luttes de notre peuple et de ses mouvements sociaux, syndicaux et politiques \u00e0 l\u2019int\u00e9rieur du Maroc<\/p>\n<p>&#8211; R\u00e9it\u00e9rons notre solidarit\u00e9 et notre soutien aux revendications de dignit\u00e9, libert\u00e9, \u00e9galit\u00e9, d\u00e9mocratie et justice sociale port\u00e9es par le mouvement marocain du 20 f\u00e9vrier \u00e0 l\u2019int\u00e9rieur comme \u00e0 l\u2019ext\u00e9rieur du Maroc<\/p>\n<p>&#8211; Exigeons l\u2019arr\u00eat imm\u00e9diat de la r\u00e9pression Makhz\u00e9nienne \u00e0 l\u2019encontre des forces militantes et d\u00e9mocratiques marocaines et la lib\u00e9ration de tous les d\u00e9tenus politiques marocains<\/p>\n<p>&#8211; Exigeons la traduction de tous les responsables, quel que soit leur rang et degr\u00e9 de responsabilit\u00e9, impliqu\u00e9s dans les crimes politiques et \u00e9conomiques qu\u2019avait connu et connait toujours notre pays, devant la justice pour y rendre compte.<\/p>\n<p>&#8211; Rejetons et refusons toute id\u00e9e ou mesure tendant \u00e0 la p\u00e9rennisation et la l\u00e9gitimation de l\u2019impunit\u00e9, quelle qu\u2019en soit la r\u00e9f\u00e9rence ou le pr\u00e9texte, \u00e0 l\u2019\u00e9gard des responsables des crimes \u00e0 caract\u00e8re politique ou \u00e9conomique<\/p>\n<p>&#8211; Revendiquons une juste r\u00e9partition des richesses dans notre pays, seul moyen efficace pour sortir notre peuple de l\u2019appauvrissement et de la mis\u00e8re dont il souffre actuellement<\/p>\n<p>&#8211; Exigeons l&rsquo;arr\u00eat de la violence et la discrimination des autorit\u00e9s marocaines contre les migrant-e-s subsahariens et leurs enfants, et l&rsquo;instauration de la libert\u00e9 de circulation et d&rsquo;installation pour tous.<\/p>\n<p>&#8211; Appelons les forces d\u00e9mocratiques Fran\u00e7aises \u00e0 soutenir nos luttes pour l\u2019av\u00e8nement d\u2019un Maroc libre et d\u00e9mocratique<\/p>\n<p>Paris le 16 ao\u00fbt 2012<br \/>\n&#8212;&#8212;&#8212;&#8212;&#8212;&#8212;&#8212;&#8212;&#8212;&#8212;-<br \/>\nSignataires :<br \/>\n&#8212; AMF<br \/>\n&#8212; ATMF<br \/>\n&#8212; ASDHOM<br \/>\n&#8212; FMVJ-France<br \/>\n&#8212; FCSME<br \/>\n&#8212; PADS-Europe<br \/>\n&#8212; Voie D\u00e9mocratique-Europe<br \/>\n&#8212; PSU-Europe<\/p>\n","protected":false},"excerpt":{"rendered":"<p>Depuis sa d\u00e9signation, suite \u00e0 la mascarade \u00e9lectorale l\u00e9gislative du 25 novembre 2011, la coalition gouvernementale, conduite par les islamistes du PJD, se r\u00e9v\u00e8le jour apr\u00e8s jour, un ex\u00e9cutant enthousiaste des politiques r\u00e9pressives, antid\u00e9mocratiques et antipopulaires du pouvoir Makhz\u00e9nien au &hellip; <a href=\"https:\/\/www.atmf.org\/?p=2668\">Continue reading <span class=\"meta-nav\">&rarr;<\/span><\/a><\/p>\n","protected":false},"author":1,"featured_media":0,"comment_status":"closed","ping_status":"closed","sticky":false,"template":"","format":"standard","meta":{"ngg_post_thumbnail":0,"_monsterinsights_skip_tracking":false,"_monsterinsights_sitenote_active":false,"_monsterinsights_sitenote_note":"","_monsterinsights_sitenote_category":0,"footnotes":""},"categories":[79],"tags":[],"class_list":["post-2668","post","type-post","status-publish","format-standard","hentry","category-maghreb"],"_links":{"self":[{"href":"https:\/\/www.atmf.org\/index.php?rest_route=\/wp\/v2\/posts\/2668","targetHints":{"allow":["GET"]}}],"collection":[{"href":"https:\/\/www.atmf.org\/index.php?rest_route=\/wp\/v2\/posts"}],"about":[{"href":"https:\/\/www.atmf.org\/index.php?rest_route=\/wp\/v2\/types\/post"}],"author":[{"embeddable":true,"href":"https:\/\/www.atmf.org\/index.php?rest_route=\/wp\/v2\/users\/1"}],"replies":[{"embeddable":true,"href":"https:\/\/www.atmf.org\/index.php?rest_route=%2Fwp%2Fv2%2Fcomments&post=2668"}],"version-history":[{"count":1,"href":"https:\/\/www.atmf.org\/index.php?rest_route=\/wp\/v2\/posts\/2668\/revisions"}],"predecessor-version":[{"id":3381,"href":"https:\/\/www.atmf.org\/index.php?rest_route=\/wp\/v2\/posts\/2668\/revisions\/3381"}],"wp:attachment":[{"href":"https:\/\/www.atmf.org\/index.php?rest_route=%2Fwp%2Fv2%2Fmedia&parent=2668"}],"wp:term":[{"taxonomy":"category","embeddable":true,"href":"https:\/\/www.atmf.org\/index.php?rest_route=%2Fwp%2Fv2%2Fcategories&post=2668"},{"taxonomy":"post_tag","embeddable":true,"href":"https:\/\/www.atmf.org\/index.php?rest_route=%2Fwp%2Fv2%2Ftags&post=2668"}],"curies":[{"name":"wp","href":"https:\/\/api.w.org\/{rel}","templated":true}]}}