{"id":2669,"date":"2012-08-18T12:33:47","date_gmt":"2012-08-18T12:33:47","guid":{"rendered":"http:\/\/new.atmf.org\/?p=2669"},"modified":"2012-08-18T12:33:47","modified_gmt":"2012-08-18T12:33:47","slug":"info-du-congres-a-juillet-2012-2","status":"publish","type":"post","link":"https:\/\/www.atmf.org\/?p=2669","title":{"rendered":"INFO (DU CONGRES A Juillet 2012 )"},"content":{"rendered":"<p>&#8211; Deux rencontres avec  l&rsquo;Acs\u00e9 :  la premi\u00e8re le 25 juin,  avec Nadia Benchikou, directrice, la seconde le 4 juillet, avec le  directeur g\u00e9n\u00e9ral et deux de ses collaborateurs, dont madame Benchikou; (la subvention  qui nous sera accord\u00e9e est de 70 000 euros)<br \/>\n&#8211; Participation \u00e0 la r\u00e9union pr\u00e9paratoire de la caravane des mineurs \u00e0 Douai, le, 29 mai<br \/>\n&#8211; Participation au rassemblement \u00e0 l&rsquo;appel de l&rsquo;AMMN, le 31 mai<br \/>\n&#8211; Participation \u00e0 Argenteuil au rassemblement  anniversaire d&rsquo;Ali Ziri, le 9 juin<br \/>\n-R\u00e9union des associations pour la pr\u00e9paration des rencontres d&rsquo;Oujda, le 15 juin<br \/>\n&#8211; Participation au rassemblement et prise de parole ATMF devant l&rsquo;ambassade de Tunisie (provocations des salafistes), le 15 juin<br \/>\n&#8211; Rencontre avec les charg\u00e9s de mission de la R\u00e9gion Ile de France, le 19 juin 2012 (suivi des demandes de subvention)<br \/>\n&#8211; R\u00e9union votation citoyenne \u00e0 la LDH rue Marcadet paris 18e, le 27 juin<br \/>\n&#8211; Participation au CA de Migreurop \u00e0 Cecina \/ fin juin<br \/>\n&#8211; R\u00e9union de travail ATMF et Gisti sur les discriminations  \u00e0 l&rsquo;encontre des cheminots marocains, le 20 juin<br \/>\n&#8211; Participation devant l&rsquo;ambassade du Maroc pour d\u00e9noncer la situation des migrants au Maroc(acharnement contre les subsahariens), le 21 juin<br \/>\n&#8211; Assembl\u00e9e g\u00e9n\u00e9rale Euromed France, le 23 juin. L&rsquo;ATMF fait partie du CA.<br \/>\n&#8211; Participation \u00e0 l&rsquo;inauguration (voir mot de l&rsquo;ATMF) du square Saint Bernard, Sa\u00efd Bouziri, le 23 juin<br \/>\n&#8211; Participation au rassemblement et prise de parole de l&rsquo;ATMF devant l&rsquo;ambassade d&rsquo;Alg\u00e9rie (arrestation de militants des droits de l&rsquo;homme), le 4 juillet<br \/>\n&#8211; Rencontre \u00e0 Perpignan le 29 juin autour de la question des Chibanis (voir communiqu\u00e9) &#8211;<br \/>\n&#8211; Organisation d&rsquo;un \u00e9change autour d&rsquo;un couscous \u00e0 l&rsquo;occasion du 50e anniversaire de l&rsquo;ind\u00e9pendance de l&rsquo;Alg\u00e9rie, si\u00e8ge social de l&rsquo;ATMF, en partenariat avec \u00ab\u00a0Sortir du Colonialisme\u00a0\u00bb, le 7 juillet.<br \/>\n &#8211;  Participation \u00e0 la rencontre organis\u00e9e par ACDA pour le 50\u00e8me anniversaire de l&rsquo;ind\u00e9pendance de l&rsquo;Alg\u00e9rie le 8 juillet.<br \/>\n&#8211; Rencontre avec le ministre d\u00e9l\u00e9gu\u00e9 du cabinet du ministre \u00e0 l&rsquo;\u00e9galit\u00e9 des territoires, le 9 juillet<br \/>\n&#8211; Mot pour le congr\u00e8s de la ODT (secteur migrants subsahariens)<br \/>\n&#8211; R\u00e9union du BN le samedi 16 juin ( relev\u00e9 de d\u00e9cisions \u00e0 suivre)<br \/>\n&#8211; 2 R\u00e9unions SN le 6 juin et le 9 juillet<br \/>\n&#8211; Rencontre au si\u00e8ge de l&rsquo;ATMF avec un groupe d&rsquo;\u00e9tudiants am\u00e9ricains qui \u00e9tudient au Maroc. Repas maghr\u00e9bin chez Sa\u00efda d&rsquo;Argenteuil, le 9 juillet<br \/>\n&#8211;  Participation au collectif Paix et  juste durable entre Palestiniens et Isra\u00e9liens tous les premiers mardis du mois.<br \/>\n&#8211; R\u00e9union votation citoyenne \u00e0 la LDH, le 27 juin<\/p>\n<p>Tunisie. Monastir. Forum social Maghreb\/ Machrek \u00e0 Monastir \/ 11 juillet &#8211; 18 juillet<\/p>\n<p>1\/ le 11 juillet : rencontre avec  Le pr\u00e9sident de la r\u00e9publique tunisienne Moncef  Marzouki (voir communiqu\u00e9)<\/p>\n<p>2\/ le 11 juillet : rencontre avec le secr\u00e9taire d&rsquo;Etat aux migrations et aux tunisiens \u00e0 l&rsquo;\u00e9tranger<\/p>\n<p>3 \/ Participation \u00e0 plusieurs ateliers et pl\u00e9ni\u00e8res<\/p>\n<p>4 \/ R\u00e9union du bureau de la CMODH<\/p>\n<p>5\/ R\u00e9union du groupe d&rsquo;association et pr\u00e9paration de la rencontre d&rsquo;Oujda des 5, 6 et 7 octobre<\/p>\n<p>6\/ Rencontre avec des syndicats marocains sur la question des Subsahariens<\/p>\n<p>7\/ L&rsquo;ATMF a \u00e9t\u00e9 sollicit\u00e9e par des m\u00e9dias tunisiens (journaux, TV, radios ..;)<\/p>\n<p>8\/ Rencontre avec  Kacem Afaya, (secr\u00e9taire g\u00e9n\u00e9ral de l&rsquo;UGTT) : \u00e9change pour un partenariat sur les droits des immigr\u00e9s, les chibanis, les subsahariens, BDS&#8230;..<\/p>\n<p>9\/ Rencontre avec Henri Isra\u00ebl, journaliste de la revue de la CFDT, et premier maire adjoint de Fresnes : rencontre sur la question des vieux migrants.<\/p>\n<p>10\/ Rencontre avec un ancien d\u00e9l\u00e9gu\u00e9 syndical \u00e0 la retraite, avec comme perspective la cr\u00e9ation d&rsquo;une association de retrait\u00e9s et veuves des  retrait\u00e9s et des ayant droits de Tunisie, comme premi\u00e8re \u00e9tape pour \u00e9largir cette initiative aux autres pays du Maghreb.<\/p>\n<p>Bon Ramadan &#1585;&#1605;&#1600;&#1600;&#1600;&#1590;&#1600;&#1600;&#1600;&#1575;&#1606; &#1605;&#1576;&#1600;&#1600;&#1600;&#1575;&#1585;&#1603; &#1608;&#1603;&#1600;&#1600;&#1600;&#1604; &#1593;&#1600;&#1600;&#1600;&#1575;&#1605; &#1608;&#1575;&#1606;&#1600;&#1600;&#1600;&#1578;&#1600;&#1600;&#1600;&#1605; &#1576;&#1600;&#1600;&#1600;&#1582;&#1610;&#1600;&#1600;&#1600;&#1600;&#1600;&#1585;<br \/>\n&#038;<br \/>\nBONNES VACANCES A TOUTES ET TOUS<\/p>\n","protected":false},"excerpt":{"rendered":"<p>&#8211; Deux rencontres avec l&rsquo;Acs\u00e9 : la premi\u00e8re le 25 juin, avec Nadia Benchikou, directrice, la seconde le 4 juillet, avec le directeur g\u00e9n\u00e9ral et deux de ses collaborateurs, dont madame Benchikou; (la subvention qui nous sera accord\u00e9e est de &hellip; <a href=\"https:\/\/www.atmf.org\/?p=2669\">Continue reading <span class=\"meta-nav\">&rarr;<\/span><\/a><\/p>\n","protected":false},"author":1,"featured_media":0,"comment_status":"closed","ping_status":"open","sticky":false,"template":"","format":"standard","meta":{"ngg_post_thumbnail":0,"_monsterinsights_skip_tracking":false,"_monsterinsights_sitenote_active":false,"_monsterinsights_sitenote_note":"","_monsterinsights_sitenote_category":0,"footnotes":""},"categories":[1],"tags":[],"class_list":["post-2669","post","type-post","status-publish","format-standard","hentry","category-non-classe"],"_links":{"self":[{"href":"https:\/\/www.atmf.org\/index.php?rest_route=\/wp\/v2\/posts\/2669","targetHints":{"allow":["GET"]}}],"collection":[{"href":"https:\/\/www.atmf.org\/index.php?rest_route=\/wp\/v2\/posts"}],"about":[{"href":"https:\/\/www.atmf.org\/index.php?rest_route=\/wp\/v2\/types\/post"}],"author":[{"embeddable":true,"href":"https:\/\/www.atmf.org\/index.php?rest_route=\/wp\/v2\/users\/1"}],"replies":[{"embeddable":true,"href":"https:\/\/www.atmf.org\/index.php?rest_route=%2Fwp%2Fv2%2Fcomments&post=2669"}],"version-history":[{"count":0,"href":"https:\/\/www.atmf.org\/index.php?rest_route=\/wp\/v2\/posts\/2669\/revisions"}],"wp:attachment":[{"href":"https:\/\/www.atmf.org\/index.php?rest_route=%2Fwp%2Fv2%2Fmedia&parent=2669"}],"wp:term":[{"taxonomy":"category","embeddable":true,"href":"https:\/\/www.atmf.org\/index.php?rest_route=%2Fwp%2Fv2%2Fcategories&post=2669"},{"taxonomy":"post_tag","embeddable":true,"href":"https:\/\/www.atmf.org\/index.php?rest_route=%2Fwp%2Fv2%2Ftags&post=2669"}],"curies":[{"name":"wp","href":"https:\/\/api.w.org\/{rel}","templated":true}]}}